{"id":1078520,"date":"2025-11-27T20:04:11","date_gmt":"2025-11-27T20:04:11","guid":{"rendered":"https:\/\/dimensionturistica.com\/es\/?p=1078520"},"modified":"2025-11-27T20:04:11","modified_gmt":"2025-11-27T20:04:11","slug":"17-anos-de-exitos-y-emociones-en-el-forum-mundo-imperial-donde-se-ilumina-el-escenario-del-pacifico","status":"publish","type":"post","link":"https:\/\/dimensionturistica.com\/es\/17-anos-de-exitos-y-emociones-en-el-forum-mundo-imperial-donde-se-ilumina-el-escenario-del-pacifico\/","title":{"rendered":"17 a\u00f1os de \u00e9xitos y emociones en el F\u00f3rum Mundo Imperial\u00a0 donde se ilumina el escenario del Pacifico"},"content":{"rendered":"\n<figure class=\"wp-block-gallery has-nested-images columns-default is-cropped wp-block-gallery-1 is-layout-flex wp-block-gallery-is-layout-flex\">\n<figure class=\"wp-block-image size-large\"><img decoding=\"async\" width=\"500\" height=\"148\" data-id=\"1078521\" src=\"https:\/\/dimensionturistica.com\/es\/wp-content\/uploads\/2025\/11\/1FORO.jpg\" alt=\"\" class=\"wp-image-1078521\" srcset=\"https:\/\/dimensionturistica.com\/es\/wp-content\/uploads\/2025\/11\/1FORO.jpg 500w, https:\/\/dimensionturistica.com\/es\/wp-content\/uploads\/2025\/11\/1FORO-300x89.jpg 300w\" sizes=\"(max-width: 500px) 100vw, 500px\" \/><\/figure>\n<\/figure>\n\n\n\n<figure class=\"wp-block-gallery has-nested-images columns-default is-cropped wp-block-gallery-2 is-layout-flex wp-block-gallery-is-layout-flex\">\n<figure class=\"wp-block-image size-large\"><img decoding=\"async\" width=\"500\" height=\"625\" data-id=\"1078525\" src=\"https:\/\/dimensionturistica.com\/es\/wp-content\/uploads\/2025\/11\/3FORO.jpg\" alt=\"\" class=\"wp-image-1078525\" srcset=\"https:\/\/dimensionturistica.com\/es\/wp-content\/uploads\/2025\/11\/3FORO.jpg 500w, https:\/\/dimensionturistica.com\/es\/wp-content\/uploads\/2025\/11\/3FORO-240x300.jpg 240w\" sizes=\"(max-width: 500px) 100vw, 500px\" \/><\/figure>\n<\/figure>\n\n\n\n<p>Hace diecisiete a\u00f1os naci\u00f3 un sue\u00f1o, un lugar donde la m\u00fasica, la luz y las emociones se funden para crear momentos que permanecen en la memoria de quienes los viven. As\u00ed comenz\u00f3 la historia de Forum Mundo Imperial, un recinto que transform\u00f3 la forma de disfrutar los espect\u00e1culos en M\u00e9xico y consolid\u00f3 a Acapulco como uno de los destinos culturales y de entretenimiento m\u00e1s vibrantes del pa\u00eds.<\/p>\n\n\n\n<figure class=\"wp-block-gallery has-nested-images columns-default is-cropped wp-block-gallery-3 is-layout-flex wp-block-gallery-is-layout-flex\">\n<figure class=\"wp-block-image size-large\"><img decoding=\"async\" width=\"500\" height=\"500\" data-id=\"1078527\" src=\"https:\/\/dimensionturistica.com\/es\/wp-content\/uploads\/2025\/11\/4FORO.jpg\" alt=\"\" class=\"wp-image-1078527\" srcset=\"https:\/\/dimensionturistica.com\/es\/wp-content\/uploads\/2025\/11\/4FORO.jpg 500w, https:\/\/dimensionturistica.com\/es\/wp-content\/uploads\/2025\/11\/4FORO-300x300.jpg 300w, https:\/\/dimensionturistica.com\/es\/wp-content\/uploads\/2025\/11\/4FORO-150x150.jpg 150w, https:\/\/dimensionturistica.com\/es\/wp-content\/uploads\/2025\/11\/4FORO-75x75.jpg 75w, https:\/\/dimensionturistica.com\/es\/wp-content\/uploads\/2025\/11\/4FORO-350x350.jpg 350w\" sizes=\"(max-width: 500px) 100vw, 500px\" \/><\/figure>\n<\/figure>\n\n\n\n<p>Desde su apertura en 2008, Grupo Mundo Imperial imagin\u00f3 algo mucho m\u00e1s impresionante&nbsp; que solo un foro, concibi\u00f3 un espacio capaz de reunir talento, arte y tecnolog\u00eda en perfecta armon\u00eda, dicho sue\u00f1o, cobr\u00f3 vida gracias al ingenio y creatividad del arquitecto Jos\u00e9 de Arimatea Moyao L\u00f3pez, quien cre\u00f3 un Forum que se distingue por su extraordinaria&nbsp; arquitectura vanguardista, su impecable ac\u00fastica y su cercan\u00eda con el p\u00fablico, en este recinto cada asiento parece estar a solo unos pasos del escenario, haciendo que cada presentaci\u00f3n se sienta \u00edntima, vibrante y m\u00e1gica.<\/p>\n\n\n\n<p>Con capacidad para m\u00e1s de 4,000 espectadores, una fachada de 2,060 metros cuadrados iluminada con luces LED y un servicio que refleja la hospitalidad que distingue a Grupo Mundo Imperial, este espacio se ha convertido en un punto de encuentro entre los grandes artistas y el coraz\u00f3n de sus fans.<\/p>\n\n\n\n<figure class=\"wp-block-gallery has-nested-images columns-default is-cropped wp-block-gallery-4 is-layout-flex wp-block-gallery-is-layout-flex\">\n<figure class=\"wp-block-image size-large\"><img decoding=\"async\" width=\"500\" height=\"500\" data-id=\"1078529\" src=\"https:\/\/dimensionturistica.com\/es\/wp-content\/uploads\/2025\/11\/8FORO.jpg\" alt=\"\" class=\"wp-image-1078529\" srcset=\"https:\/\/dimensionturistica.com\/es\/wp-content\/uploads\/2025\/11\/8FORO.jpg 500w, https:\/\/dimensionturistica.com\/es\/wp-content\/uploads\/2025\/11\/8FORO-300x300.jpg 300w, https:\/\/dimensionturistica.com\/es\/wp-content\/uploads\/2025\/11\/8FORO-150x150.jpg 150w, https:\/\/dimensionturistica.com\/es\/wp-content\/uploads\/2025\/11\/8FORO-75x75.jpg 75w, https:\/\/dimensionturistica.com\/es\/wp-content\/uploads\/2025\/11\/8FORO-350x350.jpg 350w\" sizes=\"(max-width: 500px) 100vw, 500px\" \/><\/figure>\n<\/figure>\n\n\n\n<p>En su escenario han brillado leyendas como Luis Miguel, Ricky Martin, Marc Anthony, Juan Gabriel, Pl\u00e1cido Domingo, Chayanne, Miguel Bos\u00e9, The Cranberries, entre muchos otros. Cada aplauso, cada nota y cada emoci\u00f3n compartida han contribuido a construir una historia que hoy celebra 17 a\u00f1os llenos de vida, arte y gratitud.<\/p>\n\n\n\n<figure class=\"wp-block-gallery has-nested-images columns-default is-cropped wp-block-gallery-5 is-layout-flex wp-block-gallery-is-layout-flex\">\n<figure class=\"wp-block-image size-large\"><img decoding=\"async\" width=\"500\" height=\"500\" data-id=\"1078530\" src=\"https:\/\/dimensionturistica.com\/es\/wp-content\/uploads\/2025\/11\/6FORO.jpg\" alt=\"\" class=\"wp-image-1078530\" srcset=\"https:\/\/dimensionturistica.com\/es\/wp-content\/uploads\/2025\/11\/6FORO.jpg 500w, https:\/\/dimensionturistica.com\/es\/wp-content\/uploads\/2025\/11\/6FORO-300x300.jpg 300w, https:\/\/dimensionturistica.com\/es\/wp-content\/uploads\/2025\/11\/6FORO-150x150.jpg 150w, https:\/\/dimensionturistica.com\/es\/wp-content\/uploads\/2025\/11\/6FORO-75x75.jpg 75w, https:\/\/dimensionturistica.com\/es\/wp-content\/uploads\/2025\/11\/6FORO-350x350.jpg 350w\" sizes=\"(max-width: 500px) 100vw, 500px\" \/><\/figure>\n<\/figure>\n\n\n\n<p>Este cierre de a\u00f1o, el Forum volver\u00e1 a vibrar con una cartelera que promete emociones inolvidables, cargadas de la energ\u00eda de Pante\u00f3n Rococ\u00f3 que encender\u00e1 el escenario el 15 de noviembre, mientras que diciembre llegar\u00e1 con una propuesta diversa y cautivadora: el arte del Ballet Nacional Ruso el 6 de diciembre, la picard\u00eda de Perfume de Gardenias el 7 de diciembre, la alegr\u00eda musical de La Parranda el 12 de diciembre, la magia familiar de La F\u00e1brica de Santa el 21 de diciembre y la nostalgia ochentera de Matute el 26 de diciembre. Una temporada que reafirma al Forum como el escenario donde los sentimientos encuentran su mejor voz.<\/p>\n\n\n\n<p>M\u00e1s all\u00e1 de los conciertos y las luces, Forum Mundo Imperial representa la pasi\u00f3n de Grupo Mundo Imperial por crear experiencias que unen a las personas, un s\u00edmbolo del poder del arte para transformar, emocionar y recordar que, cuando el tel\u00f3n se abre, todo es posible.<\/p>\n\n\n\n<p>Hoy, al celebrar su 17\u00ba aniversario, el Forum sigue iluminando el horizonte con la misma emoci\u00f3n que lo vio nacer, reafirmando su lugar como uno de los recintos m\u00e1s emblem\u00e1ticos de M\u00e9xico. Sin duda alguna, los escenarios no solo se construyen con cimientos s\u00f3lidos, sino con historias que laten al ritmo del coraz\u00f3n.<\/p>\n","protected":false},"excerpt":{"rendered":"<p>Hace diecisiete a\u00f1os naci\u00f3 un sue\u00f1o, un lugar donde la m\u00fasica, la luz y las emociones se funden para crear momentos que permanecen en la memoria de quienes los viven. As\u00ed comenz\u00f3 la historia de Forum Mundo Imperial, un recinto que transform\u00f3 la forma de disfrutar los espect\u00e1culos en M\u00e9xico y consolid\u00f3 a Acapulco como [&hellip;]<\/p>\n","protected":false},"author":1,"featured_media":0,"comment_status":"open","ping_status":"closed","sticky":false,"template":"","format":"standard","meta":{"om_disable_all_campaigns":false,"jnews-multi-image_gallery":[],"jnews_single_post":[],"jnews_primary_category":[],"jnews_social_meta":[],"footnotes":""},"categories":[40],"tags":[],"class_list":["post-1078520","post","type-post","status-publish","format-standard","hentry","category-industria"],"_links":{"self":[{"href":"https:\/\/dimensionturistica.com\/es\/wp-json\/wp\/v2\/posts\/1078520","targetHints":{"allow":["GET"]}}],"collection":[{"href":"https:\/\/dimensionturistica.com\/es\/wp-json\/wp\/v2\/posts"}],"about":[{"href":"https:\/\/dimensionturistica.com\/es\/wp-json\/wp\/v2\/types\/post"}],"author":[{"embeddable":true,"href":"https:\/\/dimensionturistica.com\/es\/wp-json\/wp\/v2\/users\/1"}],"replies":[{"embeddable":true,"href":"https:\/\/dimensionturistica.com\/es\/wp-json\/wp\/v2\/comments?post=1078520"}],"version-history":[{"count":1,"href":"https:\/\/dimensionturistica.com\/es\/wp-json\/wp\/v2\/posts\/1078520\/revisions"}],"predecessor-version":[{"id":1078531,"href":"https:\/\/dimensionturistica.com\/es\/wp-json\/wp\/v2\/posts\/1078520\/revisions\/1078531"}],"wp:attachment":[{"href":"https:\/\/dimensionturistica.com\/es\/wp-json\/wp\/v2\/media?parent=1078520"}],"wp:term":[{"taxonomy":"category","embeddable":true,"href":"https:\/\/dimensionturistica.com\/es\/wp-json\/wp\/v2\/categories?post=1078520"},{"taxonomy":"post_tag","embeddable":true,"href":"https:\/\/dimensionturistica.com\/es\/wp-json\/wp\/v2\/tags?post=1078520"}],"curies":[{"name":"wp","href":"https:\/\/api.w.org\/{rel}","templated":true}]}}