{"id":1078485,"date":"2025-11-27T19:18:11","date_gmt":"2025-11-27T19:18:11","guid":{"rendered":"https:\/\/dimensionturistica.com\/es\/?p=1078485"},"modified":"2025-11-27T19:18:11","modified_gmt":"2025-11-27T19:18:11","slug":"los-tres-polemicos-vuelos-de-la-policia-que-cuestionan-a-la-institucion-por-presuntos-gastos-superfluos","status":"publish","type":"post","link":"https:\/\/dimensionturistica.com\/es\/los-tres-polemicos-vuelos-de-la-policia-que-cuestionan-a-la-institucion-por-presuntos-gastos-superfluos\/","title":{"rendered":"Los tres pol\u00e9micos vuelos de la Polic\u00eda que cuestionan a la instituci\u00f3n por presuntos gastos superfluos."},"content":{"rendered":"<h3>Viajar con Responsabilidad: Lecciones sobre la Transparencia en el Turismo<\/h3>\n<p>En el \u00faltimo tiempo, las actividades de viaje y turismo han cobrado un nuevo protagonismo en el enfoque de muchas instituciones, incluidas las del sector p\u00fablico. Sin embargo, cuando se trata de la asignaci\u00f3n de recursos y la rendici\u00f3n de cuentas, los ojos del p\u00fablico est\u00e1n m\u00e1s atentos que nunca. En Colombia, recientemente se ha resaltado la importancia de la transparencia en las decisiones que involucran vuelos y viajes, lo que plantea un interesante panorama sobre c\u00f3mo manejar los recursos destinados a estas actividades.<\/p>\n<p>La preocupaci\u00f3n surge a ra\u00edz de ciertos gastos cuestionables en vuelos por parte de funcionarios p\u00fablicos, espec\u00edficamente en el contexto de viajes realizados por la Polic\u00eda Nacional. La atenci\u00f3n hacia estos detalles revela no solo un descontento por el uso ineficiente de fondos p\u00fablicos, sino tambi\u00e9n una demanda social por una mayor rendici\u00f3n de cuentas en el uso del dinero del contribuyente. Este escenario pone de relieve un aspecto fundamental del turismo: la responsabilidad.<\/p>\n<h3>El Turismo como Motor Econ\u00f3mico<\/h3>\n<p>El turismo es, sin duda, un motor clave en la econom\u00eda de muchos pa\u00edses, incluyendo a Colombia. Este sector no solo genera empleo, sino que tambi\u00e9n beneficia a una amplia gama de actividades econ\u00f3micas, desde la hoteler\u00eda hasta la gastronom\u00eda. Sin embargo, todo viaje y cada vuelo deber\u00edan ser justificados, y los recursos utilizados en ellos deben ser medidos en t\u00e9rminos de retorno social y beneficios concretos para la comunidad.<\/p>\n<p>La gesti\u00f3n de fondos p\u00fablicos para viajes relacionados con el servicio p\u00fablico debe ser transparente y claramente justificada. En un momento en que el acceso a la informaci\u00f3n es m\u00e1s f\u00e1cil que nunca, los ciudadanos exigen claridad sobre c\u00f3mo se gastan sus recursos. La posibilidad de que un viaje de trabajo se convierta en un gasto excesivo e innecesario no solo socava la confianza en las instituciones, sino que tambi\u00e9n puede restar valor a las iniciativas tur\u00edsticas que realmente buscan fomentar el desarrollo y la sostenibilidad en el sector.<\/p>\n<h3>La Importancia de la Rendici\u00f3n de Cuentas<\/h3>\n<p>Fomentar pr\u00e1cticas responsables en el uso de recursos tur\u00edsticos implica crear una cultura de rendici\u00f3n de cuentas. Cuando las instituciones p\u00fablicas son conscientes del escrutinio que enfrentan, tienen una mayor tendencia a adoptar un enfoque m\u00e1s responsable y eficiente en la organizaci\u00f3n de viajes y eventos.<\/p>\n<p>Para los viajeros comunes y corrientes, esta problem\u00e1tica resalta la importancia de elegir proveedores y destinos que practiquen la sostenibilidad y la \u00e9tica en sus operaciones. Al evaluar la responsabilidad de las instituciones, los turistas pueden tomar decisiones m\u00e1s informadas que no solo apoyen sus intereses personales, sino tambi\u00e9n el bienestar colectivo.<\/p>\n<h3>El Camino Hacia un Turismo Consciente<\/h3>\n<p>Afrontar la cuesti\u00f3n de los recursos mal utilizados en el turismo p\u00fablico puede reforzar el compromiso de viajar de manera responsable. Esto incluye elegir experiencias que no solo sean placenteras, sino que tambi\u00e9n sean conscientes del impacto en las comunidades visitadas. Desde el apoyo a empresas locales hasta la participaci\u00f3n en actividades culturales aut\u00e9nticas, cada elecci\u00f3n tiene el potencial de contribuir a un desarrollo m\u00e1s equitativo.<\/p>\n<p>En conclusi\u00f3n, la controversia alrededor de los gastos de vuelo en entidades p\u00fablicas deber\u00eda ser un llamado a la reflexi\u00f3n en todos los niveles del sector tur\u00edstico. Las lecciones aprendidas desde estos episodios pueden ser la base para construir un futuro m\u00e1s transparente y responsable en el turismo, donde cada viaje contribuya a un legado positivo en la sociedad y el medio ambiente. Es un momento oportuno para transformar la manera en que viajamos, asegurando que cada experiencia no solo sea memorable, sino tambi\u00e9n \u00e9ticamente s\u00f3lida.<\/p>\n<p><em> &#8221; Fuentes www.elcolombiano.com &#8221; <\/em><\/p>\n","protected":false},"excerpt":{"rendered":"<p>Viajar con Responsabilidad: Lecciones sobre la Transparencia en el Turismo En el \u00faltimo tiempo, las actividades de viaje y turismo han cobrado un nuevo protagonismo en el enfoque de muchas instituciones, incluidas las del sector p\u00fablico. Sin embargo, cuando se trata de la asignaci\u00f3n de recursos y la rendici\u00f3n de cuentas, los ojos del p\u00fablico [&hellip;]<\/p>\n","protected":false},"author":4,"featured_media":1078486,"comment_status":"open","ping_status":"closed","sticky":false,"template":"","format":"standard","meta":{"om_disable_all_campaigns":false,"jnews-multi-image_gallery":[],"jnews_single_post":[],"jnews_primary_category":[],"jnews_social_meta":[],"footnotes":""},"categories":[39],"tags":[258088,138976,252218,181626,35356,258087,68555,258089],"class_list":["post-1078485","post","type-post","status-publish","format-standard","has-post-thumbnail","hentry","category-viajes","tag-aeronaves-de-policia","tag-controversia","tag-gastos-innecesarios","tag-gastos-publicos","tag-institucion","tag-los-tres-cuestionados-viajes","tag-noticias-el-colombiano","tag-viajes-cuestionados"],"_links":{"self":[{"href":"https:\/\/dimensionturistica.com\/es\/wp-json\/wp\/v2\/posts\/1078485","targetHints":{"allow":["GET"]}}],"collection":[{"href":"https:\/\/dimensionturistica.com\/es\/wp-json\/wp\/v2\/posts"}],"about":[{"href":"https:\/\/dimensionturistica.com\/es\/wp-json\/wp\/v2\/types\/post"}],"author":[{"embeddable":true,"href":"https:\/\/dimensionturistica.com\/es\/wp-json\/wp\/v2\/users\/4"}],"replies":[{"embeddable":true,"href":"https:\/\/dimensionturistica.com\/es\/wp-json\/wp\/v2\/comments?post=1078485"}],"version-history":[{"count":1,"href":"https:\/\/dimensionturistica.com\/es\/wp-json\/wp\/v2\/posts\/1078485\/revisions"}],"predecessor-version":[{"id":1078487,"href":"https:\/\/dimensionturistica.com\/es\/wp-json\/wp\/v2\/posts\/1078485\/revisions\/1078487"}],"wp:featuredmedia":[{"embeddable":true,"href":"https:\/\/dimensionturistica.com\/es\/wp-json\/wp\/v2\/media\/1078486"}],"wp:attachment":[{"href":"https:\/\/dimensionturistica.com\/es\/wp-json\/wp\/v2\/media?parent=1078485"}],"wp:term":[{"taxonomy":"category","embeddable":true,"href":"https:\/\/dimensionturistica.com\/es\/wp-json\/wp\/v2\/categories?post=1078485"},{"taxonomy":"post_tag","embeddable":true,"href":"https:\/\/dimensionturistica.com\/es\/wp-json\/wp\/v2\/tags?post=1078485"}],"curies":[{"name":"wp","href":"https:\/\/api.w.org\/{rel}","templated":true}]}}