{"id":1078475,"date":"2025-11-27T19:21:34","date_gmt":"2025-11-27T19:21:34","guid":{"rendered":"https:\/\/dimensionturistica.com\/es\/?p=1078475"},"modified":"2025-11-27T19:21:34","modified_gmt":"2025-11-27T19:21:34","slug":"sectur-reafirma-su-compromiso-con-la-eliminacion-de-la-violencia-contra-las-mujeres-en-el-sector-turistico","status":"publish","type":"post","link":"https:\/\/dimensionturistica.com\/es\/sectur-reafirma-su-compromiso-con-la-eliminacion-de-la-violencia-contra-las-mujeres-en-el-sector-turistico\/","title":{"rendered":"\u00a0 Sectur reafirma su compromiso con la eliminaci\u00f3n de la violencia contra las mujeres en el sector tur\u00edstico"},"content":{"rendered":"\n<figure class=\"wp-block-gallery has-nested-images columns-default is-cropped wp-block-gallery-1 is-layout-flex wp-block-gallery-is-layout-flex\">\n<figure class=\"wp-block-image size-large\"><img decoding=\"async\" width=\"500\" height=\"641\" data-id=\"1078488\" src=\"https:\/\/dimensionturistica.com\/es\/wp-content\/uploads\/2025\/11\/4MUJE.jpg\" alt=\"\" class=\"wp-image-1078488\" srcset=\"https:\/\/dimensionturistica.com\/es\/wp-content\/uploads\/2025\/11\/4MUJE.jpg 500w, https:\/\/dimensionturistica.com\/es\/wp-content\/uploads\/2025\/11\/4MUJE-234x300.jpg 234w\" sizes=\"(max-width: 500px) 100vw, 500px\" \/><\/figure>\n<\/figure>\n\n\n\n<p>En el marco del D\u00eda Internacional de la Eliminaci\u00f3n de la Violencia contra las Mujeres, la secretaria de Turismo del Gobierno de M\u00e9xico, Josefina Rodr\u00edguez Zamora, afirm\u00f3 que todos los d\u00edas se impulsan acciones que permiten avanzar hacia un sector tur\u00edstico m\u00e1s seguro, equitativo y con mayores oportunidades para todas las mujeres.<\/p>\n\n\n\n<p>La titular de la Secretar\u00eda de Turismo (Sectur) subray\u00f3 que, en un contexto de crecimiento sostenido del turismo hacia M\u00e9xico, se fortalecen de manera permanente las pol\u00edticas institucionales para garantizar entornos libres de violencia para las visitantes, turistas y trabajadoras del sector.<\/p>\n\n\n\n<figure class=\"wp-block-gallery has-nested-images columns-default is-cropped wp-block-gallery-2 is-layout-flex wp-block-gallery-is-layout-flex\">\n<figure class=\"wp-block-image size-large\"><img decoding=\"async\" width=\"500\" height=\"462\" data-id=\"1078489\" src=\"https:\/\/dimensionturistica.com\/es\/wp-content\/uploads\/2025\/11\/1MUJE.jpg\" alt=\"\" class=\"wp-image-1078489\" srcset=\"https:\/\/dimensionturistica.com\/es\/wp-content\/uploads\/2025\/11\/1MUJE.jpg 500w, https:\/\/dimensionturistica.com\/es\/wp-content\/uploads\/2025\/11\/1MUJE-300x277.jpg 300w\" sizes=\"(max-width: 500px) 100vw, 500px\" \/><\/figure>\n<\/figure>\n\n\n\n<p>Rodr\u00edguez Zamora destac\u00f3 que la implementaci\u00f3n de pol\u00edticas p\u00fablicas con perspectiva de g\u00e9nero es una prioridad en su gesti\u00f3n, ya que este enfoque beneficia tanto al sector tur\u00edstico como al desarrollo comunitario del pa\u00eds. Se\u00f1al\u00f3 que se trabaja para garantizar que las mujeres cuenten con derechos plenos y que sus aportaciones sean reconocidas y valoradas. A\u00f1adi\u00f3 que su empoderamiento, especialmente en comunidades y pueblos originarios, fortalece su papel en la preservaci\u00f3n del patrimonio cultural y enriquece la experiencia tur\u00edstica.<\/p>\n\n\n\n<p>Al respecto, inform\u00f3 que, de enero a septiembre de 2025, M\u00e9xico recibi\u00f3 7.79 millones de turistas extranjeras v\u00eda a\u00e9rea, cifra que representa un incremento anual de 0.8 por ciento respecto al mismo periodo de 2024.<\/p>\n\n\n\n<figure class=\"wp-block-gallery has-nested-images columns-default is-cropped wp-block-gallery-3 is-layout-flex wp-block-gallery-is-layout-flex\">\n<figure class=\"wp-block-image size-large\"><img decoding=\"async\" width=\"500\" height=\"333\" data-id=\"1078490\" src=\"https:\/\/dimensionturistica.com\/es\/wp-content\/uploads\/2025\/11\/2MUJE.jpg\" alt=\"\" class=\"wp-image-1078490\" srcset=\"https:\/\/dimensionturistica.com\/es\/wp-content\/uploads\/2025\/11\/2MUJE.jpg 500w, https:\/\/dimensionturistica.com\/es\/wp-content\/uploads\/2025\/11\/2MUJE-300x200.jpg 300w\" sizes=\"(max-width: 500px) 100vw, 500px\" \/><\/figure>\n<\/figure>\n\n\n\n<p>\u201cEl flujo de mujeres que viajan a nuestro pa\u00eds sigue creciendo, y eso nos obliga a redoblar esfuerzos para asegurar que M\u00e9xico sea un destino donde puedan disfrutar, desarrollarse y sentirse protegidas en todo momento\u201d, destac\u00f3.<\/p>\n\n\n\n<p>Adem\u00e1s, explic\u00f3 que durante los primeros nueve meses del a\u00f1o, arribaron a M\u00e9xico 15 millones 95 mil 640 de turistas extranjeros v\u00eda a\u00e9rea. De ese total, 7 millones 303 mil 720 fueron hombres y 7 millones 791 mil 920, mujeres; lo que representa un 52 por ciento de mujeres frente a un 48 por ciento de hombres. Esta tendencia refleja que las viajeras reconocen a M\u00e9xico como un destino donde pueden desplazarse con confianza y disfrutar de una oferta tur\u00edstica segura y con mejores condiciones para su bienestar.<\/p>\n\n\n\n<figure class=\"wp-block-gallery has-nested-images columns-default is-cropped wp-block-gallery-4 is-layout-flex wp-block-gallery-is-layout-flex\">\n<figure class=\"wp-block-image size-large\"><img decoding=\"async\" width=\"500\" height=\"375\" data-id=\"1078491\" src=\"https:\/\/dimensionturistica.com\/es\/wp-content\/uploads\/2025\/11\/22MUJE.jpg\" alt=\"\" class=\"wp-image-1078491\" srcset=\"https:\/\/dimensionturistica.com\/es\/wp-content\/uploads\/2025\/11\/22MUJE.jpg 500w, https:\/\/dimensionturistica.com\/es\/wp-content\/uploads\/2025\/11\/22MUJE-300x225.jpg 300w\" sizes=\"(max-width: 500px) 100vw, 500px\" \/><\/figure>\n<\/figure>\n\n\n\n<p>Rodr\u00edguez Zamora subray\u00f3 que la dependencia que encabeza trabaja para que la prevenci\u00f3n de la trata de personas y la protecci\u00f3n de ni\u00f1as, ni\u00f1os, adolescentes y mujeres sea una prioridad permanente en el turismo.<\/p>\n\n\n\n<p>\u201cNuestro compromiso es claro: ning\u00fan destino puede considerarse exitoso si no garantiza la dignidad y los derechos de quienes lo habitan y lo visitan\u201d, afirm\u00f3.<\/p>\n\n\n\n<figure class=\"wp-block-gallery has-nested-images columns-default is-cropped wp-block-gallery-5 is-layout-flex wp-block-gallery-is-layout-flex\">\n<figure class=\"wp-block-image size-large\"><img decoding=\"async\" width=\"500\" height=\"333\" data-id=\"1078492\" src=\"https:\/\/dimensionturistica.com\/es\/wp-content\/uploads\/2025\/11\/11MUJE.jpg\" alt=\"\" class=\"wp-image-1078492\" srcset=\"https:\/\/dimensionturistica.com\/es\/wp-content\/uploads\/2025\/11\/11MUJE.jpg 500w, https:\/\/dimensionturistica.com\/es\/wp-content\/uploads\/2025\/11\/11MUJE-300x200.jpg 300w\" sizes=\"(max-width: 500px) 100vw, 500px\" \/><\/figure>\n<\/figure>\n\n\n\n<p>Asimismo, resalt\u00f3 la importancia de continuar con el impulso al turismo comunitario como herramienta para fortalecer la autonom\u00eda econ\u00f3mica de las mujeres en zonas rurales e ind\u00edgenas.<\/p>\n\n\n\n<p>Record\u00f3 que esta pol\u00edtica impulsa la participaci\u00f3n directa de artesanas, cocineras tradicionales, gu\u00edas y prestadoras de servicios en proyectos que generan ingresos, preservan la identidad cultural y refuerzan la cohesi\u00f3n social.<\/p>\n\n\n\n<p>\u201cEl turismo comunitario tiene como prop\u00f3sito impulsar un desarrollo sostenible, elevar la calidad de vida en las comunidades y garantizar que los beneficios se distribuyan de manera justa\u201d, se\u00f1al\u00f3 al destacar que la autonom\u00eda econ\u00f3mica es uno de los pilares m\u00e1s efectivos para prevenir situaciones de violencia.<\/p>\n\n\n\n<figure class=\"wp-block-gallery has-nested-images columns-default is-cropped wp-block-gallery-6 is-layout-flex wp-block-gallery-is-layout-flex\">\n<figure class=\"wp-block-image size-large\"><img decoding=\"async\" width=\"500\" height=\"334\" data-id=\"1078493\" src=\"https:\/\/dimensionturistica.com\/es\/wp-content\/uploads\/2025\/11\/3MUJE.jpg\" alt=\"\" class=\"wp-image-1078493\" srcset=\"https:\/\/dimensionturistica.com\/es\/wp-content\/uploads\/2025\/11\/3MUJE.jpg 500w, https:\/\/dimensionturistica.com\/es\/wp-content\/uploads\/2025\/11\/3MUJE-300x200.jpg 300w\" sizes=\"(max-width: 500px) 100vw, 500px\" \/><\/figure>\n<\/figure>\n\n\n\n<p>La secretaria enfatiz\u00f3 que el 25N representa una oportunidad para visibilizar la lucha por los derechos de las mujeres, pero tambi\u00e9n un recordatorio de que la construcci\u00f3n de un sector tur\u00edstico igualitario debe ser un trabajo constante entre todas y todos.<\/p>\n","protected":false},"excerpt":{"rendered":"<p>En el marco del D\u00eda Internacional de la Eliminaci\u00f3n de la Violencia contra las Mujeres, la secretaria de Turismo del Gobierno de M\u00e9xico, Josefina Rodr\u00edguez Zamora, afirm\u00f3 que todos los d\u00edas se impulsan acciones que permiten avanzar hacia un sector tur\u00edstico m\u00e1s seguro, equitativo y con mayores oportunidades para todas las mujeres. La titular de [&hellip;]<\/p>\n","protected":false},"author":1,"featured_media":0,"comment_status":"open","ping_status":"closed","sticky":false,"template":"","format":"standard","meta":{"om_disable_all_campaigns":false,"jnews-multi-image_gallery":[],"jnews_single_post":{"format":"standard"},"jnews_primary_category":[],"jnews_social_meta":[],"footnotes":""},"categories":[39],"tags":[],"class_list":["post-1078475","post","type-post","status-publish","format-standard","hentry","category-viajes"],"_links":{"self":[{"href":"https:\/\/dimensionturistica.com\/es\/wp-json\/wp\/v2\/posts\/1078475","targetHints":{"allow":["GET"]}}],"collection":[{"href":"https:\/\/dimensionturistica.com\/es\/wp-json\/wp\/v2\/posts"}],"about":[{"href":"https:\/\/dimensionturistica.com\/es\/wp-json\/wp\/v2\/types\/post"}],"author":[{"embeddable":true,"href":"https:\/\/dimensionturistica.com\/es\/wp-json\/wp\/v2\/users\/1"}],"replies":[{"embeddable":true,"href":"https:\/\/dimensionturistica.com\/es\/wp-json\/wp\/v2\/comments?post=1078475"}],"version-history":[{"count":1,"href":"https:\/\/dimensionturistica.com\/es\/wp-json\/wp\/v2\/posts\/1078475\/revisions"}],"predecessor-version":[{"id":1078494,"href":"https:\/\/dimensionturistica.com\/es\/wp-json\/wp\/v2\/posts\/1078475\/revisions\/1078494"}],"wp:attachment":[{"href":"https:\/\/dimensionturistica.com\/es\/wp-json\/wp\/v2\/media?parent=1078475"}],"wp:term":[{"taxonomy":"category","embeddable":true,"href":"https:\/\/dimensionturistica.com\/es\/wp-json\/wp\/v2\/categories?post=1078475"},{"taxonomy":"post_tag","embeddable":true,"href":"https:\/\/dimensionturistica.com\/es\/wp-json\/wp\/v2\/tags?post=1078475"}],"curies":[{"name":"wp","href":"https:\/\/api.w.org\/{rel}","templated":true}]}}