{"id":1078354,"date":"2025-11-27T15:06:33","date_gmt":"2025-11-27T15:06:33","guid":{"rendered":"https:\/\/dimensionturistica.com\/es\/?p=1078354"},"modified":"2025-11-27T15:06:33","modified_gmt":"2025-11-27T15:06:33","slug":"mazatlan-ya-tiene-tema-oficial-para-el-carnaval-2026-arriba-la-tambora","status":"publish","type":"post","link":"https:\/\/dimensionturistica.com\/es\/mazatlan-ya-tiene-tema-oficial-para-el-carnaval-2026-arriba-la-tambora\/","title":{"rendered":"Mazatl\u00e1n ya tiene tema oficial para el Carnaval 2026: \u00a1Arriba la Tambora!"},"content":{"rendered":"\n<figure class=\"wp-block-gallery has-nested-images columns-default is-cropped wp-block-gallery-1 is-layout-flex wp-block-gallery-is-layout-flex\">\n<figure class=\"wp-block-image size-large\"><img decoding=\"async\" width=\"500\" height=\"333\" data-id=\"1078355\" src=\"https:\/\/dimensionturistica.com\/es\/wp-content\/uploads\/2025\/11\/1SINA.jpg\" alt=\"\" class=\"wp-image-1078355\" srcset=\"https:\/\/dimensionturistica.com\/es\/wp-content\/uploads\/2025\/11\/1SINA.jpg 500w, https:\/\/dimensionturistica.com\/es\/wp-content\/uploads\/2025\/11\/1SINA-300x200.jpg 300w\" sizes=\"(max-width: 500px) 100vw, 500px\" \/><\/figure>\n<\/figure>\n\n\n\n<p>Mazatl\u00e1n ya prepara una de sus celebraciones m\u00e1s esperadas del a\u00f1o. El Instituto Municipal de Cultura, Turismo y Arte de Mazatl\u00e1n anunci\u00f3 que el Carnaval Internacional de Mazatl\u00e1n 2026, que se celebrar\u00e1 del 12 al 17 de febrero, llevar\u00e1 por nombre: \u00a1Arriba la tambora!, un homenaje al ritmo que ha marcado la vida del puerto por generaciones.<\/p>\n\n\n\n<p>La presentaci\u00f3n se hizo a trav\u00e9s de un video con s\u00edmbolos que representan la identidad mazatleca: gaviotas, mensajeras de esperanza; un ni\u00f1o explorando la playa, como un gui\u00f1o a las nuevas generaciones; y un mar que, con cada ola, anuncia que el espect\u00e1culo est\u00e1 por comenzar. El mensaje central apunta a que la m\u00fasica y la memoria forman parte de la vida diaria en Mazatl\u00e1n: \u201cPorque en Mazatl\u00e1n la emoci\u00f3n se vuelve fuerza, la memoria se vuelve destino. Y cuando cada nota suena, el alma vibra con el ritmo del mar. \u00a1Arriba la tambora, Carnaval Internacional Mazatl\u00e1n 2026!\u201d.<\/p>\n\n\n\n<figure class=\"wp-block-gallery has-nested-images columns-default is-cropped wp-block-gallery-2 is-layout-flex wp-block-gallery-is-layout-flex\">\n<figure class=\"wp-block-image size-large\"><img decoding=\"async\" width=\"500\" height=\"333\" data-id=\"1078358\" src=\"https:\/\/dimensionturistica.com\/es\/wp-content\/uploads\/2025\/11\/3SINA.jpg\" alt=\"\" class=\"wp-image-1078358\" srcset=\"https:\/\/dimensionturistica.com\/es\/wp-content\/uploads\/2025\/11\/3SINA.jpg 500w, https:\/\/dimensionturistica.com\/es\/wp-content\/uploads\/2025\/11\/3SINA-300x200.jpg 300w\" sizes=\"(max-width: 500px) 100vw, 500px\" \/><\/figure>\n<\/figure>\n\n\n\n<p>Esta edici\u00f3n tendr\u00e1 tres ejes centrales:<\/p>\n\n\n\n<p>\u00b7&nbsp;&nbsp;&nbsp;&nbsp;&nbsp; La Tambora (Coraz\u00f3n y esencia): El sonido que impulsa la vida en el puerto, distintivo de Mazatl\u00e1n a nivel mundial y parte fundamental de la vida cotidiana.<\/p>\n\n\n\n<p>\u00b7&nbsp;&nbsp;&nbsp;&nbsp;&nbsp; La Mujer Empoderada (La Gaviota): Representada por una gaviota, s\u00edmbolo de fuerza y libertad.<\/p>\n\n\n\n<p>\u00b7&nbsp;&nbsp;&nbsp;&nbsp;&nbsp; El Ni\u00f1o que viene del Mar (La Curiosidad): Representa la curiosidad y el deseo de preservar la esencial musical ante la llegada de nuevos g\u00e9neros y estilos.<\/p>\n\n\n\n<figure class=\"wp-block-gallery has-nested-images columns-default is-cropped wp-block-gallery-3 is-layout-flex wp-block-gallery-is-layout-flex\">\n<figure class=\"wp-block-image size-large\"><img decoding=\"async\" width=\"500\" height=\"333\" data-id=\"1078360\" src=\"https:\/\/dimensionturistica.com\/es\/wp-content\/uploads\/2025\/11\/8SINA.jpg\" alt=\"\" class=\"wp-image-1078360\" srcset=\"https:\/\/dimensionturistica.com\/es\/wp-content\/uploads\/2025\/11\/8SINA.jpg 500w, https:\/\/dimensionturistica.com\/es\/wp-content\/uploads\/2025\/11\/8SINA-300x200.jpg 300w\" sizes=\"(max-width: 500px) 100vw, 500px\" \/><\/figure>\n<\/figure>\n\n\n\n<p>Tambi\u00e9n se anunci\u00f3 que uno de los carros aleg\u00f3ricos m\u00e1s llamativos estar\u00e1 dedicado a la diversidad y la inclusi\u00f3n, valores fundamentales para la celebraci\u00f3n. Adem\u00e1s, el 1 de diciembre se dar\u00e1 a conocer el cartel de artistas que formar\u00e1n parte de esta edici\u00f3n.<\/p>\n\n\n\n<p>El Carnaval empieza desde los preparativos. Este es el calendario de eventos que marcar\u00e1n el rumbo hacia la gran fiesta:<\/p>\n\n\n\n<p>\u00b7&nbsp;&nbsp;&nbsp;&nbsp;&nbsp; Primera Manifestaci\u00f3n: 11 de diciembre<\/p>\n\n\n\n<p>\u00b7&nbsp;&nbsp;&nbsp;&nbsp;&nbsp; Segunda Manifestaci\u00f3n (Larga): 19 de enero<\/p>\n\n\n\n<p>\u00b7&nbsp;&nbsp;&nbsp;&nbsp;&nbsp; C\u00f3mputo final: 23 de enero<\/p>\n\n\n\n<p>\u00b7&nbsp;&nbsp;&nbsp;&nbsp;&nbsp; Elecci\u00f3n de Reinas: 24 de enero<\/p>\n\n\n\n<figure class=\"wp-block-gallery has-nested-images columns-default is-cropped wp-block-gallery-4 is-layout-flex wp-block-gallery-is-layout-flex\">\n<figure class=\"wp-block-image size-large\"><img decoding=\"async\" width=\"500\" height=\"333\" data-id=\"1078361\" src=\"https:\/\/dimensionturistica.com\/es\/wp-content\/uploads\/2025\/11\/6SINA.jpg\" alt=\"\" class=\"wp-image-1078361\" srcset=\"https:\/\/dimensionturistica.com\/es\/wp-content\/uploads\/2025\/11\/6SINA.jpg 500w, https:\/\/dimensionturistica.com\/es\/wp-content\/uploads\/2025\/11\/6SINA-300x200.jpg 300w\" sizes=\"(max-width: 500px) 100vw, 500px\" \/><\/figure>\n<\/figure>\n\n\n\n<p>\u00b7&nbsp;&nbsp;&nbsp;&nbsp;&nbsp; Velada de las Artes: 7 de febrero<\/p>\n\n\n\n<p>\u00b7&nbsp;&nbsp;&nbsp;&nbsp;&nbsp; Coronaci\u00f3n Rey de la Alegr\u00eda: 12 de febrero<\/p>\n\n\n\n<p>\u00b7&nbsp;&nbsp;&nbsp;&nbsp;&nbsp; Coronaci\u00f3n Juegos Florales: 13 de febrero<\/p>\n\n\n\n<p>\u00b7&nbsp;&nbsp;&nbsp;&nbsp;&nbsp; Coronaci\u00f3n Reina del Carnaval: 14 de febrero<\/p>\n\n\n\n<p>\u00b7&nbsp;&nbsp;&nbsp;&nbsp;&nbsp; Primer Desfile: 15 de febrero<\/p>\n\n\n\n<figure class=\"wp-block-gallery has-nested-images columns-default is-cropped wp-block-gallery-5 is-layout-flex wp-block-gallery-is-layout-flex\">\n<figure class=\"wp-block-image size-large\"><img decoding=\"async\" width=\"500\" height=\"281\" data-id=\"1078362\" src=\"https:\/\/dimensionturistica.com\/es\/wp-content\/uploads\/2025\/11\/5SINA.jpg\" alt=\"\" class=\"wp-image-1078362\" srcset=\"https:\/\/dimensionturistica.com\/es\/wp-content\/uploads\/2025\/11\/5SINA.jpg 500w, https:\/\/dimensionturistica.com\/es\/wp-content\/uploads\/2025\/11\/5SINA-300x169.jpg 300w\" sizes=\"(max-width: 500px) 100vw, 500px\" \/><\/figure>\n<\/figure>\n\n\n\n<p>\u00b7&nbsp;&nbsp;&nbsp;&nbsp;&nbsp; Coronaci\u00f3n Reina Infantil: 16 de febrero<\/p>\n\n\n\n<p>\u00b7&nbsp;&nbsp;&nbsp;&nbsp;&nbsp; Segundo Desfile: 17 de febrero<\/p>\n\n\n\n<p>El Carnaval Internacional de Mazatl\u00e1n, considerado uno de los tres carnavales m\u00e1s importantes del mundo,&nbsp; vuelve a destacar como una celebraci\u00f3n que re\u00fane m\u00fasica, tradici\u00f3n y vida frente al mar. Esta edici\u00f3n promete transformar al puerto en un escenario donde se comparte y se vive la identidad mazatleca.<\/p>\n\n\n\n<p>#VisitSinaloa #Sinaloa #Turismo #Mazatl\u00e1n&nbsp; #UnMarDeHistorias #CarnavalInternacionalDeMazatl\u00e1n2026 #ArribaLaTambora<\/p>\n","protected":false},"excerpt":{"rendered":"<p>Mazatl\u00e1n ya prepara una de sus celebraciones m\u00e1s esperadas del a\u00f1o. El Instituto Municipal de Cultura, Turismo y Arte de Mazatl\u00e1n anunci\u00f3 que el Carnaval Internacional de Mazatl\u00e1n 2026, que se celebrar\u00e1 del 12 al 17 de febrero, llevar\u00e1 por nombre: \u00a1Arriba la tambora!, un homenaje al ritmo que ha marcado la vida del puerto [&hellip;]<\/p>\n","protected":false},"author":1,"featured_media":0,"comment_status":"open","ping_status":"closed","sticky":false,"template":"","format":"standard","meta":{"om_disable_all_campaigns":false,"jnews-multi-image_gallery":[],"jnews_single_post":{"format":"standard"},"jnews_primary_category":[],"jnews_social_meta":[],"footnotes":""},"categories":[39],"tags":[],"class_list":["post-1078354","post","type-post","status-publish","format-standard","hentry","category-viajes"],"_links":{"self":[{"href":"https:\/\/dimensionturistica.com\/es\/wp-json\/wp\/v2\/posts\/1078354","targetHints":{"allow":["GET"]}}],"collection":[{"href":"https:\/\/dimensionturistica.com\/es\/wp-json\/wp\/v2\/posts"}],"about":[{"href":"https:\/\/dimensionturistica.com\/es\/wp-json\/wp\/v2\/types\/post"}],"author":[{"embeddable":true,"href":"https:\/\/dimensionturistica.com\/es\/wp-json\/wp\/v2\/users\/1"}],"replies":[{"embeddable":true,"href":"https:\/\/dimensionturistica.com\/es\/wp-json\/wp\/v2\/comments?post=1078354"}],"version-history":[{"count":1,"href":"https:\/\/dimensionturistica.com\/es\/wp-json\/wp\/v2\/posts\/1078354\/revisions"}],"predecessor-version":[{"id":1078363,"href":"https:\/\/dimensionturistica.com\/es\/wp-json\/wp\/v2\/posts\/1078354\/revisions\/1078363"}],"wp:attachment":[{"href":"https:\/\/dimensionturistica.com\/es\/wp-json\/wp\/v2\/media?parent=1078354"}],"wp:term":[{"taxonomy":"category","embeddable":true,"href":"https:\/\/dimensionturistica.com\/es\/wp-json\/wp\/v2\/categories?post=1078354"},{"taxonomy":"post_tag","embeddable":true,"href":"https:\/\/dimensionturistica.com\/es\/wp-json\/wp\/v2\/tags?post=1078354"}],"curies":[{"name":"wp","href":"https:\/\/api.w.org\/{rel}","templated":true}]}}