{"id":1078288,"date":"2025-11-27T13:37:26","date_gmt":"2025-11-27T13:37:26","guid":{"rendered":"https:\/\/dimensionturistica.com\/es\/?p=1078288"},"modified":"2025-11-27T13:37:26","modified_gmt":"2025-11-27T13:37:26","slug":"deficiencia-de-hierro-en-el-embarazo-un-problema-silencioso-de-salud-publica","status":"publish","type":"post","link":"https:\/\/dimensionturistica.com\/es\/deficiencia-de-hierro-en-el-embarazo-un-problema-silencioso-de-salud-publica\/","title":{"rendered":"Deficiencia de hierro en el embarazo, un problema silencioso de salud p\u00fablica"},"content":{"rendered":"\n<figure class=\"wp-block-gallery has-nested-images columns-default is-cropped wp-block-gallery-1 is-layout-flex wp-block-gallery-is-layout-flex\">\n<figure class=\"wp-block-image size-large\"><img decoding=\"async\" width=\"500\" height=\"380\" data-id=\"1078291\" src=\"https:\/\/dimensionturistica.com\/es\/wp-content\/uploads\/2025\/11\/1CHI-1.jpg\" alt=\"\" class=\"wp-image-1078291\" srcset=\"https:\/\/dimensionturistica.com\/es\/wp-content\/uploads\/2025\/11\/1CHI-1.jpg 500w, https:\/\/dimensionturistica.com\/es\/wp-content\/uploads\/2025\/11\/1CHI-1-300x228.jpg 300w\" sizes=\"(max-width: 500px) 100vw, 500px\" \/><\/figure>\n<\/figure>\n\n\n\n<p>La anemia durante el embarazo est\u00e1 asociada al aumento de la mortalidad materna e infantil debido a duplicaci\u00f3n del riesgo de hemorragia obst\u00e9trica, preeclampsia, partos prematuros, bajo peso al nacer, crecimiento retardado en el desarrollo psicomotor y cognitivo, as\u00ed como resistencia disminuida a las infecciones, las cuales podr\u00edan reducirse con el diagn\u00f3stico y tratamiento temprano de la deficiencia de hierro, condici\u00f3n que no debe ser ignorada ni subestimada.<\/p>\n\n\n\n<p>En el marco del D\u00eda Mundial de la Deficiencia de Hierro que se conmemora el 26 de noviembre, CHINOIN\u00ae Productos Farmac\u00e9uticos, a trav\u00e9s de la campa\u00f1a \u201cToma al Hierro en Serio\u201d, hace una llamado a toda la poblaci\u00f3n para generar conciencia sobre el impacto que puede tener en la salud la presencia de esta condici\u00f3n, con especial \u00e9nfasis en las mujeres que cursan con un embarazo.<\/p>\n\n\n\n<figure class=\"wp-block-gallery has-nested-images columns-default is-cropped wp-block-gallery-2 is-layout-flex wp-block-gallery-is-layout-flex\">\n<figure class=\"wp-block-image size-large\"><img decoding=\"async\" width=\"500\" height=\"660\" data-id=\"1078298\" src=\"https:\/\/dimensionturistica.com\/es\/wp-content\/uploads\/2025\/11\/5CHIN.jpg\" alt=\"\" class=\"wp-image-1078298\" srcset=\"https:\/\/dimensionturistica.com\/es\/wp-content\/uploads\/2025\/11\/5CHIN.jpg 500w, https:\/\/dimensionturistica.com\/es\/wp-content\/uploads\/2025\/11\/5CHIN-227x300.jpg 227w\" sizes=\"(max-width: 500px) 100vw, 500px\" \/><figcaption class=\"wp-element-caption\">hdr<\/figcaption><\/figure>\n<\/figure>\n\n\n\n<p>El ginec\u00f3logo Dr. Zigor Campos Goenaga, Segundo Secretario Suplente del Consejo Directivo del Colegio Mexicano de Especialistas en Ginecolog\u00eda y Obstetricia A.C. (COMEGO), explic\u00f3 que \u201cun beb\u00e9 nacido de una mam\u00e1 con deficiencia de hierro en el embarazo puede tener alteraciones de conducta, memoria y presentar retraso en su desarrollo neurol\u00f3gico con secuelas irreversibles.<\/p>\n\n\n\n<p>Adem\u00e1s \u2013 agreg\u00f3- la madre tambi\u00e9n pone en riesgo su vida, por lo cual es primordial que todas las mujeres embarazadas se realicen estudios diagn\u00f3sticos de hierro (incluyendo hemoglobina Hb y perfil de hierro completo incluyendo ferritina) preferentemente antes de la concepci\u00f3n y al menos una vez en cada trimestre durante el embarazo.<\/p>\n\n\n\n<figure class=\"wp-block-gallery has-nested-images columns-default is-cropped wp-block-gallery-3 is-layout-flex wp-block-gallery-is-layout-flex\">\n<figure class=\"wp-block-image size-large\"><img decoding=\"async\" width=\"500\" height=\"888\" data-id=\"1078299\" src=\"https:\/\/dimensionturistica.com\/es\/wp-content\/uploads\/2025\/11\/6CHIN.jpg\" alt=\"\" class=\"wp-image-1078299\" srcset=\"https:\/\/dimensionturistica.com\/es\/wp-content\/uploads\/2025\/11\/6CHIN.jpg 500w, https:\/\/dimensionturistica.com\/es\/wp-content\/uploads\/2025\/11\/6CHIN-169x300.jpg 169w\" sizes=\"(max-width: 500px) 100vw, 500px\" \/><figcaption class=\"wp-element-caption\">hdr<\/figcaption><\/figure>\n<\/figure>\n\n\n\n<p>Las mujeres representan un grupo vulnerable y en la actualidad se estima que 605 millones de entre 15 y 50 a\u00f1os padecen anemia por deficiencia de hierro a nivel mundial. Este trastorno afecta a 3 de cada 10 mujeres no embarazadas y a 4 de cada 10 mujeres embarazadas 1 ,2 y se manifiesta con s\u00edntomas como debilidad, fatiga, ca\u00edda de cabello o irritabilidad.<\/p>\n\n\n\n<p>La Organizaci\u00f3n Mundial de la Salud (OMS) estima que cerca de un cuarto de la poblaci\u00f3n global padece anemia, lo que equivale a cerca de 2,000 millones de personas, de los cuales hasta el 60% de los casos son causados por deficiencia de hierro.<\/p>\n\n\n\n<figure class=\"wp-block-gallery has-nested-images columns-default is-cropped wp-block-gallery-4 is-layout-flex wp-block-gallery-is-layout-flex\">\n<figure class=\"wp-block-image size-large\"><img decoding=\"async\" width=\"500\" height=\"333\" data-id=\"1078300\" src=\"https:\/\/dimensionturistica.com\/es\/wp-content\/uploads\/2025\/11\/7CHIN.jpg\" alt=\"\" class=\"wp-image-1078300\" srcset=\"https:\/\/dimensionturistica.com\/es\/wp-content\/uploads\/2025\/11\/7CHIN.jpg 500w, https:\/\/dimensionturistica.com\/es\/wp-content\/uploads\/2025\/11\/7CHIN-300x200.jpg 300w\" sizes=\"(max-width: 500px) 100vw, 500px\" \/><\/figure>\n<\/figure>\n\n\n\n<p>Es claro que nos hemos quedado muy lejos de alcanzar la meta en salud a nivel mundial de la OMS para reducir un 50% la anemia global en 2025 del 27.6% del 2012, ya que para el 2023 alcanzamos un 30.7%, por lo que en la asamblea m\u00e1s reciente se decidi\u00f3 extender el plazo al 2030 para intensificar las estrategias de diagn\u00f3stico y tratamiento.<\/p>\n\n\n\n<p>Prevenci\u00f3n, diagn\u00f3stico y tratamiento oportuno La progresi\u00f3n de la deficiencia de hierro tiene como consecuencia una pobre formaci\u00f3n de gl\u00f3bulos rojos (eritrocitos) y m\u00e1s adelante la anemia. Las causas principales de la anemia por deficiencia de hierro incluyen p\u00e9rdida de sangre, un mayor requerimiento de hierro en como en el embarazo y el crecimiento en la infancia, malabsorci\u00f3n de nutrientes e inflamaci\u00f3n.<\/p>\n\n\n\n<figure class=\"wp-block-gallery has-nested-images columns-default is-cropped wp-block-gallery-5 is-layout-flex wp-block-gallery-is-layout-flex\">\n<figure class=\"wp-block-image size-large\"><img decoding=\"async\" width=\"500\" height=\"281\" data-id=\"1078301\" src=\"https:\/\/dimensionturistica.com\/es\/wp-content\/uploads\/2025\/11\/223CHIN.jpg\" alt=\"\" class=\"wp-image-1078301\" srcset=\"https:\/\/dimensionturistica.com\/es\/wp-content\/uploads\/2025\/11\/223CHIN.jpg 500w, https:\/\/dimensionturistica.com\/es\/wp-content\/uploads\/2025\/11\/223CHIN-300x169.jpg 300w\" sizes=\"(max-width: 500px) 100vw, 500px\" \/><\/figure>\n<\/figure>\n\n\n\n<p>\u201cLa clave para poder identificar la falta de hierro, se puede medir con estudios de laboratorio como la cin\u00e9tica de hierro en sangre y principalmente la ferritina, cuyo valor adecuado es mayor de 30 ng\/ml. Toda persona por debajo de este valor tiene deficiencia de hierro, incrementando el riesgo de generar secuelas en su salud, como en el caso de las mujeres&nbsp; embrazadas con deficiencia de hierro cuyos bebes pueden presentar da\u00f1os irreversibles\u201d, dijo el Dr. Zigor Campos, tambi\u00e9n subdirector m\u00e9dico de UMAE 4 Luis Castelazo Ayala, del IMSS.<\/p>\n\n\n\n<p>El especialista coment\u00f3 que el tratamiento para la anemia por deficiencia de hierro es muy importante y determinante para evitar complicaciones maternas y fetales. Se basa en primera l\u00ednea en medicamentos v\u00eda oral; sin embargo, actualmente se cuenta con grandes avances en las presentaciones de hierro intravenoso (IV) a dosis altas, los cuales m\u00e1s all\u00e1 de tratar los s\u00edntomas asociados a la anemia, son capaces de reponer de manera r\u00e1pida, segura y sostenida los dep\u00f3sitos de hierro, con menores eventos adversos en comparaci\u00f3n a otras opciones y, por tanto, con mejores resultados terap\u00e9uticos.<\/p>\n\n\n\n<figure class=\"wp-block-gallery has-nested-images columns-default is-cropped wp-block-gallery-6 is-layout-flex wp-block-gallery-is-layout-flex\">\n<figure class=\"wp-block-image size-large\"><img decoding=\"async\" width=\"500\" height=\"333\" data-id=\"1078302\" src=\"https:\/\/dimensionturistica.com\/es\/wp-content\/uploads\/2025\/11\/9CHIN.jpg\" alt=\"\" class=\"wp-image-1078302\" srcset=\"https:\/\/dimensionturistica.com\/es\/wp-content\/uploads\/2025\/11\/9CHIN.jpg 500w, https:\/\/dimensionturistica.com\/es\/wp-content\/uploads\/2025\/11\/9CHIN-300x200.jpg 300w\" sizes=\"(max-width: 500px) 100vw, 500px\" \/><\/figure>\n<\/figure>\n\n\n\n<p>\u201cTambi\u00e9n exist\u00eda la administraci\u00f3n de hierro intramuscular, sin embargo, ahora se sabe que esta v\u00eda no debe ser usada, debido a las reacciones inflamatorias y a que es imposible administrar dosis altas de hierro sin provocar un da\u00f1o al tejido del gl\u00fateo\u201d, enfatiz\u00f3.<\/p>\n\n\n\n<p>Desde hace m\u00e1s de 10 a\u00f1os se han implementado grandes avances cient\u00edficos para poder administrar v\u00eda intravenosa el aporte de hierro necesario con m\u00ednimas complicaciones. Esta opci\u00f3n nos permite ofrecer un tratamiento seguro y eficaz desde el 2do trimestre del embarazo que nos ayudar\u00e1 a alcanzar la meta de reducci\u00f3n de la anemia en mujeres en edad&nbsp; reproductiva y reducir morbimortalidad materno-fetal\u201d, puntualiz\u00f3 el gineco-obstetra.<\/p>\n\n\n\n<p>CHINOIN\u00ae Productos Farmac\u00e9uticos S.A DE C.V mantiene su campa\u00f1a \u201cToma al Hierro en Serio\u201d<\/p>\n\n\n\n<p>El Dr. Alan Barrell, Director M\u00e9dico de CHINOIN\u00ae, mencion\u00f3 que la campa\u00f1a &amp;quot;Toma al Hierro en Serio&amp;quot; es una iniciativa liderada por CHINOIN\u00ae, empresa 100% mexicana y socialmente responsable, que tiene como objetivo la difusi\u00f3n masiva de mensajes respaldados por informaci\u00f3n cient\u00edfica, para impulsar un llamado a la acci\u00f3n en diversos frentes. Toma al Hierro en Serio se enfoca en alcanzar al p\u00fablico en general a trav\u00e9s de redes sociales, medios de comunicaci\u00f3n y campa\u00f1as de detecci\u00f3n de anemia, con el fin de aumentar la conciencia sobre esta condici\u00f3n y promover la importancia de su diagn\u00f3stico y tratamiento oportuno.<\/p>\n\n\n\n<figure class=\"wp-block-gallery has-nested-images columns-default is-cropped wp-block-gallery-7 is-layout-flex wp-block-gallery-is-layout-flex\">\n<figure class=\"wp-block-image size-large\"><img decoding=\"async\" width=\"500\" height=\"466\" data-id=\"1078303\" src=\"https:\/\/dimensionturistica.com\/es\/wp-content\/uploads\/2025\/11\/3CHI-1.jpg\" alt=\"\" class=\"wp-image-1078303\" srcset=\"https:\/\/dimensionturistica.com\/es\/wp-content\/uploads\/2025\/11\/3CHI-1.jpg 500w, https:\/\/dimensionturistica.com\/es\/wp-content\/uploads\/2025\/11\/3CHI-1-300x280.jpg 300w\" sizes=\"(max-width: 500px) 100vw, 500px\" \/><figcaption class=\"wp-element-caption\">hdr<\/figcaption><\/figure>\n<\/figure>\n\n\n\n<p>Adem\u00e1s, CHINOIN\u00ae realiza eventos de difusi\u00f3n y educaci\u00f3n m\u00e9dica continua donde brinda informaci\u00f3n cient\u00edfica actualizada de alto nivel a los profesionales de salud para que puedan realizar un diagn\u00f3stico oportuno y un tratamiento de alta calidad. De esta manera, se busca fortalecer la capacidad de respuesta integral frente a esta problem\u00e1tica de salud p\u00fablica.<\/p>\n\n\n\n<p>La anemia por deficiencia de hierro es una crisis global que requiere acciones urgentes y coordinadas por parte de todos los niveles de gobierno, la sociedad y la industria en conjunto y es importante la educaci\u00f3n y sensibilizaci\u00f3n de la sociedad sobre la alta prevalencia de la anemia, especialmente entre mujeres y ni\u00f1os, concluyeron los expertos.<\/p>\n","protected":false},"excerpt":{"rendered":"<p>La anemia durante el embarazo est\u00e1 asociada al aumento de la mortalidad materna e infantil debido a duplicaci\u00f3n del riesgo de hemorragia obst\u00e9trica, preeclampsia, partos prematuros, bajo peso al nacer, crecimiento retardado en el desarrollo psicomotor y cognitivo, as\u00ed como resistencia disminuida a las infecciones, las cuales podr\u00edan reducirse con el diagn\u00f3stico y tratamiento temprano [&hellip;]<\/p>\n","protected":false},"author":1,"featured_media":0,"comment_status":"open","ping_status":"closed","sticky":false,"template":"","format":"standard","meta":{"om_disable_all_campaigns":false,"jnews-multi-image_gallery":[],"jnews_single_post":{"format":"standard"},"jnews_primary_category":[],"jnews_social_meta":[],"footnotes":""},"categories":[40],"tags":[],"class_list":["post-1078288","post","type-post","status-publish","format-standard","hentry","category-industria"],"_links":{"self":[{"href":"https:\/\/dimensionturistica.com\/es\/wp-json\/wp\/v2\/posts\/1078288","targetHints":{"allow":["GET"]}}],"collection":[{"href":"https:\/\/dimensionturistica.com\/es\/wp-json\/wp\/v2\/posts"}],"about":[{"href":"https:\/\/dimensionturistica.com\/es\/wp-json\/wp\/v2\/types\/post"}],"author":[{"embeddable":true,"href":"https:\/\/dimensionturistica.com\/es\/wp-json\/wp\/v2\/users\/1"}],"replies":[{"embeddable":true,"href":"https:\/\/dimensionturistica.com\/es\/wp-json\/wp\/v2\/comments?post=1078288"}],"version-history":[{"count":1,"href":"https:\/\/dimensionturistica.com\/es\/wp-json\/wp\/v2\/posts\/1078288\/revisions"}],"predecessor-version":[{"id":1078304,"href":"https:\/\/dimensionturistica.com\/es\/wp-json\/wp\/v2\/posts\/1078288\/revisions\/1078304"}],"wp:attachment":[{"href":"https:\/\/dimensionturistica.com\/es\/wp-json\/wp\/v2\/media?parent=1078288"}],"wp:term":[{"taxonomy":"category","embeddable":true,"href":"https:\/\/dimensionturistica.com\/es\/wp-json\/wp\/v2\/categories?post=1078288"},{"taxonomy":"post_tag","embeddable":true,"href":"https:\/\/dimensionturistica.com\/es\/wp-json\/wp\/v2\/tags?post=1078288"}],"curies":[{"name":"wp","href":"https:\/\/api.w.org\/{rel}","templated":true}]}}