{"id":1078255,"date":"2025-11-27T11:42:11","date_gmt":"2025-11-27T11:42:11","guid":{"rendered":"https:\/\/dimensionturistica.com\/es\/?p=1078255"},"modified":"2025-11-27T11:42:11","modified_gmt":"2025-11-27T11:42:11","slug":"celebracion-del-aniversario-de-fotur-y-la-tercera-entrega-de-los-premios-del-sector-turistico-junta-a-la-industria-del-turismo","status":"publish","type":"post","link":"https:\/\/dimensionturistica.com\/es\/celebracion-del-aniversario-de-fotur-y-la-tercera-entrega-de-los-premios-del-sector-turistico-junta-a-la-industria-del-turismo\/","title":{"rendered":"Celebraci\u00f3n del Aniversario de FOTUR y la Tercera Entrega de los Premios del Sector Tur\u00edstico Junta a la Industria del Turismo"},"content":{"rendered":"<p><strong>Celebrando el Turismo: Un Encuentro que Refuerza la Industria<\/strong><\/p>\n<p>En un momento crucial para la industria tur\u00edstica, la comunidad de profesionales y empresas del sector se uni\u00f3 en un evento significativo que marca un hito en el panorama tur\u00edstico. Recientemente, se llev\u00f3 a cabo la celebraci\u00f3n del aniversario de Fotur, la Federaci\u00f3n de Asociaciones de Agencias de Viajes y Turismo, acompa\u00f1ada de la III edici\u00f3n de los Premios Turismo. Este acontecimiento no solo sirvi\u00f3 para conmemorar el trabajo y la dedicaci\u00f3n de los actores del turismo, sino que tambi\u00e9n destac\u00f3 los desaf\u00edos y oportunidades que enfrenta el sector en la actualidad.<\/p>\n<p><strong>Un Espacio de Reconocimiento y Networking<\/strong><\/p>\n<p>El evento reuni\u00f3 a una amplia variedad de representantes de la industria, desde agencias de viajes hasta instituciones gubernamentales. Esta convergencia de talentos y experiencias se tradujo en una plataforma ideal para el intercambio de ideas y la creaci\u00f3n de sinergias. Los Premios Turismo, por su parte, reconocieron a aquellas empresas y profesionales que, con su esfuerzo y dedicaci\u00f3n, han contribuido significativamente a la evoluci\u00f3n y mejora del sector tur\u00edstico.<\/p>\n<p>La entrega de premios fue un momento emotivo, donde se celebr\u00f3 la innovaci\u00f3n y el compromiso de quienes han sabido adaptarse y responder a los cambios en la demanda tur\u00edstica. Estos galardones no solo valoran el trabajo realizado hasta ahora, sino que tambi\u00e9n inspiran a otros a seguir adelante en un mundo que exige constante creatividad y adaptaci\u00f3n.<\/p>\n<p><strong>Desaf\u00edos y Oportunidades en el Horizonte<\/strong><\/p>\n<p>El panorama tur\u00edstico no es ajeno a las dificultades. Los recientes desaf\u00edos globales han puesto a prueba la resistencia de la industria, obligando a las empresas a replantearse sus estrategias y procesos. Sin embargo, tambi\u00e9n han surgido nuevas oportunidades, especialmente en \u00e1reas como la sostenibilidad y el turismo responsable. Los asistentes al evento debatieron sobre la importancia de innovar y de abrazar nuevas tecnolog\u00edas que faciliten una experiencia m\u00e1s enriquecedora tanto para los turistas como para los destinos.<\/p>\n<p><strong>Mirando hacia el Futuro<\/strong><\/p>\n<p>A medida que el sector tur\u00edstico se recupera, es fundamental que los profesionales mantengan una actitud proactiva. Estos encuentros son vitales para fomentar la cooperaci\u00f3n y la uni\u00f3n entre los diferentes actores de la industria. La celebraci\u00f3n del aniversario de Fotur y los Premios Turismo es una muestra contundente de que, a pesar de los retos, la pasi\u00f3n por el turismo sigue viva y se fortalece a trav\u00e9s de la colaboraci\u00f3n.<\/p>\n<p>En definitiva, estas iniciativas no solo celebran logros pasados sino que tambi\u00e9n generan un impulso hacia un futuro m\u00e1s brillante y sostenible para el turismo. La comunidad tur\u00edstica, unida y comprometida, tiene el potencial de transformar desaf\u00edos en oportunidades, asegurando un legado duradero para las generaciones venideras. As\u00ed, alzamos la vista hacia un horizonte prometedor, donde la experiencia de viajar se convierte en un motor de desarrollo y conexi\u00f3n humana.<\/p>\n<p><em> &#8221; Sources www.elperiodicodeaqui.com &#8221; <\/em><\/p>\n","protected":false},"excerpt":{"rendered":"<p>Celebrando el Turismo: Un Encuentro que Refuerza la Industria En un momento crucial para la industria tur\u00edstica, la comunidad de profesionales y empresas del sector se uni\u00f3 en un evento significativo que marca un hito en el panorama tur\u00edstico. Recientemente, se llev\u00f3 a cabo la celebraci\u00f3n del aniversario de Fotur, la Federaci\u00f3n de Asociaciones de [&hellip;]<\/p>\n","protected":false},"author":4,"featured_media":1078256,"comment_status":"open","ping_status":"closed","sticky":false,"template":"","format":"standard","meta":{"om_disable_all_campaigns":false,"jnews-multi-image_gallery":[],"jnews_single_post":[],"jnews_primary_category":[],"jnews_social_meta":[],"footnotes":""},"categories":[40],"tags":[1118,2448,724,49518,73266,604,966,544],"class_list":["post-1078255","post","type-post","status-publish","format-standard","has-post-thumbnail","hentry","category-industria","tag-aniversario","tag-celebracion","tag-eventos","tag-fotur","tag-iii-edicion","tag-industria","tag-premios","tag-turismo"],"_links":{"self":[{"href":"https:\/\/dimensionturistica.com\/es\/wp-json\/wp\/v2\/posts\/1078255","targetHints":{"allow":["GET"]}}],"collection":[{"href":"https:\/\/dimensionturistica.com\/es\/wp-json\/wp\/v2\/posts"}],"about":[{"href":"https:\/\/dimensionturistica.com\/es\/wp-json\/wp\/v2\/types\/post"}],"author":[{"embeddable":true,"href":"https:\/\/dimensionturistica.com\/es\/wp-json\/wp\/v2\/users\/4"}],"replies":[{"embeddable":true,"href":"https:\/\/dimensionturistica.com\/es\/wp-json\/wp\/v2\/comments?post=1078255"}],"version-history":[{"count":1,"href":"https:\/\/dimensionturistica.com\/es\/wp-json\/wp\/v2\/posts\/1078255\/revisions"}],"predecessor-version":[{"id":1078257,"href":"https:\/\/dimensionturistica.com\/es\/wp-json\/wp\/v2\/posts\/1078255\/revisions\/1078257"}],"wp:featuredmedia":[{"embeddable":true,"href":"https:\/\/dimensionturistica.com\/es\/wp-json\/wp\/v2\/media\/1078256"}],"wp:attachment":[{"href":"https:\/\/dimensionturistica.com\/es\/wp-json\/wp\/v2\/media?parent=1078255"}],"wp:term":[{"taxonomy":"category","embeddable":true,"href":"https:\/\/dimensionturistica.com\/es\/wp-json\/wp\/v2\/categories?post=1078255"},{"taxonomy":"post_tag","embeddable":true,"href":"https:\/\/dimensionturistica.com\/es\/wp-json\/wp\/v2\/tags?post=1078255"}],"curies":[{"name":"wp","href":"https:\/\/api.w.org\/{rel}","templated":true}]}}