{"id":1078237,"date":"2025-11-27T10:36:22","date_gmt":"2025-11-27T10:36:22","guid":{"rendered":"https:\/\/dimensionturistica.com\/es\/?p=1078237"},"modified":"2025-11-27T10:36:22","modified_gmt":"2025-11-27T10:36:22","slug":"la-noche-estelar-de-la-industria-turistica-en-cordoba-en-los-premios-bitacora","status":"publish","type":"post","link":"https:\/\/dimensionturistica.com\/es\/la-noche-estelar-de-la-industria-turistica-en-cordoba-en-los-premios-bitacora\/","title":{"rendered":"La noche estelar de la industria tur\u00edstica en C\u00f3rdoba en los Premios Bit\u00e1cora."},"content":{"rendered":"<h3>C\u00f3rdoba Brilla: La Noche de la Industria Tur\u00edstica<\/h3>\n<p>La ciudad de C\u00f3rdoba se ilumin\u00f3 recientemente con la celebraci\u00f3n de los Premios Bit\u00e1cora, un reconocimiento que resalta la labor y el esfuerzo de quienes forman parte de la vibrante industria tur\u00edstica de la regi\u00f3n. Este evento no solo fue una gala llena de elegancia, sino un testimonio del creciente dinamismo que el turismo representa para la econom\u00eda cordobesa.<\/p>\n<p>El escenario, repleto de actores del sector, fue testigo de momentos memorables. Personalidades destacadas y empresas comprometidas se dieron cita para celebrar los logros alcanzados en un campo que ha mostrado una resiliencia admirable, especialmente en tiempos desafiantes. Las diversas categor\u00edas premiadas abarcaron desde la mejor propuesta gastron\u00f3mica hasta los destinos m\u00e1s innovadores, cada uno contribuyendo a la rica tapestry de la oferta tur\u00edstica cordobesa.<\/p>\n<p>Entre los galardonados, se evidenci\u00f3 la diversidad y la creatividad que caracterizan a la industria. Desde las peque\u00f1as empresas familiares que ofrecen experiencias aut\u00e9nticas hasta las grandes cadenas que garantizan un nivel de servicio excepcional, cada premio fue un reflejo de la dedicaci\u00f3n y el compromiso hacia la excelencia. La innovaci\u00f3n fue un protagonista destacado de la noche, con varias iniciativas que fusionan la tecnolog\u00eda y la tradici\u00f3n, creando as\u00ed un turismo m\u00e1s accesible y memorable.<\/p>\n<p>Una de las notas m\u00e1s emotivas de la velada fue el reconocimiento a los esfuerzos de quienes, a pesar de las adversidades, se han mantenido firmes en su pasi\u00f3n por la hospitalidad y la promoci\u00f3n de la cultura local. Este aspecto del turismo es fundamental, ya que no solo involucra visitar lugares, sino tambi\u00e9n conectar con historias, tradiciones y personas que enriquecen la experiencia del viajero.<\/p>\n<p>La gala tambi\u00e9n sirvi\u00f3 como plataforma para destacar proyectos sostenibles que buscan preservar el entorno natural y cultural de C\u00f3rdoba. En una \u00e9poca donde el turismo responsable se vuelve cada vez m\u00e1s cr\u00edtico, iniciativas que promueven pr\u00e1cticas ecol\u00f3gicas y el respeto por las comunidades locales est\u00e1n destinadas a marcar el rumbo de la industria en los pr\u00f3ximos a\u00f1os.<\/p>\n<p>A medida que los aplausos resonaban y los premios eran entregados, qued\u00f3 claro que C\u00f3rdoba est\u00e1 en un camino ascendente. La noche no solo celebr\u00f3 \u00e9xitos pasados, sino que tambi\u00e9n mir\u00f3 hacia el futuro, donde los desaf\u00edos pueden convertirse en oportunidades. La colaboraci\u00f3n entre actores del sector, con un enfoque en el desarrollo sostenible y la innovaci\u00f3n, promete llevar a la industria tur\u00edstica cordobesa a nuevas alturas.<\/p>\n<p>En resumen, los Premios Bit\u00e1cora no fueron solo una noche de celebraciones, sino una reafirmaci\u00f3n del compromiso de C\u00f3rdoba con el turismo y la hospitalidad. La comunidad tur\u00edstica local sigue demostrando que uniendo fuerzas se pueden lograr grandes cosas. Con su rica historia, diversa cultura, y un panorama natural excepcional, C\u00f3rdoba no solo sigue siendo un destino tur\u00edstico popular, sino tambi\u00e9n un ejemplo inspirador en la industria global del turismo.<\/p>\n<p><em> &#8221; Sources mundoempresas.com.ar &#8221; <\/em><\/p>\n","protected":false},"excerpt":{"rendered":"<p>C\u00f3rdoba Brilla: La Noche de la Industria Tur\u00edstica La ciudad de C\u00f3rdoba se ilumin\u00f3 recientemente con la celebraci\u00f3n de los Premios Bit\u00e1cora, un reconocimiento que resalta la labor y el esfuerzo de quienes forman parte de la vibrante industria tur\u00edstica de la regi\u00f3n. Este evento no solo fue una gala llena de elegancia, sino un [&hellip;]<\/p>\n","protected":false},"author":4,"featured_media":1078238,"comment_status":"open","ping_status":"closed","sticky":false,"template":"","format":"standard","meta":{"om_disable_all_campaigns":false,"jnews-multi-image_gallery":[],"jnews_single_post":[],"jnews_primary_category":[],"jnews_social_meta":[],"footnotes":""},"categories":[40],"tags":[558,724,25759,1296,11643,106139,5327,544],"class_list":["post-1078237","post","type-post","status-publish","format-standard","has-post-thumbnail","hentry","category-industria","tag-cordoba","tag-eventos","tag-gala","tag-industria-turistica","tag-premiacion","tag-premios-bitacora","tag-reconocimiento","tag-turismo"],"_links":{"self":[{"href":"https:\/\/dimensionturistica.com\/es\/wp-json\/wp\/v2\/posts\/1078237","targetHints":{"allow":["GET"]}}],"collection":[{"href":"https:\/\/dimensionturistica.com\/es\/wp-json\/wp\/v2\/posts"}],"about":[{"href":"https:\/\/dimensionturistica.com\/es\/wp-json\/wp\/v2\/types\/post"}],"author":[{"embeddable":true,"href":"https:\/\/dimensionturistica.com\/es\/wp-json\/wp\/v2\/users\/4"}],"replies":[{"embeddable":true,"href":"https:\/\/dimensionturistica.com\/es\/wp-json\/wp\/v2\/comments?post=1078237"}],"version-history":[{"count":1,"href":"https:\/\/dimensionturistica.com\/es\/wp-json\/wp\/v2\/posts\/1078237\/revisions"}],"predecessor-version":[{"id":1078239,"href":"https:\/\/dimensionturistica.com\/es\/wp-json\/wp\/v2\/posts\/1078237\/revisions\/1078239"}],"wp:featuredmedia":[{"embeddable":true,"href":"https:\/\/dimensionturistica.com\/es\/wp-json\/wp\/v2\/media\/1078238"}],"wp:attachment":[{"href":"https:\/\/dimensionturistica.com\/es\/wp-json\/wp\/v2\/media?parent=1078237"}],"wp:term":[{"taxonomy":"category","embeddable":true,"href":"https:\/\/dimensionturistica.com\/es\/wp-json\/wp\/v2\/categories?post=1078237"},{"taxonomy":"post_tag","embeddable":true,"href":"https:\/\/dimensionturistica.com\/es\/wp-json\/wp\/v2\/tags?post=1078237"}],"curies":[{"name":"wp","href":"https:\/\/api.w.org\/{rel}","templated":true}]}}