{"id":1078113,"date":"2025-11-27T02:31:53","date_gmt":"2025-11-27T02:31:53","guid":{"rendered":"https:\/\/dimensionturistica.com\/es\/?p=1078113"},"modified":"2025-11-27T02:31:53","modified_gmt":"2025-11-27T02:31:53","slug":"tendencias-de-peinados-para-2026-estilos-que-marcan-la-pauta-en-el-mundo-de-la-moda","status":"publish","type":"post","link":"https:\/\/dimensionturistica.com\/es\/tendencias-de-peinados-para-2026-estilos-que-marcan-la-pauta-en-el-mundo-de-la-moda\/","title":{"rendered":"Tendencias de peinados para 2026: Estilos que marcan la pauta en el mundo de la moda."},"content":{"rendered":"<h3>Tendencias de Peinados para el 2026: Innovaci\u00f3n y Estilo<\/h3>\n<p>La industria de la moda se encuentra en constante evoluci\u00f3n y, a medida que nos adentramos en el 2026, los peinados prometen ser una parte esencial de la expresi\u00f3n personal. A continuaci\u00f3n, exploramos las tendencias m\u00e1s impactantes y atemporales que dominar\u00e1n el mundo de los peinados en los pr\u00f3ximos a\u00f1os.<\/p>\n<h4>1. <strong>Texturas Naturales y Efectos Despeinados<\/strong><\/h4>\n<p>La autenticidad es clave. El 2026 ver\u00e1 un resurgimiento de las texturas naturales, donde el cabello se lucir\u00e1 en su estado m\u00e1s puro. Los looks ligeramente despeinados se convertir\u00e1n en un must, con estilos que evocan un aire despreocupado pero chic. Este enfoque permite a cada persona resaltar su individualidad, brindando un efecto relajado y sofisticado a la vez.<\/p>\n<h4>2. <strong>Peinados Acentuados por Accesorios<\/strong><\/h4>\n<p>Los accesorios para el cabello est\u00e1n elevando los looks a un nuevo nivel. Desde diademas llamativas hasta pasadores decorativos, estos elementos se convierten en protagonistas del estilo. En el 2026, esperamos ver combinaciones audaces de colores y texturas, donde cada accesorio cuenta una historia y aporta un toque distintivo a cualquier peinado.<\/p>\n<h4>3. <strong>Coletas de Alto Impacto<\/strong><\/h4>\n<p>La coleta, un cl\u00e1sico eterno, toma un giro innovador. La versi\u00f3n moderna de este peinado combina varias t\u00e9cnicas, como trenzas o torsiones, y se adorna con cintas brillantes o pi\u00f1as. Ya no se trata solo de recoger el cabello; es una declaraci\u00f3n de estilo que ofrece versatilidad y elegancia tanto para el d\u00eda a d\u00eda como para eventos especiales.<\/p>\n<h4>4. <strong>Coloraci\u00f3n Cautivadora<\/strong><\/h4>\n<p>El color va m\u00e1s all\u00e1 de lo convencional. En 2026, las paletas de colores audaces y vibrantes, as\u00ed como las sutiles transiciones de tonos, se convertir\u00e1n en la norma. Los degradados y los tonos pastel continuar\u00e1n en auge, transformando el cabello en una aut\u00e9ntica obra de arte. Las personalizaciones de color permiten a cada individuo contar su propia historia a trav\u00e9s de su cabello.<\/p>\n<h4>5. <strong>Peinados Vintage con un Giro Moderno<\/strong><\/h4>\n<p>La nostalgia nunca pasa de moda, y en 2026, los peinados inspirados en d\u00e9cadas pasadas obtendr\u00e1n un refresco contempor\u00e1neo. Recogidos inspirados en los a\u00f1os 60, ondas grandes de los 70 y estilos de los 90 se adaptar\u00e1n a las tendencias actuales, incorporando elementos modernos que les otorguen un nuevo comienzo.<\/p>\n<h4>6. <strong>Peinados Inclusivos para Todos<\/strong><\/h4>\n<p>Una de las tendencias m\u00e1s notables es la celebraci\u00f3n de la diversidad. Los peinados en el 2026 estar\u00e1n dise\u00f1ados para adaptarse a todo tipo de texturas y longitudes. La personalizaci\u00f3n ser\u00e1 clave, permitiendo que cada persona encuentre su estilo ideal, independientemente de su tipo de cabello.<\/p>\n<h3>Conclusi\u00f3n<\/h3>\n<p>Los peinados del 2026 no solo reflejan tendencias est\u00e9ticas, sino tambi\u00e9n un movimiento hacia la autenticidad y la individualidad. Este a\u00f1o promete ser emblem\u00e1tico, donde cada look es una celebraci\u00f3n del estilo personal. Con estas innovaciones, cada peinado tiene el potencial de contar una historia singular y envolvente. <\/p>\n<p>Mantente atento a estas tendencias, \u00a1te sorprender\u00e1n!<\/p>\n<p><em> &#8221; Fuentes www.vogue.mx &#8221; <\/em><\/p>\n","protected":false},"excerpt":{"rendered":"<p>Tendencias de Peinados para el 2026: Innovaci\u00f3n y Estilo La industria de la moda se encuentra en constante evoluci\u00f3n y, a medida que nos adentramos en el 2026, los peinados prometen ser una parte esencial de la expresi\u00f3n personal. A continuaci\u00f3n, exploramos las tendencias m\u00e1s impactantes y atemporales que dominar\u00e1n el mundo de los peinados [&hellip;]<\/p>\n","protected":false},"author":14,"featured_media":1078114,"comment_status":"open","ping_status":"closed","sticky":false,"template":"","format":"standard","meta":{"om_disable_all_campaigns":false,"jnews-multi-image_gallery":[],"jnews_single_post":[],"jnews_primary_category":[],"jnews_social_meta":[],"footnotes":""},"categories":[144872],"tags":[55723,35453,3381,39783,7758,20607,14971,659,202184,2182],"class_list":["post-1078113","post","type-post","status-publish","format-standard","has-post-thumbnail","hentry","category-fashion","tag-55723","tag-accesorios","tag-belleza","tag-cabello","tag-estilo","tag-inspiracion","tag-looks","tag-moda","tag-peinados","tag-tendencias"],"_links":{"self":[{"href":"https:\/\/dimensionturistica.com\/es\/wp-json\/wp\/v2\/posts\/1078113","targetHints":{"allow":["GET"]}}],"collection":[{"href":"https:\/\/dimensionturistica.com\/es\/wp-json\/wp\/v2\/posts"}],"about":[{"href":"https:\/\/dimensionturistica.com\/es\/wp-json\/wp\/v2\/types\/post"}],"author":[{"embeddable":true,"href":"https:\/\/dimensionturistica.com\/es\/wp-json\/wp\/v2\/users\/14"}],"replies":[{"embeddable":true,"href":"https:\/\/dimensionturistica.com\/es\/wp-json\/wp\/v2\/comments?post=1078113"}],"version-history":[{"count":1,"href":"https:\/\/dimensionturistica.com\/es\/wp-json\/wp\/v2\/posts\/1078113\/revisions"}],"predecessor-version":[{"id":1078115,"href":"https:\/\/dimensionturistica.com\/es\/wp-json\/wp\/v2\/posts\/1078113\/revisions\/1078115"}],"wp:featuredmedia":[{"embeddable":true,"href":"https:\/\/dimensionturistica.com\/es\/wp-json\/wp\/v2\/media\/1078114"}],"wp:attachment":[{"href":"https:\/\/dimensionturistica.com\/es\/wp-json\/wp\/v2\/media?parent=1078113"}],"wp:term":[{"taxonomy":"category","embeddable":true,"href":"https:\/\/dimensionturistica.com\/es\/wp-json\/wp\/v2\/categories?post=1078113"},{"taxonomy":"post_tag","embeddable":true,"href":"https:\/\/dimensionturistica.com\/es\/wp-json\/wp\/v2\/tags?post=1078113"}],"curies":[{"name":"wp","href":"https:\/\/api.w.org\/{rel}","templated":true}]}}