{"id":1078091,"date":"2025-11-27T02:26:41","date_gmt":"2025-11-27T02:26:41","guid":{"rendered":"https:\/\/dimensionturistica.com\/es\/?p=1078091"},"modified":"2025-11-27T02:26:41","modified_gmt":"2025-11-27T02:26:41","slug":"elige-messe-berlin-a-guadalajara-como-sede-de-su-oficina-para-las-americas-y-anuncian-que-jalisco-sera-sede-de-itb-americas-en-2026","status":"publish","type":"post","link":"https:\/\/dimensionturistica.com\/es\/elige-messe-berlin-a-guadalajara-como-sede-de-su-oficina-para-las-americas-y-anuncian-que-jalisco-sera-sede-de-itb-americas-en-2026\/","title":{"rendered":"Elige Messe Berlin a Guadalajara como sede de su oficina para Las Am\u00e9ricas y anuncian que Jalisco ser\u00e1 sede de ITB Am\u00e9ricas en 2026"},"content":{"rendered":"\n<figure class=\"wp-block-gallery has-nested-images columns-default is-cropped wp-block-gallery-1 is-layout-flex wp-block-gallery-is-layout-flex\">\n<figure class=\"wp-block-image size-large\"><img decoding=\"async\" width=\"500\" height=\"214\" data-id=\"1078092\" src=\"https:\/\/dimensionturistica.com\/es\/wp-content\/uploads\/2025\/11\/LOGOMESE.jpg\" alt=\"\" class=\"wp-image-1078092\" srcset=\"https:\/\/dimensionturistica.com\/es\/wp-content\/uploads\/2025\/11\/LOGOMESE.jpg 500w, https:\/\/dimensionturistica.com\/es\/wp-content\/uploads\/2025\/11\/LOGOMESE-300x128.jpg 300w\" sizes=\"(max-width: 500px) 100vw, 500px\" \/><\/figure>\n<\/figure>\n\n\n\n<p>ITB Berlin es la feria tur\u00edstica m\u00e1s grande del mundo, y su nueva edici\u00f3n regional, ITB Americas, se llevar\u00e1 a cabo en Expo Guadalajara del 10 al 12 de noviembre de 2026, con una derrama econ\u00f3mica estimada de 240 millones de pesos.<\/p>\n\n\n\n<p>Messe Berlin GmbH es una empresa alemana l\u00edder en la organizaci\u00f3n de ferias, congresos y exposiciones de mayor importancia a nivel global.<\/p>\n\n\n\n<figure class=\"wp-block-gallery has-nested-images columns-default is-cropped wp-block-gallery-2 is-layout-flex wp-block-gallery-is-layout-flex\">\n<figure class=\"wp-block-image size-large\"><img decoding=\"async\" width=\"500\" height=\"293\" data-id=\"1078093\" src=\"https:\/\/dimensionturistica.com\/es\/wp-content\/uploads\/2025\/11\/6MESSE.jpg\" alt=\"\" class=\"wp-image-1078093\" srcset=\"https:\/\/dimensionturistica.com\/es\/wp-content\/uploads\/2025\/11\/6MESSE.jpg 500w, https:\/\/dimensionturistica.com\/es\/wp-content\/uploads\/2025\/11\/6MESSE-300x176.jpg 300w\" sizes=\"(max-width: 500px) 100vw, 500px\" \/><\/figure>\n<\/figure>\n\n\n\n<p>Pablo Lemus Navarro, Gobernador de Jalisco, reconoci\u00f3 que estas acciones marcar\u00e1n un precedente en el turismo continental.<\/p>\n\n\n\n<p>Guadalajara, Jalisco, a 25 de noviembre de 2025.- Para consolidar al estado como una plataforma del turismo internacional y centro del ecosistema de viajes, Pablo Lemus Navarro, Gobernador de Jalisco, anunci\u00f3 la primera edici\u00f3n de ITB Americas, un nuevo evento regional derivado de la feria tur\u00edstica l\u00edder a nivel mundial, que se llevar\u00e1 a cabo en Expo Guadalajara del 10 al 12 de noviembre de 2026.<\/p>\n\n\n\n<figure class=\"wp-block-gallery has-nested-images columns-default is-cropped wp-block-gallery-3 is-layout-flex wp-block-gallery-is-layout-flex\">\n<figure class=\"wp-block-image size-large\"><img decoding=\"async\" width=\"500\" height=\"333\" data-id=\"1078094\" src=\"https:\/\/dimensionturistica.com\/es\/wp-content\/uploads\/2025\/11\/1MESDSE.jpg\" alt=\"\" class=\"wp-image-1078094\" srcset=\"https:\/\/dimensionturistica.com\/es\/wp-content\/uploads\/2025\/11\/1MESDSE.jpg 500w, https:\/\/dimensionturistica.com\/es\/wp-content\/uploads\/2025\/11\/1MESDSE-300x200.jpg 300w\" sizes=\"(max-width: 500px) 100vw, 500px\" \/><\/figure>\n<\/figure>\n\n\n\n<p>Al mismo tiempo, el mandatario estatal anunci\u00f3 que Messe Berlin GmbH, empresa alemana l\u00edder en la organizaci\u00f3n de ferias, congresos y exposiciones con mayor importancia global, entre ellas la ITB Berlin, eligi\u00f3 Guadalajara como sede de su oficina continental.<\/p>\n\n\n\n<figure class=\"wp-block-gallery has-nested-images columns-default is-cropped wp-block-gallery-4 is-layout-flex wp-block-gallery-is-layout-flex\">\n<figure class=\"wp-block-image size-large\"><img decoding=\"async\" width=\"500\" height=\"333\" data-id=\"1078096\" src=\"https:\/\/dimensionturistica.com\/es\/wp-content\/uploads\/2025\/11\/2MESSE.jpg\" alt=\"\" class=\"wp-image-1078096\" srcset=\"https:\/\/dimensionturistica.com\/es\/wp-content\/uploads\/2025\/11\/2MESSE.jpg 500w, https:\/\/dimensionturistica.com\/es\/wp-content\/uploads\/2025\/11\/2MESSE-300x200.jpg 300w\" sizes=\"(max-width: 500px) 100vw, 500px\" \/><\/figure>\n<\/figure>\n\n\n\n<p>Lemus Navarro destac\u00f3 la importancia de ambos anuncios, ya que la llegada de Messe Berlin Americas a la ciudad y la realizaci\u00f3n de la primera ITB Americas el pr\u00f3ximo a\u00f1o, marcar\u00e1 un precedente en el turismo continental.&nbsp;<\/p>\n\n\n\n<p>\u201cPor fin, tenemos esta sede en Jalisco, y estamos muy felices de compartirlo con todas y todos ustedes. Por primera vez en la historia, un evento derivado de la feria de turismo m\u00e1s importante del mundo tendr\u00e1 lugar en las Am\u00e9ricas, y ser\u00e1 aqu\u00ed, en nuestra casa. Ning\u00fan otro pa\u00eds del continente ha tenido esta oportunidad\u201d, detall\u00f3 el Gobernador.<\/p>\n\n\n\n<figure class=\"wp-block-gallery has-nested-images columns-default is-cropped wp-block-gallery-5 is-layout-flex wp-block-gallery-is-layout-flex\">\n<figure class=\"wp-block-image size-large\"><img decoding=\"async\" width=\"500\" height=\"333\" data-id=\"1078099\" src=\"https:\/\/dimensionturistica.com\/es\/wp-content\/uploads\/2025\/11\/5MESSE.jpg\" alt=\"\" class=\"wp-image-1078099\" srcset=\"https:\/\/dimensionturistica.com\/es\/wp-content\/uploads\/2025\/11\/5MESSE.jpg 500w, https:\/\/dimensionturistica.com\/es\/wp-content\/uploads\/2025\/11\/5MESSE-300x200.jpg 300w\" sizes=\"(max-width: 500px) 100vw, 500px\" \/><\/figure>\n<\/figure>\n\n\n\n<p>A\u00f1adi\u00f3 que estas acciones permitir\u00e1n la llegada a Jalisco de las ferias y exposiciones m\u00e1s relevantes del mundo, ya sea por sus tem\u00e1ticas, alcances econ\u00f3micos y visitantes, as\u00ed como en el fortalecimiento del turismo jalisciense.<\/p>\n\n\n\n<p>Esta feria incluye la participaci\u00f3n desde Canad\u00e1 hasta la Patagonia y el Caribe.0<\/p>\n\n\n\n<p>\u201cYa tenemos la Feria Internacional del Libro m\u00e1s grande en lectores del mundo, ITB Americas puede ser la feria de turismo m\u00e1s importante de todo el continente para los pr\u00f3ximos a\u00f1os, hay que dimensionar esto\u201d, dijo.<\/p>\n\n\n\n<p>El Gobernador, Pablo Lemus, aclar\u00f3 que esto no compite con el tianguis tur\u00edstico de Acapulco, y que lo que se busca es detonar al sector, no solo en Jalisco, sino tambi\u00e9n el de todo el pa\u00eds y a nivel internacional.<\/p>\n\n\n\n<figure class=\"wp-block-gallery has-nested-images columns-default is-cropped wp-block-gallery-6 is-layout-flex wp-block-gallery-is-layout-flex\">\n<figure class=\"wp-block-image size-large\"><img decoding=\"async\" width=\"500\" height=\"333\" data-id=\"1078100\" src=\"https:\/\/dimensionturistica.com\/es\/wp-content\/uploads\/2025\/11\/4MESSE.jpg\" alt=\"\" class=\"wp-image-1078100\" srcset=\"https:\/\/dimensionturistica.com\/es\/wp-content\/uploads\/2025\/11\/4MESSE.jpg 500w, https:\/\/dimensionturistica.com\/es\/wp-content\/uploads\/2025\/11\/4MESSE-300x200.jpg 300w\" sizes=\"(max-width: 500px) 100vw, 500px\" \/><\/figure>\n<\/figure>\n\n\n\n<p>Michelle Fridman Hirsch, Secretaria de Turismo de Jalisco, agradeci\u00f3 al Gobernador, Pablo Lemus, por creer y apostar al turismo como sector estrat\u00e9gico para el desarrollo de la entidad.<\/p>\n\n\n\n<p>Precis\u00f3 que para obtener la sede de las oficinas de Messe Berlin GmbH para Am\u00e9rica (Messe Berlin Americas), as\u00ed como la ITB Americas 2026, se compiti\u00f3 con otros pa\u00edses y Jalisco fue la mejor opci\u00f3n por su experiencia, infraestructura y ecosistema.<\/p>\n\n\n\n<figure class=\"wp-block-gallery has-nested-images columns-default is-cropped wp-block-gallery-7 is-layout-flex wp-block-gallery-is-layout-flex\">\n<figure class=\"wp-block-image size-large\"><img decoding=\"async\" width=\"500\" height=\"333\" data-id=\"1078101\" src=\"https:\/\/dimensionturistica.com\/es\/wp-content\/uploads\/2025\/11\/11MESSE.jpg\" alt=\"\" class=\"wp-image-1078101\" srcset=\"https:\/\/dimensionturistica.com\/es\/wp-content\/uploads\/2025\/11\/11MESSE.jpg 500w, https:\/\/dimensionturistica.com\/es\/wp-content\/uploads\/2025\/11\/11MESSE-300x200.jpg 300w\" sizes=\"(max-width: 500px) 100vw, 500px\" \/><\/figure>\n<\/figure>\n\n\n\n<p>\u201cPara todos los grandes eventos que vienen, entre ellos ITB Americas, tenemos una gran diversidad, y eso es un elemento diferenciador muy importante contra otros destinos con los que competimos\u201d, coment\u00f3 la Secretaria de Turismo.<\/p>\n\n\n\n<figure class=\"wp-block-gallery has-nested-images columns-default is-cropped wp-block-gallery-8 is-layout-flex wp-block-gallery-is-layout-flex\">\n<figure class=\"wp-block-image size-large\"><img decoding=\"async\" width=\"500\" height=\"333\" data-id=\"1078102\" src=\"https:\/\/dimensionturistica.com\/es\/wp-content\/uploads\/2025\/11\/7MESSE.jpg\" alt=\"\" class=\"wp-image-1078102\" srcset=\"https:\/\/dimensionturistica.com\/es\/wp-content\/uploads\/2025\/11\/7MESSE.jpg 500w, https:\/\/dimensionturistica.com\/es\/wp-content\/uploads\/2025\/11\/7MESSE-300x200.jpg 300w\" sizes=\"(max-width: 500px) 100vw, 500px\" \/><\/figure>\n<\/figure>\n\n\n\n<p>Reiter\u00f3 que Jalisco est\u00e1 preparado en infraestructura y conectividad, ya que actualmente est\u00e1n en proceso la llegada de 40 nuevos hoteles, con lo cual Jalisco va a llegar a m\u00e1s de 90 mil habitaciones antes del Mundial 2026.<\/p>\n\n\n\n<p>Agreg\u00f3 que hay en operaci\u00f3n 27 nuevos vuelos, que conectan con m\u00e1s de 90 destinos de manera directa.<\/p>\n\n\n\n<p>Mario Tob\u00edas, CEO de Messe Berlin GmbH, celebr\u00f3 la llegada de esta firma&nbsp; alemana al estado m\u00e1s mexicano, y agradeci\u00f3 el apoyo del Gobierno de Jalisco, la Secretar\u00eda de Turismo y la Oficina de Visitantes y Convenciones de Guadalajara, por consolidar estos logros.<\/p>\n\n\n\n<figure class=\"wp-block-gallery has-nested-images columns-default is-cropped wp-block-gallery-9 is-layout-flex wp-block-gallery-is-layout-flex\">\n<figure class=\"wp-block-image size-large\"><img decoding=\"async\" width=\"500\" height=\"333\" data-id=\"1078103\" src=\"https:\/\/dimensionturistica.com\/es\/wp-content\/uploads\/2025\/11\/8MESSE.jpg\" alt=\"\" class=\"wp-image-1078103\" srcset=\"https:\/\/dimensionturistica.com\/es\/wp-content\/uploads\/2025\/11\/8MESSE.jpg 500w, https:\/\/dimensionturistica.com\/es\/wp-content\/uploads\/2025\/11\/8MESSE-300x200.jpg 300w\" sizes=\"(max-width: 500px) 100vw, 500px\" \/><\/figure>\n<\/figure>\n\n\n\n<p>ITB Americas ser\u00e1 un espacio en el que se desarrollar\u00e1n las din\u00e1micas clave del turismo continental, como encuentros de negocios B2B, intercambio de ideas y proyecci\u00f3n internacional.<\/p>\n\n\n\n<p>En 2026 se celebrar\u00e1 la primera de cinco ediciones consecutivas que tendr\u00e1n lugar en Jalisco, consolidando al estado como sede estrat\u00e9gica para el desarrollo del turismo en Am\u00e9rica.<\/p>\n\n\n\n<figure class=\"wp-block-gallery has-nested-images columns-default is-cropped wp-block-gallery-10 is-layout-flex wp-block-gallery-is-layout-flex\">\n<figure class=\"wp-block-image size-large\"><img decoding=\"async\" width=\"500\" height=\"333\" data-id=\"1078104\" src=\"https:\/\/dimensionturistica.com\/es\/wp-content\/uploads\/2025\/11\/22MESSE.jpg\" alt=\"\" class=\"wp-image-1078104\" srcset=\"https:\/\/dimensionturistica.com\/es\/wp-content\/uploads\/2025\/11\/22MESSE.jpg 500w, https:\/\/dimensionturistica.com\/es\/wp-content\/uploads\/2025\/11\/22MESSE-300x200.jpg 300w\" sizes=\"(max-width: 500px) 100vw, 500px\" \/><\/figure>\n<\/figure>\n\n\n\n<p>Gustavo Staufert Buclon, Director de la Oficina de Visitantes y Convenciones de Guadalajara, destac\u00f3 que la feria ITB Americas y la llegada de Messe Berlin Americas a la ciudad, pondr\u00e1n a Jalisco a nivel mundial.<\/p>\n\n\n\n<p>La alianza entre Messe Berlin Americas \u2014organizadora de ITB Americas\u2014 y el Gobierno de Jalisco, representa una apuesta firme por la innovaci\u00f3n, la expansi\u00f3n de redes internacionales y el crecimiento sostenido del sector tur\u00edstico en el continente.<\/p>\n\n\n\n<figure class=\"wp-block-gallery has-nested-images columns-default is-cropped wp-block-gallery-11 is-layout-flex wp-block-gallery-is-layout-flex\">\n<figure class=\"wp-block-image size-large\"><img decoding=\"async\" width=\"500\" height=\"333\" data-id=\"1078105\" src=\"https:\/\/dimensionturistica.com\/es\/wp-content\/uploads\/2025\/11\/44MESSE.jpg\" alt=\"\" class=\"wp-image-1078105\" srcset=\"https:\/\/dimensionturistica.com\/es\/wp-content\/uploads\/2025\/11\/44MESSE.jpg 500w, https:\/\/dimensionturistica.com\/es\/wp-content\/uploads\/2025\/11\/44MESSE-300x200.jpg 300w\" sizes=\"(max-width: 500px) 100vw, 500px\" \/><\/figure>\n<\/figure>\n\n\n\n<p>Guadalajara fue seleccionada como sede de las Am\u00e9ricas gracias a su infraestructura tur\u00edstica y hotelera, su movilidad urbana y su ubicaci\u00f3n geogr\u00e1fica, tanto a nivel nacional como continental; a esto, se suma su conectividad a\u00e9rea y terrestre.<\/p>\n\n\n\n<p>En la feria ITB Americas 2026 se espera la participaci\u00f3n de m\u00e1s de 5 mil profesionales del sector, 300 Hosted Buyers calificados, representantes de m\u00e1s de 35 pa\u00edses y regiones, dos escenarios de conferencias, m\u00e1s de 40 sesiones especializadas y 5 mil metros cuadrados de \u00e1rea de exhibici\u00f3n.<\/p>\n\n\n\n<figure class=\"wp-block-gallery has-nested-images columns-default is-cropped wp-block-gallery-12 is-layout-flex wp-block-gallery-is-layout-flex\">\n<figure class=\"wp-block-image size-large\"><img decoding=\"async\" width=\"500\" height=\"333\" data-id=\"1078106\" src=\"https:\/\/dimensionturistica.com\/es\/wp-content\/uploads\/2025\/11\/9MESSE.jpg\" alt=\"\" class=\"wp-image-1078106\" srcset=\"https:\/\/dimensionturistica.com\/es\/wp-content\/uploads\/2025\/11\/9MESSE.jpg 500w, https:\/\/dimensionturistica.com\/es\/wp-content\/uploads\/2025\/11\/9MESSE-300x200.jpg 300w\" sizes=\"(max-width: 500px) 100vw, 500px\" \/><\/figure>\n<\/figure>\n\n\n\n<p>Los expositores representar\u00e1n toda la cadena de valor de la industria tur\u00edstica, como son organizaciones de turismo, operadores, hoteles, aerol\u00edneas, arrendadoras, proveedores tecnol\u00f3gicos y asociaciones internacionales.<\/p>\n\n\n\n<p>El evento contar\u00e1 con un riguroso proceso de validaci\u00f3n para garantizar la participaci\u00f3n de compradores con poder de adquisici\u00f3n activo y objetivos comerciales definidos, con especial atenci\u00f3n a mercados emergentes y oportunidades de expansi\u00f3n.<\/p>\n\n\n\n<div class=\"wp-block-columns is-layout-flex wp-container-core-columns-is-layout-9d6595d7 wp-block-columns-is-layout-flex\"><\/div>\n\n\n\n<figure class=\"wp-block-gallery has-nested-images columns-default is-cropped wp-block-gallery-13 is-layout-flex wp-block-gallery-is-layout-flex\">\n<figure class=\"wp-block-image size-large\"><img decoding=\"async\" width=\"799\" height=\"533\" data-id=\"1078109\" src=\"https:\/\/dimensionturistica.com\/es\/wp-content\/uploads\/2025\/11\/54946923648_545454265e_c.jpg\" alt=\"\" class=\"wp-image-1078109\" srcset=\"https:\/\/dimensionturistica.com\/es\/wp-content\/uploads\/2025\/11\/54946923648_545454265e_c.jpg 799w, https:\/\/dimensionturistica.com\/es\/wp-content\/uploads\/2025\/11\/54946923648_545454265e_c-300x200.jpg 300w, https:\/\/dimensionturistica.com\/es\/wp-content\/uploads\/2025\/11\/54946923648_545454265e_c-768x512.jpg 768w, https:\/\/dimensionturistica.com\/es\/wp-content\/uploads\/2025\/11\/54946923648_545454265e_c-750x500.jpg 750w\" sizes=\"(max-width: 799px) 100vw, 799px\" \/><\/figure>\n<\/figure>\n\n\n\n<p>Se estima una derrama tur\u00edstica de 240 millones de pesos, con la ocupaci\u00f3n de m\u00e1s de 10 mil cuartos noche en hoteles de Guadalajara, una derrama hotelera de 20 millones de pesos y un impacto estrat\u00e9gico de 9 millones de pesos.<\/p>\n\n\n\n<p>ITB Americas forma parte del portafolio de ferias internacionales de Messe Berlin GmbH, que incluye ITB Berlin, ITB Asia, ITB China e ITB India. Su llegada a M\u00e9xico marca un paso estrat\u00e9gico para consolidar una red de eventos que conecten a los actores clave del turismo con las oportunidades que ofrece cada regi\u00f3n.<\/p>\n\n\n\n<figure class=\"wp-block-gallery has-nested-images columns-default is-cropped wp-block-gallery-14 is-layout-flex wp-block-gallery-is-layout-flex\">\n<figure class=\"wp-block-image size-large\"><img decoding=\"async\" width=\"799\" height=\"533\" data-id=\"1078108\" src=\"https:\/\/dimensionturistica.com\/es\/wp-content\/uploads\/2025\/11\/54947030245_bb7809675b_c.jpg\" alt=\"\" class=\"wp-image-1078108\" srcset=\"https:\/\/dimensionturistica.com\/es\/wp-content\/uploads\/2025\/11\/54947030245_bb7809675b_c.jpg 799w, https:\/\/dimensionturistica.com\/es\/wp-content\/uploads\/2025\/11\/54947030245_bb7809675b_c-300x200.jpg 300w, https:\/\/dimensionturistica.com\/es\/wp-content\/uploads\/2025\/11\/54947030245_bb7809675b_c-768x512.jpg 768w, https:\/\/dimensionturistica.com\/es\/wp-content\/uploads\/2025\/11\/54947030245_bb7809675b_c-750x500.jpg 750w\" sizes=\"(max-width: 799px) 100vw, 799px\" \/><\/figure>\n<\/figure>\n\n\n\n<p>Messe Berlin Americas, con sede en Guadalajara, fue elegida como punto de partida para la expansi\u00f3n continental de la empresa matriz, Messe Berlin GmbH, que organiza m\u00e1s de cien ferias y congresos internacionales al a\u00f1o.<\/p>\n\n\n\n<p>Como parte del lanzamiento del evento, M\u00e9xico ha sido confirmado como Pa\u00eds Invitado Oficial de ITB Americas 2026.<\/p>\n\n\n\n<p>Esta designaci\u00f3n se reflejar\u00e1 en las actividades promocionales, los elementos del programa y las ceremonias oficiales, subrayando la posici\u00f3n estrat\u00e9gica de M\u00e9xico dentro del ecosistema tur\u00edstico global.<\/p>\n\n\n\n<figure class=\"wp-block-gallery has-nested-images columns-default is-cropped wp-block-gallery-15 is-layout-flex wp-block-gallery-is-layout-flex\">\n<figure class=\"wp-block-image size-full\"><img decoding=\"async\" width=\"799\" height=\"533\" data-id=\"1078110\" src=\"https:\/\/dimensionturistica.com\/es\/wp-content\/uploads\/2025\/11\/54946980539_588d53ceda_c.jpg\" alt=\"\" class=\"wp-image-1078110\" srcset=\"https:\/\/dimensionturistica.com\/es\/wp-content\/uploads\/2025\/11\/54946980539_588d53ceda_c.jpg 799w, https:\/\/dimensionturistica.com\/es\/wp-content\/uploads\/2025\/11\/54946980539_588d53ceda_c-300x200.jpg 300w, https:\/\/dimensionturistica.com\/es\/wp-content\/uploads\/2025\/11\/54946980539_588d53ceda_c-768x512.jpg 768w, https:\/\/dimensionturistica.com\/es\/wp-content\/uploads\/2025\/11\/54946980539_588d53ceda_c-750x500.jpg 750w\" sizes=\"(max-width: 799px) 100vw, 799px\" \/><\/figure>\n<\/figure>\n\n\n\n<p>De cara a 2026, el Gobierno del Estado impulsar\u00e1 la organizaci\u00f3n de ITB Americas mediante una operaci\u00f3n log\u00edstica articulada, el fortalecimiento de alianzas clave y una estrategia de promoci\u00f3n internacional que asegure el \u00e9xito de su primera edici\u00f3n.<\/p>\n\n\n\n<p>El anuncio oficial cont\u00f3 con la participaci\u00f3n de Mauro Garza Mar\u00edn, Coordinador General Estrat\u00e9gico de Crecimiento y Desarrollo Econ\u00f3mico, Vicente Salas Hesselbach, Director General de Messe Berlin Americas; entre otras personalidades.<\/p>\n\n\n\n<p>Para saber m\u00e1s:<\/p>\n\n\n\n<p>Los detalles del ITB Americas se dar\u00e1n a conocer en los pr\u00f3ximos meses. Para m\u00e1s informaci\u00f3n, se puede consultar en itb.com\/en\/americas<\/p>\n","protected":false},"excerpt":{"rendered":"<p>ITB Berlin es la feria tur\u00edstica m\u00e1s grande del mundo, y su nueva edici\u00f3n regional, ITB Americas, se llevar\u00e1 a cabo en Expo Guadalajara del 10 al 12 de noviembre de 2026, con una derrama econ\u00f3mica estimada de 240 millones de pesos. Messe Berlin GmbH es una empresa alemana l\u00edder en la organizaci\u00f3n de ferias, [&hellip;]<\/p>\n","protected":false},"author":1,"featured_media":0,"comment_status":"open","ping_status":"closed","sticky":false,"template":"","format":"standard","meta":{"om_disable_all_campaigns":false,"jnews-multi-image_gallery":[],"jnews_single_post":[],"jnews_primary_category":[],"jnews_social_meta":[],"footnotes":""},"categories":[40],"tags":[],"class_list":["post-1078091","post","type-post","status-publish","format-standard","hentry","category-industria"],"_links":{"self":[{"href":"https:\/\/dimensionturistica.com\/es\/wp-json\/wp\/v2\/posts\/1078091","targetHints":{"allow":["GET"]}}],"collection":[{"href":"https:\/\/dimensionturistica.com\/es\/wp-json\/wp\/v2\/posts"}],"about":[{"href":"https:\/\/dimensionturistica.com\/es\/wp-json\/wp\/v2\/types\/post"}],"author":[{"embeddable":true,"href":"https:\/\/dimensionturistica.com\/es\/wp-json\/wp\/v2\/users\/1"}],"replies":[{"embeddable":true,"href":"https:\/\/dimensionturistica.com\/es\/wp-json\/wp\/v2\/comments?post=1078091"}],"version-history":[{"count":1,"href":"https:\/\/dimensionturistica.com\/es\/wp-json\/wp\/v2\/posts\/1078091\/revisions"}],"predecessor-version":[{"id":1078111,"href":"https:\/\/dimensionturistica.com\/es\/wp-json\/wp\/v2\/posts\/1078091\/revisions\/1078111"}],"wp:attachment":[{"href":"https:\/\/dimensionturistica.com\/es\/wp-json\/wp\/v2\/media?parent=1078091"}],"wp:term":[{"taxonomy":"category","embeddable":true,"href":"https:\/\/dimensionturistica.com\/es\/wp-json\/wp\/v2\/categories?post=1078091"},{"taxonomy":"post_tag","embeddable":true,"href":"https:\/\/dimensionturistica.com\/es\/wp-json\/wp\/v2\/tags?post=1078091"}],"curies":[{"name":"wp","href":"https:\/\/api.w.org\/{rel}","templated":true}]}}