{"id":1077976,"date":"2025-11-26T20:42:01","date_gmt":"2025-11-26T20:42:01","guid":{"rendered":"https:\/\/dimensionturistica.com\/es\/?p=1077976"},"modified":"2025-11-26T20:42:01","modified_gmt":"2025-11-26T20:42:01","slug":"asi-se-presenta-la-colaboracion-entre-converse-y-vaquera-el-must-have-para-las-amantes-de-la-moda-este-invierno-2025","status":"publish","type":"post","link":"https:\/\/dimensionturistica.com\/es\/asi-se-presenta-la-colaboracion-entre-converse-y-vaquera-el-must-have-para-las-amantes-de-la-moda-este-invierno-2025\/","title":{"rendered":"As\u00ed se presenta la colaboraci\u00f3n entre Converse y Vaquera: el must-have para las amantes de la moda este invierno 2025."},"content":{"rendered":"<h3>Innovaci\u00f3n y Estilo: El Encuentro de Converse y Vaquera para el Invierno 2025<\/h3>\n<p>En el mundo de la moda, las colaboraciones entre marcas son m\u00e1s que simples alianzas; son manifestaciones de creatividad que desaf\u00edan los l\u00edmites del dise\u00f1o y la est\u00e9tica. Este invierno 2025, Converse se une a la audaz casa de moda Vaquera, creando una colecci\u00f3n de tenis que promete revolucionar la temporada.<\/p>\n<h4>Un Match Perfecto<\/h4>\n<p>Converse es sin\u00f3nimo de estilo ic\u00f3nico. Su l\u00ednea de zapatillas, que ha capturado la esencia de generaciones, se realza con la originalidad de Vaquera, una marca conocida por su enfoque disruptivo y su visi\u00f3n contempor\u00e1nea. Juntas, estas dos fuerzas est\u00e1n a punto de redefinir lo que entendemos por calzado urbano.<\/p>\n<h4>Dise\u00f1o y Funcionalidad<\/h4>\n<p>La colecci\u00f3n juega con los elementos cl\u00e1sicos de ambos mundos. Desde la formas reconocibles de las zapatillas Converse, hasta los patrones y texturas \u00fanicos que caracterizan a Vaquera, cada par cuenta una historia. Con un dise\u00f1o que mezcla el pasado con proyecciones futuristas, estos tenis no solo son una declaraci\u00f3n de moda; son una pieza central en el guardarropa de quienes buscan destacar.<\/p>\n<h4>Colores y Texturas<\/h4>\n<p>Una paleta audaz que fusiona matices vibrantes con toques neutros se adentra en el invierno. Cada color ha sido seleccionado meticulosamente, reflejando tanto la esencia de Vaquera como la tradici\u00f3n de Converse. Por otro lado, las texturas entrelazadas aportan un nivel adicional de sofisticaci\u00f3n, convirtiendo estos tenis en m\u00e1s que un simple accesorio; son el complemento perfecto para cualquier atuendo invernal.<\/p>\n<h4>M\u00e1s All\u00e1 del Calzado<\/h4>\n<p>La colecci\u00f3n no se limita a los tenis. La fusi\u00f3n de estas dos marcas se extiende a una serie de prendas que acompa\u00f1an a las zapatillas, desde chaquetas hasta pantalones, creando un entorno cohesivo que ilumina la est\u00e9tica moderna. Se trata de un enfoque hol\u00edstico que invita a los entusiastas de la moda a experimentar una visi\u00f3n m\u00e1s integral del estilo. <\/p>\n<h4>Influencia Cultural<\/h4>\n<p>Este lanzamiento no solo apelar\u00e1 a quienes aman la moda; tambi\u00e9n resonar\u00e1 en la cultura urbana. Converse y Vaquera han sabido captar el pulso de la juventud contempor\u00e1nea, convirtiendo esta colecci\u00f3n en una declaraci\u00f3n que trasciende el simple acto de vestir. La uni\u00f3n de iconos da voz a una generaci\u00f3n que busca autenticidad y narrativa en cada elecci\u00f3n.<\/p>\n<h4>Impacto en las Redes Sociales<\/h4>\n<p>La expectativa en redes sociales ya comienza a asomarse. Los avances de la colecci\u00f3n han despertado un inter\u00e9s palpable entre influencers y fashionistas, lo que sugiere que estos tenis pronto se convertir\u00e1n en un &#8220;must-have&#8221;. La estrategia de marketing y la narrativa visual que acompa\u00f1a al lanzamiento est\u00e1n dise\u00f1adas para maximizar su impacto, convirtiendo cada publicaci\u00f3n en una oportunidad de viralizaci\u00f3n.<\/p>\n<h4>Conclusi\u00f3n<\/h4>\n<p>La colaboraci\u00f3n entre Converse y Vaquera no es solo una tendencia; es una declaraci\u00f3n de intenciones en el mundo de la moda. A medida que nos adentramos en el invierno 2025, estos tenis se perfilan como uno de los lanzamientos m\u00e1s esperados, prometiendo un estilo audaz que hablar\u00e1 de individualidad y creatividad. La pregunta que queda es: \u00bfest\u00e1s listo para pisar fuerte esta temporada?<\/p>\n<p><em> &#8221; Fuentes www.vogue.mx &#8221; <\/em><\/p>\n","protected":false},"excerpt":{"rendered":"<p>Innovaci\u00f3n y Estilo: El Encuentro de Converse y Vaquera para el Invierno 2025 En el mundo de la moda, las colaboraciones entre marcas son m\u00e1s que simples alianzas; son manifestaciones de creatividad que desaf\u00edan los l\u00edmites del dise\u00f1o y la est\u00e9tica. Este invierno 2025, Converse se une a la audaz casa de moda Vaquera, creando [&hellip;]<\/p>\n","protected":false},"author":14,"featured_media":1077977,"comment_status":"open","ping_status":"closed","sticky":false,"template":"","format":"standard","meta":{"om_disable_all_campaigns":false,"jnews-multi-image_gallery":[],"jnews_single_post":[],"jnews_primary_category":[],"jnews_social_meta":[],"footnotes":""},"categories":[144872],"tags":[4569,216535,3743,7758,5424,166,168779,659,2675,202806,2182,2193,212146],"class_list":["post-1077976","post","type-post","status-publish","format-standard","has-post-thumbnail","hentry","category-fashion","tag-colaboracion","tag-converse","tag-diseno","tag-estilo","tag-expertos","tag-fashion","tag-invierno-2025","tag-moda","tag-ropa","tag-streetwear","tag-tendencias","tag-tenis","tag-vaquera"],"_links":{"self":[{"href":"https:\/\/dimensionturistica.com\/es\/wp-json\/wp\/v2\/posts\/1077976","targetHints":{"allow":["GET"]}}],"collection":[{"href":"https:\/\/dimensionturistica.com\/es\/wp-json\/wp\/v2\/posts"}],"about":[{"href":"https:\/\/dimensionturistica.com\/es\/wp-json\/wp\/v2\/types\/post"}],"author":[{"embeddable":true,"href":"https:\/\/dimensionturistica.com\/es\/wp-json\/wp\/v2\/users\/14"}],"replies":[{"embeddable":true,"href":"https:\/\/dimensionturistica.com\/es\/wp-json\/wp\/v2\/comments?post=1077976"}],"version-history":[{"count":1,"href":"https:\/\/dimensionturistica.com\/es\/wp-json\/wp\/v2\/posts\/1077976\/revisions"}],"predecessor-version":[{"id":1077978,"href":"https:\/\/dimensionturistica.com\/es\/wp-json\/wp\/v2\/posts\/1077976\/revisions\/1077978"}],"wp:featuredmedia":[{"embeddable":true,"href":"https:\/\/dimensionturistica.com\/es\/wp-json\/wp\/v2\/media\/1077977"}],"wp:attachment":[{"href":"https:\/\/dimensionturistica.com\/es\/wp-json\/wp\/v2\/media?parent=1077976"}],"wp:term":[{"taxonomy":"category","embeddable":true,"href":"https:\/\/dimensionturistica.com\/es\/wp-json\/wp\/v2\/categories?post=1077976"},{"taxonomy":"post_tag","embeddable":true,"href":"https:\/\/dimensionturistica.com\/es\/wp-json\/wp\/v2\/tags?post=1077976"}],"curies":[{"name":"wp","href":"https:\/\/api.w.org\/{rel}","templated":true}]}}