{"id":1077901,"date":"2025-11-26T16:59:59","date_gmt":"2025-11-26T16:59:59","guid":{"rendered":"https:\/\/dimensionturistica.com\/es\/?p=1077901"},"modified":"2025-11-26T16:59:59","modified_gmt":"2025-11-26T16:59:59","slug":"los-novios-lucieron-tanner-fletcher-en-su-boda-inspirada-en-un-chalet-vintage-en-banff","status":"publish","type":"post","link":"https:\/\/dimensionturistica.com\/es\/los-novios-lucieron-tanner-fletcher-en-su-boda-inspirada-en-un-chalet-vintage-en-banff\/","title":{"rendered":"Los Novios Lucieron Tanner Fletcher en su Boda Inspirada en un Chalet Vintage en Banff"},"content":{"rendered":"<h3>Un V\u00ednculo \u00danico: La Boda de Johnny Link y Matthew Davies<\/h3>\n<p>La moda y la celebraci\u00f3n se unieron en una de las bodas m\u00e1s memorables del a\u00f1o, donde el amor entre Johnny Link y Matthew Davies brill\u00f3 con una intensidad \u00fanica. Este evento no solo fue una uni\u00f3n de dos almas, sino tambi\u00e9n una explosi\u00f3n de estilo que dej\u00f3 a todos boquiabiertos.<\/p>\n<h4>Un Entorno Encantador<\/h4>\n<p>La ceremonia tuvo lugar en un entorno m\u00e1gico, rodeado de naturaleza exuberante que parec\u00eda sacada de un cuento de hadas. Con vistas impresionantes y un ambiente cuidadosamente dise\u00f1ado, cada rinc\u00f3n del lugar parec\u00eda contar una historia. La elecci\u00f3n del espacio reflej\u00f3 un deseo de crear momentos memorables, en un ambiente donde el amor pudo florecer.<\/p>\n<h4>Estilo y Elegancia<\/h4>\n<p>Johnny y Matthew, con una est\u00e9tica impecable, desplegaron un estilo que fusion\u00f3 modernidad y elegancia cl\u00e1sica. El vestido de la ceremonia, elaborado por un renombrado dise\u00f1ador de moda, combin\u00f3 texturas y cortes que resaltaron la personalidad de ambos. Cada detalle, desde las invitaciones hasta el dise\u00f1o floral, fue meticulosamente pensado, anticipando cada peque\u00f1o instante del d\u00eda.<\/p>\n<p>Los trajes de los novios no solo fueron piezas de moda; tambi\u00e9n representaron su v\u00ednculo. Optaron por colores que simbolizaban su historia, uniendo sus trayectorias a trav\u00e9s de texturas que hablaban de emociones y recuerdos compartidos.<\/p>\n<h4>Detalles Memorables<\/h4>\n<p>Una de las caracter\u00edsticas m\u00e1s destacadas de este enlace fue la atenci\u00f3n a los detalles. Los centros de mesa, elaborados con flores frescas y elementos naturales, crearon una atm\u00f3sfera acogedora y rom\u00e1ntica. Cada peque\u00f1o aspecto, desde las tarjetas de agradecimiento hasta la elecci\u00f3n de la m\u00fasica, contribuy\u00f3 a hacer de este d\u00eda un evento inolvidable.<\/p>\n<h4>Celebraci\u00f3n del Amor<\/h4>\n<p>La recepci\u00f3n fue un verdadero fest\u00edn visual y sensorial. Invitados de diversas partes del mundo se unieron para celebrar el amor en un ambiente vibrante y lleno de alegr\u00eda. La danza, las risas y los abrazos transformaron el espacio en un escenario donde la felicidad reinaba. Los novios compartieron momentos \u00edntimos que ilustraron el profundo v\u00ednculo que comparten, recordando a todos el significado del amor verdadero.<\/p>\n<h4>Un Legado de Estilo<\/h4>\n<p>La boda de Johnny Link y Matthew Davies no solo se recuerda por los momentos de felicidad, sino tambi\u00e9n por su impacto en la moda contempor\u00e1nea. Este evento ha inspirado a muchos, proporcionando una visi\u00f3n de c\u00f3mo la moda puede ser una forma de expresi\u00f3n profunda y personal que trasciende las tendencias y el tiempo.<\/p>\n<p>Con un estilo \u00fanico y una celebraci\u00f3n llena de amor, este matrimonio se convierte en un hito en el mundo de la moda y la cultura. Su historia, reflejada en cada detalle de su gran d\u00eda, es un recordatorio de que el amor siempre encontrar\u00e1 una manera de brillar. As\u00ed, Johnny y Matthew no solo unieron sus vidas, sino que tambi\u00e9n dejaron una huella imborrable en el coraz\u00f3n de todos los que tuvieron el privilegio de ser parte de su celebraci\u00f3n.<\/p>\n<p><em> &#8221; Fuentes www.vogue.com &#8221; <\/em><\/p>\n","protected":false},"excerpt":{"rendered":"<p>Un V\u00ednculo \u00danico: La Boda de Johnny Link y Matthew Davies La moda y la celebraci\u00f3n se unieron en una de las bodas m\u00e1s memorables del a\u00f1o, donde el amor entre Johnny Link y Matthew Davies brill\u00f3 con una intensidad \u00fanica. Este evento no solo fue una uni\u00f3n de dos almas, sino tambi\u00e9n una explosi\u00f3n [&hellip;]<\/p>\n","protected":false},"author":14,"featured_media":1077902,"comment_status":"open","ping_status":"closed","sticky":false,"template":"","format":"standard","meta":{"om_disable_all_campaigns":false,"jnews-multi-image_gallery":[],"jnews_single_post":[],"jnews_primary_category":[],"jnews_social_meta":[],"footnotes":""},"categories":[144872],"tags":[124848,69359,257908,166,257909,209868,32909,198574,35652,18838,202894],"class_list":["post-1077901","post","type-post","status-publish","format-standard","has-post-thumbnail","hentry","category-fashion","tag-banff","tag-celebration","tag-chalet","tag-fashion","tag-grooms","tag-mountain-wedding","tag-outdoor","tag-tanner-fletcher","tag-vintage","tag-wedding","tag-wedding-inspiration"],"_links":{"self":[{"href":"https:\/\/dimensionturistica.com\/es\/wp-json\/wp\/v2\/posts\/1077901","targetHints":{"allow":["GET"]}}],"collection":[{"href":"https:\/\/dimensionturistica.com\/es\/wp-json\/wp\/v2\/posts"}],"about":[{"href":"https:\/\/dimensionturistica.com\/es\/wp-json\/wp\/v2\/types\/post"}],"author":[{"embeddable":true,"href":"https:\/\/dimensionturistica.com\/es\/wp-json\/wp\/v2\/users\/14"}],"replies":[{"embeddable":true,"href":"https:\/\/dimensionturistica.com\/es\/wp-json\/wp\/v2\/comments?post=1077901"}],"version-history":[{"count":1,"href":"https:\/\/dimensionturistica.com\/es\/wp-json\/wp\/v2\/posts\/1077901\/revisions"}],"predecessor-version":[{"id":1077903,"href":"https:\/\/dimensionturistica.com\/es\/wp-json\/wp\/v2\/posts\/1077901\/revisions\/1077903"}],"wp:featuredmedia":[{"embeddable":true,"href":"https:\/\/dimensionturistica.com\/es\/wp-json\/wp\/v2\/media\/1077902"}],"wp:attachment":[{"href":"https:\/\/dimensionturistica.com\/es\/wp-json\/wp\/v2\/media?parent=1077901"}],"wp:term":[{"taxonomy":"category","embeddable":true,"href":"https:\/\/dimensionturistica.com\/es\/wp-json\/wp\/v2\/categories?post=1077901"},{"taxonomy":"post_tag","embeddable":true,"href":"https:\/\/dimensionturistica.com\/es\/wp-json\/wp\/v2\/tags?post=1077901"}],"curies":[{"name":"wp","href":"https:\/\/api.w.org\/{rel}","templated":true}]}}