{"id":1077892,"date":"2025-11-26T16:49:06","date_gmt":"2025-11-26T16:49:06","guid":{"rendered":"https:\/\/dimensionturistica.com\/es\/?p=1077892"},"modified":"2025-11-26T16:49:06","modified_gmt":"2025-11-26T16:49:06","slug":"se-anticipan-tormentas-y-nevadas-que-dificultaran-los-desplazamientos-en-la-vispera-del-dia-de-accion-de-gracias","status":"publish","type":"post","link":"https:\/\/dimensionturistica.com\/es\/se-anticipan-tormentas-y-nevadas-que-dificultaran-los-desplazamientos-en-la-vispera-del-dia-de-accion-de-gracias\/","title":{"rendered":"Se anticipan tormentas y nevadas que dificultar\u00e1n los desplazamientos en la v\u00edspera del D\u00eda de Acci\u00f3n de Gracias"},"content":{"rendered":"<h3>Desaf\u00edos Invernales: C\u00f3mo Prepararse para los Viajes en Acci\u00f3n de Gracias<\/h3>\n<p>La temporada de Acci\u00f3n de Gracias es un momento especial en Estados Unidos, marcada por reuniones familiares y la deliciosa gastronom\u00eda t\u00edpica. Sin embargo, este a\u00f1o los viajeros deben estar preparados para enfrentar un clima invernal que podr\u00eda complicar sus planes. Se anticipan tormentas de nieve en diversas partes del pa\u00eds, lo que promete transformar el habitual tr\u00e1fico festivo en un verdadero desaf\u00edo.<\/p>\n<h4>Tormentas que Impactan el Transporte<\/h4>\n<p>Con el aumento en el n\u00famero de viajeros durante esta \u00e9poca del a\u00f1o, las rutas a\u00e9reas y terrestres se encuentran bajo presi\u00f3n. Las tormentas de nieve, que pueden causar retrasos en los vuelos y cierres de carreteras, son un recordatorio de que el clima puede ser un factor impredecible. Aeropuertos clave, especialmente en regiones del norte y centro del pa\u00eds, ya se est\u00e1n preparando para enfrentar posibles interrupciones.<\/p>\n<h4>Preparativos para una Mayor Afluencia<\/h4>\n<p>Los expertos sugieren que los viajeros est\u00e9n atentos a pron\u00f3sticos clim\u00e1ticos actualizados, ya que una preparaci\u00f3n adecuada puede hacer la diferencia entre un viaje placentero y un verdadero dolor de cabeza. Se aconseja programar salidas con antelaci\u00f3n, tener planes alternativos y, en caso de optar por desplazamientos en autom\u00f3vil, asegurar que el veh\u00edculo est\u00e9 en \u00f3ptimas condiciones para enfrentar los elementos.<\/p>\n<h4>Consejos Pr\u00e1cticos para los Viajantes<\/h4>\n<ol>\n<li>\n<p><strong>Monitoreo Constante<\/strong>: Mant\u00e9n un ojo en las actualizaciones meteorol\u00f3gicas. Aplicaciones y sitios web dedicados al clima pueden ofrecer informaci\u00f3n en tiempo real sobre las condiciones en tu ruta.<\/p>\n<\/li>\n<li>\n<p><strong>Flexibilidad en los Itinerarios<\/strong>: Si es posible, considera ajustar tus fechas de viaje. Viajar en d\u00edas menos congestionados puede minimizar el riesgo de retrasos.<\/p>\n<\/li>\n<li>\n<p><strong>Kit de Emergencia<\/strong>: Si decides conducir, aseg\u00farate de contar con un kit de emergencia en el autom\u00f3vil. Incluye mantas, agua, alimentos no perecederos, una linterna y un cargador port\u00e1til.<\/p>\n<\/li>\n<li>\n<p><strong>Reservas de Hotel<\/strong>: Si tienes planes de quedarte en un destino espec\u00edfico, aseg\u00farate de tener una reserva confirmada. Esto puede resultar especialmente \u00fatil si las condiciones clim\u00e1ticas te obligan a hacer una parada inesperada.<\/p>\n<\/li>\n<\/ol>\n<h4>Celebraciones a la Vista<\/h4>\n<p>A pesar de los desaf\u00edos clim\u00e1ticos, la temporada de Acci\u00f3n de Gracias sigue siendo un tiempo para celebrar. Muchos destinos ofrecen atractivas actividades y eventos que pueden ayudar a elevar el esp\u00edritu festivo, desde mercados navide\u00f1os hasta desfiles t\u00edpicos.<\/p>\n<p>No permitas que el clima arruine tu entusiasmo por la celebraci\u00f3n. Con una adecuada planificaci\u00f3n y paciencia, es posible disfrutar de este tiempo con familia y amigos, celebrando las tradiciones y creando recuerdos inolvidables, incluso bajo la nieve. As\u00ed que, prepara tu chaqueta y tu mejor esp\u00edritu; \u00a1las fiestas est\u00e1n a la vuelta de la esquina!<\/p>\n<p><em> &#8221; Fuentes lopezdoriga.com &#8221; <\/em><\/p>\n","protected":false},"excerpt":{"rendered":"<p>Desaf\u00edos Invernales: C\u00f3mo Prepararse para los Viajes en Acci\u00f3n de Gracias La temporada de Acci\u00f3n de Gracias es un momento especial en Estados Unidos, marcada por reuniones familiares y la deliciosa gastronom\u00eda t\u00edpica. Sin embargo, este a\u00f1o los viajeros deben estar preparados para enfrentar un clima invernal que podr\u00eda complicar sus planes. Se anticipan tormentas [&hellip;]<\/p>\n","protected":false},"author":4,"featured_media":1077893,"comment_status":"open","ping_status":"closed","sticky":false,"template":"","format":"standard","meta":{"om_disable_all_campaigns":false,"jnews-multi-image_gallery":[],"jnews_single_post":[],"jnews_primary_category":[],"jnews_social_meta":[],"footnotes":""},"categories":[39],"tags":[9584,2486,190017,7579,1363,6105,4727,257906,27545,545],"class_list":["post-1077892","post","type-post","status-publish","format-standard","has-post-thumbnail","hentry","category-viajes","tag-accion-de-gracias","tag-clima","tag-complicaciones","tag-dia-de-accion-de-gracias","tag-estados-unidos","tag-festividades","tag-nevadas","tag-prevision-meteorologica","tag-tormentas","tag-viajes"],"_links":{"self":[{"href":"https:\/\/dimensionturistica.com\/es\/wp-json\/wp\/v2\/posts\/1077892","targetHints":{"allow":["GET"]}}],"collection":[{"href":"https:\/\/dimensionturistica.com\/es\/wp-json\/wp\/v2\/posts"}],"about":[{"href":"https:\/\/dimensionturistica.com\/es\/wp-json\/wp\/v2\/types\/post"}],"author":[{"embeddable":true,"href":"https:\/\/dimensionturistica.com\/es\/wp-json\/wp\/v2\/users\/4"}],"replies":[{"embeddable":true,"href":"https:\/\/dimensionturistica.com\/es\/wp-json\/wp\/v2\/comments?post=1077892"}],"version-history":[{"count":1,"href":"https:\/\/dimensionturistica.com\/es\/wp-json\/wp\/v2\/posts\/1077892\/revisions"}],"predecessor-version":[{"id":1077894,"href":"https:\/\/dimensionturistica.com\/es\/wp-json\/wp\/v2\/posts\/1077892\/revisions\/1077894"}],"wp:featuredmedia":[{"embeddable":true,"href":"https:\/\/dimensionturistica.com\/es\/wp-json\/wp\/v2\/media\/1077893"}],"wp:attachment":[{"href":"https:\/\/dimensionturistica.com\/es\/wp-json\/wp\/v2\/media?parent=1077892"}],"wp:term":[{"taxonomy":"category","embeddable":true,"href":"https:\/\/dimensionturistica.com\/es\/wp-json\/wp\/v2\/categories?post=1077892"},{"taxonomy":"post_tag","embeddable":true,"href":"https:\/\/dimensionturistica.com\/es\/wp-json\/wp\/v2\/tags?post=1077892"}],"curies":[{"name":"wp","href":"https:\/\/api.w.org\/{rel}","templated":true}]}}