{"id":1077883,"date":"2025-11-26T16:28:00","date_gmt":"2025-11-26T16:28:00","guid":{"rendered":"https:\/\/dimensionturistica.com\/es\/?p=1077883"},"modified":"2025-11-26T16:28:00","modified_gmt":"2025-11-26T16:28:00","slug":"reimaginando-la-identidad-afrodescendiente-en-la-cultura-espanola","status":"publish","type":"post","link":"https:\/\/dimensionturistica.com\/es\/reimaginando-la-identidad-afrodescendiente-en-la-cultura-espanola\/","title":{"rendered":"Reimaginando la Identidad Afrodescendiente en la Cultura Espa\u00f1ola"},"content":{"rendered":"<h3>La Evoluci\u00f3n de la Representaci\u00f3n Negra en la Cultura Espa\u00f1ola<\/h3>\n<p>En la diversidad de la cultura espa\u00f1ola, se presenta un aspecto que est\u00e1 cobrando cada vez m\u00e1s relevancia: la representaci\u00f3n de la comunidad negra. A medida que la sociedad avanza, las voces de estos artistas y creadores emergen con fuerza, desafiando estereotipos y reivindicando un lugar en el panorama cultural.<\/p>\n<h4>Un Viaje Hist\u00f3ricamente Ignorado<\/h4>\n<p>La historia de Espa\u00f1a y su relaci\u00f3n con la cultura afrodescendiente es rica y compleja. Aunque a menudo se ha ignorado, las ra\u00edces africanas han jugado un papel fundamental en la formaci\u00f3n de la identidad espa\u00f1ola. La m\u00fasica, el arte y la gastronom\u00eda llevan la impronta de esta influencia, pero el reconocimiento actual va m\u00e1s all\u00e1 de lo tradicional. En un pa\u00eds que se redefine constantemente, la b\u00fasqueda de visibilidad tem\u00e1tica cobra m\u00e1s importancia que nunca.<\/p>\n<h4>La Moda como Plataforma de Expresi\u00f3n<\/h4>\n<p>Desde pasarelas hasta campa\u00f1as publicitarias, la moda se convierte en un veh\u00edculo poderoso para transmitir mensajes de inclusi\u00f3n. Dise\u00f1adores espa\u00f1oles est\u00e1n comenzando a abrazar la diversidad, incorporando modelos afrodescendientes y promoviendo su trabajo dentro de la industria. Esta visibilidad no solo resalta el talento, sino que tambi\u00e9n desaf\u00eda las nociones preconcebidas sobre la est\u00e9tica y el estilo.<\/p>\n<h4>Arte y M\u00fasica: Nuevas Fronteras<\/h4>\n<p>La m\u00fasica es otro de los campos donde la representaci\u00f3n negra florece. Artistas emergentes est\u00e1n redefiniendo g\u00e9neros y fusionando ritmos tradicionales con sonidos contempor\u00e1neos. Estos talentos aportan una nueva narrativa que resuena con diversas audiencias. Al mismo tiempo, la influencia afro en el arte pl\u00e1stico y visual tambi\u00e9n est\u00e1 ganando trayectoria, con exposiciones que destacan su impacto en la cultura contempor\u00e1nea.<\/p>\n<h4>Redes Sociales: Un Espacio de Empoderamiento<\/h4>\n<p>Las plataformas digitales juegan un papel crucial en la reivindicaci\u00f3n de esta representaci\u00f3n. Artistas y creadores comparten su trabajo, conectando con audiencias globales que buscan contenido que refleje una diversidad aut\u00e9ntica. El uso estrat\u00e9gico de hashtags y campa\u00f1as virales est\u00e1 empujando la conversaci\u00f3n m\u00e1s all\u00e1 de las fronteras geogr\u00e1ficas, convirtiendo la representaci\u00f3n negra en un tema de conversaci\u00f3n habitual en los espacios culturales.<\/p>\n<h4>Colaboraciones y Proyectos Colectivos<\/h4>\n<p>Proyectos colaborativos entre artistas de diferentes or\u00edgenes est\u00e1n fomentando un di\u00e1logo inclusivo. Estas iniciativas no solo enriquecen la creaci\u00f3n art\u00edstica, sino que tambi\u00e9n promueven la solidaridad y la comunidad. A trav\u00e9s de exposiciones, conciertos y festivales, se crea un espacio donde las vertientes culturales se entrelazan, mostrando que la diversidad es una fortaleza.<\/p>\n<h3>La Mirada Hacia el Futuro<\/h3>\n<p>La representaci\u00f3n negra en la cultura espa\u00f1ola ya no es un tema relegado al olvido. La combinaci\u00f3n de talento, visibilidad y empoderamiento est\u00e1 configurando un nuevo paisaje en el que cada voz cuenta. A medida que m\u00e1s artistas se animan a compartir sus historias, se abre un camino hacia una cultura m\u00e1s inclusiva y diversa. <\/p>\n<p>El inter\u00e9s en la representaci\u00f3n negra est\u00e1 no solo transformando la escena cultural, sino tambi\u00e9n invitando a reflexionar sobre el papel que todos desempe\u00f1amos en la construcci\u00f3n de una sociedad que celebra sus m\u00faltiples identidades. Con cada nuevo proyecto, se demuestra que la diversidad no es un reto, sino un regalo que enriquece la experiencia colectiva.<\/p>\n<p><em> &#8221; Fuentes www.vogue.com &#8221; <\/em><\/p>\n","protected":false},"excerpt":{"rendered":"<p>La Evoluci\u00f3n de la Representaci\u00f3n Negra en la Cultura Espa\u00f1ola En la diversidad de la cultura espa\u00f1ola, se presenta un aspecto que est\u00e1 cobrando cada vez m\u00e1s relevancia: la representaci\u00f3n de la comunidad negra. A medida que la sociedad avanza, las voces de estos artistas y creadores emergen con fuerza, desafiando estereotipos y reivindicando un [&hellip;]<\/p>\n","protected":false},"author":14,"featured_media":1077884,"comment_status":"open","ping_status":"closed","sticky":false,"template":"","format":"standard","meta":{"om_disable_all_campaigns":false,"jnews-multi-image_gallery":[],"jnews_single_post":[],"jnews_primary_category":[],"jnews_social_meta":[],"footnotes":""},"categories":[144872],"tags":[231,257902,257903,455,770,28421,95249,229,200954,96704,70746,218397,198619,373],"class_list":["post-1077883","post","type-post","status-publish","format-standard","has-post-thumbnail","hentry","category-fashion","tag-arts","tag-black-representation","tag-cultural-studies","tag-diversity","tag-espana","tag-history","tag-identity","tag-news","tag-photovogue","tag-social-justice","tag-spanish-culture","tag-storytypeannouncements","tag-textbelowleftfullbleed","tag-web"],"_links":{"self":[{"href":"https:\/\/dimensionturistica.com\/es\/wp-json\/wp\/v2\/posts\/1077883","targetHints":{"allow":["GET"]}}],"collection":[{"href":"https:\/\/dimensionturistica.com\/es\/wp-json\/wp\/v2\/posts"}],"about":[{"href":"https:\/\/dimensionturistica.com\/es\/wp-json\/wp\/v2\/types\/post"}],"author":[{"embeddable":true,"href":"https:\/\/dimensionturistica.com\/es\/wp-json\/wp\/v2\/users\/14"}],"replies":[{"embeddable":true,"href":"https:\/\/dimensionturistica.com\/es\/wp-json\/wp\/v2\/comments?post=1077883"}],"version-history":[{"count":1,"href":"https:\/\/dimensionturistica.com\/es\/wp-json\/wp\/v2\/posts\/1077883\/revisions"}],"predecessor-version":[{"id":1077885,"href":"https:\/\/dimensionturistica.com\/es\/wp-json\/wp\/v2\/posts\/1077883\/revisions\/1077885"}],"wp:featuredmedia":[{"embeddable":true,"href":"https:\/\/dimensionturistica.com\/es\/wp-json\/wp\/v2\/media\/1077884"}],"wp:attachment":[{"href":"https:\/\/dimensionturistica.com\/es\/wp-json\/wp\/v2\/media?parent=1077883"}],"wp:term":[{"taxonomy":"category","embeddable":true,"href":"https:\/\/dimensionturistica.com\/es\/wp-json\/wp\/v2\/categories?post=1077883"},{"taxonomy":"post_tag","embeddable":true,"href":"https:\/\/dimensionturistica.com\/es\/wp-json\/wp\/v2\/tags?post=1077883"}],"curies":[{"name":"wp","href":"https:\/\/api.w.org\/{rel}","templated":true}]}}