{"id":1077862,"date":"2025-11-26T15:33:52","date_gmt":"2025-11-26T15:33:52","guid":{"rendered":"https:\/\/dimensionturistica.com\/es\/?p=1077862"},"modified":"2025-11-26T15:33:52","modified_gmt":"2025-11-26T15:33:52","slug":"inauguracion-del-primer-congreso-de-turismo-familiar-y-reivindicacion-del-protagonismo-de-la-comunitat","status":"publish","type":"post","link":"https:\/\/dimensionturistica.com\/es\/inauguracion-del-primer-congreso-de-turismo-familiar-y-reivindicacion-del-protagonismo-de-la-comunitat\/","title":{"rendered":"Inauguraci\u00f3n del Primer Congreso de Turismo Familiar y reivindicaci\u00f3n del protagonismo de la Comunitat."},"content":{"rendered":"<h3>La Comunitat Valenciana: Un Destino Ideal para el Turismo Familiar<\/h3>\n<p>La Comunitat Valenciana se est\u00e1 consolidando como un referente en el \u00e1mbito del turismo familiar, un sector que ha cobrado una relevancia notable en los \u00faltimos a\u00f1os. Un reciente congreso, celebrado en esta vibrante regi\u00f3n, reuni\u00f3 a profesionales y expertos del turismo con el objetivo de destacar las virtudes y potencialidades que ofrece este destino para las familias.<\/p>\n<p>El evento subray\u00f3 la necesidad de adaptar las ofertas tur\u00edsticas a las necesidades espec\u00edficas de las familias. En una \u00e9poca en la que la b\u00fasqueda de experiencias memorables se convierte en una prioridad, la Comunitat Valenciana se perfila como un lugar donde tanto adultos como ni\u00f1os pueden disfrutar de actividades enriquecedoras y divertidas.<\/p>\n<h3>Un Destino Multifac\u00e9tico<\/h3>\n<p>Desde la cl\u00e1sica Costa Blanca con sus impresionantes playas de arena dorada, hasta las monta\u00f1as de la costa cercana que invitan a los amantes de la naturaleza a explorar sus senderos, la variedad de paisajes es un atractivo clave. Adem\u00e1s, la regi\u00f3n es conocida por sus festividades vibrantes, como las Fallas de Valencia, que encandilan tanto a grandes como a peque\u00f1os.<\/p>\n<p>Los parques tem\u00e1ticos, zool\u00f3gicos y acu\u00e1ticos tambi\u00e9n enriquecen la oferta. Espacios como Terra M\u00edtica o el Bioparc de Valencia son solo ejemplos de las m\u00faltiples opciones que garantizan diversi\u00f3n y aprendizaje en familia. <\/p>\n<h3>Conectando con la Cultura y la Gastronom\u00eda<\/h3>\n<p>La rica herencia cultural de la Comunitat Valenciana es otro de los grandes alicientes para las familias. Las visitas a museos, castillos y monumentos hist\u00f3ricos permiten a los m\u00e1s peque\u00f1os conocer de manera l\u00fadica la historia y las tradiciones de la regi\u00f3n. Por otro lado, la gastronom\u00eda local, con platos emblem\u00e1ticos como la paella y dulces t\u00edpicos, introduce a los visitantes en un viaje culinario que despierta los sentidos.<\/p>\n<h3>Futuro Prometedor<\/h3>\n<p>Durante el congreso, se destac\u00f3 la importancia de crear un entorno tur\u00edstico inclusivo y accesible para todos. Las iniciativas que promueven la sostenibilidad y el respeto por el medio ambiente son ahora m\u00e1s relevantes que nunca. El objetivo es que las familias que visitan la Comunitat Valenciana no solo se lleven recuerdos inolvidables, sino que tambi\u00e9n contribuyan positivamente al entorno que las acoge.<\/p>\n<p>La Comunitat Valenciana no solo lleva la delantera en cuanto a turismo familiar, sino que tambi\u00e9n busca innovar y mejorar continuamente su oferta. Con un compromiso firme hacia la excelencia y la atenci\u00f3n personalizada, esta regi\u00f3n se posiciona como el destino ideal para las familias que buscan explorar, aprender y disfrutar.<\/p>\n<p>As\u00ed que, si est\u00e1s buscando un destino donde tus hijos y t\u00fa puedan disfrutar de aventuras inolvidables, la Comunitat Valenciana deber\u00eda estar en tu lista. La mezcla perfecta de sol, cultura y diversi\u00f3n aguarda a ser descubierta. \u00a1Las familias est\u00e1n listas para hacer sus maletas y embarcarse en una experiencia \u00fanica!<\/p>\n<p><em> &#8221; Sources www.europapress.es &#8221; <\/em><\/p>\n","protected":false},"excerpt":{"rendered":"<p>La Comunitat Valenciana: Un Destino Ideal para el Turismo Familiar La Comunitat Valenciana se est\u00e1 consolidando como un referente en el \u00e1mbito del turismo familiar, un sector que ha cobrado una relevancia notable en los \u00faltimos a\u00f1os. Un reciente congreso, celebrado en esta vibrante regi\u00f3n, reuni\u00f3 a profesionales y expertos del turismo con el objetivo [&hellip;]<\/p>\n","protected":false},"author":4,"featured_media":1077863,"comment_status":"open","ping_status":"closed","sticky":false,"template":"","format":"standard","meta":{"om_disable_all_campaigns":false,"jnews-multi-image_gallery":[],"jnews_single_post":[],"jnews_primary_category":[],"jnews_social_meta":[],"footnotes":""},"categories":[40],"tags":[4391,923,257896,8704,16438,7173,544,16919],"class_list":["post-1077862","post","type-post","status-publish","format-standard","has-post-thumbnail","hentry","category-industria","tag-comunitat","tag-congreso","tag-desarrollo-familiar","tag-generalitat","tag-inauguracion","tag-liderazgo","tag-turismo","tag-turismo-familiar"],"_links":{"self":[{"href":"https:\/\/dimensionturistica.com\/es\/wp-json\/wp\/v2\/posts\/1077862","targetHints":{"allow":["GET"]}}],"collection":[{"href":"https:\/\/dimensionturistica.com\/es\/wp-json\/wp\/v2\/posts"}],"about":[{"href":"https:\/\/dimensionturistica.com\/es\/wp-json\/wp\/v2\/types\/post"}],"author":[{"embeddable":true,"href":"https:\/\/dimensionturistica.com\/es\/wp-json\/wp\/v2\/users\/4"}],"replies":[{"embeddable":true,"href":"https:\/\/dimensionturistica.com\/es\/wp-json\/wp\/v2\/comments?post=1077862"}],"version-history":[{"count":1,"href":"https:\/\/dimensionturistica.com\/es\/wp-json\/wp\/v2\/posts\/1077862\/revisions"}],"predecessor-version":[{"id":1077864,"href":"https:\/\/dimensionturistica.com\/es\/wp-json\/wp\/v2\/posts\/1077862\/revisions\/1077864"}],"wp:featuredmedia":[{"embeddable":true,"href":"https:\/\/dimensionturistica.com\/es\/wp-json\/wp\/v2\/media\/1077863"}],"wp:attachment":[{"href":"https:\/\/dimensionturistica.com\/es\/wp-json\/wp\/v2\/media?parent=1077862"}],"wp:term":[{"taxonomy":"category","embeddable":true,"href":"https:\/\/dimensionturistica.com\/es\/wp-json\/wp\/v2\/categories?post=1077862"},{"taxonomy":"post_tag","embeddable":true,"href":"https:\/\/dimensionturistica.com\/es\/wp-json\/wp\/v2\/tags?post=1077862"}],"curies":[{"name":"wp","href":"https:\/\/api.w.org\/{rel}","templated":true}]}}