{"id":1077832,"date":"2025-11-26T14:30:47","date_gmt":"2025-11-26T14:30:47","guid":{"rendered":"https:\/\/dimensionturistica.com\/es\/?p=1077832"},"modified":"2025-11-26T14:30:47","modified_gmt":"2025-11-26T14:30:47","slug":"arcos-dorados-celebra-la-apertura-del-restaurante-2500-de-mcdonalds-en-la-region","status":"publish","type":"post","link":"https:\/\/dimensionturistica.com\/es\/arcos-dorados-celebra-la-apertura-del-restaurante-2500-de-mcdonalds-en-la-region\/","title":{"rendered":"Arcos Dorados celebra la apertura del restaurante 2,500 de McDonald\u2019s en la regi\u00f3n"},"content":{"rendered":"\n<p><\/p>\n\n\n\n<figure class=\"wp-block-gallery has-nested-images columns-default is-cropped wp-block-gallery-1 is-layout-flex wp-block-gallery-is-layout-flex\">\n<figure class=\"wp-block-image size-large\"><img decoding=\"async\" width=\"500\" height=\"333\" data-id=\"1077833\" src=\"https:\/\/dimensionturistica.com\/es\/wp-content\/uploads\/2025\/11\/6AROS.jpg\" alt=\"\" class=\"wp-image-1077833\" srcset=\"https:\/\/dimensionturistica.com\/es\/wp-content\/uploads\/2025\/11\/6AROS.jpg 500w, https:\/\/dimensionturistica.com\/es\/wp-content\/uploads\/2025\/11\/6AROS-300x200.jpg 300w\" sizes=\"(max-width: 500px) 100vw, 500px\" \/><\/figure>\n<\/figure>\n\n\n\n<p>Arcos Dorados, el mayor franquiciado independiente de McDonald\u2019s en el mundo y la cadena de restaurantes de servicio r\u00e1pido m\u00e1s grande en Am\u00e9rica Latina y el Caribe, celebra la apertura de su restaurante n\u00famero 2,500 en la regi\u00f3n. Este logro se materializa en Plaza Citadina, en Apodaca, Nuevo Le\u00f3n, y es un testimonio del crecimiento sostenido de la compa\u00f1\u00eda, alcanzado junto a sus franquiciados y a los m\u00e1s de 100,000 colaboradores que hacen posible su operaci\u00f3n en 21 pa\u00edses.<\/p>\n\n\n\n<p>La elecci\u00f3n de Apodaca para esta apertura destaca la relevancia del norte del pa\u00eds para la compa\u00f1\u00eda. Nuevo Le\u00f3n fue sede del segundo restaurante McDonald\u2019s en M\u00e9xico, inaugurado hace casi 40 a\u00f1os, el 16 de diciembre de 1985 en la avenida Gonzalitos en Monterrey. La compa\u00f1\u00eda ha desarrollado una red s\u00f3lida en el estado, consolidando una presencia en un mercado caracterizado por su dinamismo econ\u00f3mico.<\/p>\n\n\n\n<figure class=\"wp-block-gallery has-nested-images columns-default is-cropped wp-block-gallery-2 is-layout-flex wp-block-gallery-is-layout-flex\">\n<figure class=\"wp-block-image size-large\"><img decoding=\"async\" width=\"500\" height=\"333\" data-id=\"1077835\" src=\"https:\/\/dimensionturistica.com\/es\/wp-content\/uploads\/2025\/11\/2ARO.jpg\" alt=\"\" class=\"wp-image-1077835\" srcset=\"https:\/\/dimensionturistica.com\/es\/wp-content\/uploads\/2025\/11\/2ARO.jpg 500w, https:\/\/dimensionturistica.com\/es\/wp-content\/uploads\/2025\/11\/2ARO-300x200.jpg 300w\" sizes=\"(max-width: 500px) 100vw, 500px\" \/><\/figure>\n<\/figure>\n\n\n\n<p>&#8220;Estamos incre\u00edblemente orgullosos de inaugurar nuestro restaurante McDonald\u2019s n\u00famero 2,500 a nivel regional en un estado tan relevante como Nuevo Le\u00f3n&#8221;, afirm\u00f3 Francisco Bolo\u00f1a Holm, Director General de Arcos Dorados M\u00e9xico. &#8220;M\u00e1s all\u00e1 de un n\u00famero, este hito reafirma el prop\u00f3sito que nos gu\u00eda: hacer de cada d\u00eda una oportunidad para alimentar personas y construir sue\u00f1os. Agradecemos profundamente a nuestros colaboradores, franquiciados, proveedores y, por supuesto, a las comunidades y clientes que hacen posible nuestra operaci\u00f3n\u201d.<\/p>\n\n\n\n<p>En l\u00ednea con la &#8220;Receta del Futuro&#8221;, la estrategia de sostenibilidad de la compa\u00f1\u00eda, el nuevo restaurante en Plaza Citadina encarna un formato moderno, eficiente, dise\u00f1ado para mejorar la experiencia del cliente con espacios amplios, mayor comodidad y equipamiento actualizado. Incorpora soluciones de eficiencia ambiental como la recuperaci\u00f3n de agua para riego y limpieza, pel\u00edcula de control solar, llaves economizadoras, iluminaci\u00f3n LED automatizada, sensores de movimiento y paneles solares, reafirmando el compromiso de la compa\u00f1\u00eda con un futuro m\u00e1s sostenible.<\/p>\n\n\n\n<figure class=\"wp-block-gallery has-nested-images columns-default is-cropped wp-block-gallery-3 is-layout-flex wp-block-gallery-is-layout-flex\">\n<figure class=\"wp-block-image size-large\"><img decoding=\"async\" width=\"500\" height=\"333\" data-id=\"1077837\" src=\"https:\/\/dimensionturistica.com\/es\/wp-content\/uploads\/2025\/11\/1AROS.jpg\" alt=\"\" class=\"wp-image-1077837\" srcset=\"https:\/\/dimensionturistica.com\/es\/wp-content\/uploads\/2025\/11\/1AROS.jpg 500w, https:\/\/dimensionturistica.com\/es\/wp-content\/uploads\/2025\/11\/1AROS-300x200.jpg 300w\" sizes=\"(max-width: 500px) 100vw, 500px\" \/><\/figure>\n<\/figure>\n\n\n\n<p>Esta sucursal en Apodaca genera 38 nuevas oportunidades de empleo directos, elevando a 20 el n\u00famero de restaurantes McDonald&#8217;s en Nuevo Le\u00f3n y superando los 1,000 empleos directos en el estado. Esta contribuci\u00f3n se suma al dinamismo econ\u00f3mico de la regi\u00f3n y reafirma el compromiso de McDonald&#8217;s M\u00e9xico con la creaci\u00f3n de empleo formal y el desarrollo de talento, brindando programas de capacitaci\u00f3n y desarrollo profesional. Arcos Dorados, reconocido como uno de los mayores generadores de primer empleo formal en Am\u00e9rica Latina, cuenta con una fuerza laboral de m\u00e1s de 100.000 colaboradores en la regi\u00f3n, de los cuales el 63% son menores de 24 a\u00f1os.<\/p>\n\n\n\n<figure class=\"wp-block-gallery has-nested-images columns-default is-cropped wp-block-gallery-4 is-layout-flex wp-block-gallery-is-layout-flex\">\n<figure class=\"wp-block-image size-large\"><img decoding=\"async\" width=\"500\" height=\"333\" data-id=\"1077838\" src=\"https:\/\/dimensionturistica.com\/es\/wp-content\/uploads\/2025\/11\/3ARO.jpg\" alt=\"\" class=\"wp-image-1077838\" srcset=\"https:\/\/dimensionturistica.com\/es\/wp-content\/uploads\/2025\/11\/3ARO.jpg 500w, https:\/\/dimensionturistica.com\/es\/wp-content\/uploads\/2025\/11\/3ARO-300x200.jpg 300w\" sizes=\"(max-width: 500px) 100vw, 500px\" \/><\/figure>\n<\/figure>\n\n\n\n<p>La compa\u00f1\u00eda mantiene su compromiso con la calidad y seguridad alimentaria, utilizando carne 100% de res y pechuga de pollo de proveedores establecidos. A trav\u00e9s de la iniciativa &#8220;Puertas Abiertas&#8221;, la compa\u00f1\u00eda invita a las comunidades a conocer sus procesos de preparaci\u00f3n en las cocinas de sus restaurantes, promoviendo la transparencia. Arcos Dorados atiende a m\u00e1s de 4 millones de clientes diarios y cuenta con la app de restaurantes m\u00e1s descargada en Am\u00e9rica Latina.<\/p>\n\n\n\n<p>El compromiso con la comunidad se extiende a la jornada solidaria &#8220;Gran D\u00eda&#8221;, el pr\u00f3ximo 28 de noviembre, donde parte de la venta de Big Mac en todo el pa\u00eds ser\u00e1 donada a la Fundaci\u00f3n Infantil Ronald McDonald y a Aldeas Infantiles SOS M\u00e9xico. Esta iniciativa busca transformar vidas apoyando la salud y el desarrollo de ni\u00f1os, ni\u00f1as y adolescentes.<\/p>\n\n\n\n<figure class=\"wp-block-gallery has-nested-images columns-default is-cropped wp-block-gallery-5 is-layout-flex wp-block-gallery-is-layout-flex\">\n<figure class=\"wp-block-image size-large\"><img decoding=\"async\" width=\"500\" height=\"333\" data-id=\"1077839\" src=\"https:\/\/dimensionturistica.com\/es\/wp-content\/uploads\/2025\/11\/5ARO.jpg\" alt=\"\" class=\"wp-image-1077839\" srcset=\"https:\/\/dimensionturistica.com\/es\/wp-content\/uploads\/2025\/11\/5ARO.jpg 500w, https:\/\/dimensionturistica.com\/es\/wp-content\/uploads\/2025\/11\/5ARO-300x200.jpg 300w\" sizes=\"(max-width: 500px) 100vw, 500px\" \/><\/figure>\n<\/figure>\n\n\n\n<p>Arcos Dorados M\u00e9xico reafirma as\u00ed su liderazgo en el sector y su visi\u00f3n a largo plazo para el mercado mexicano, con un \u00e9nfasis particular en la innovaci\u00f3n, la calidad de sus productos y la excelencia en el servicio, expandiendo su huella a nivel nacional siempre con un enfoque en la sostenibilidad y el impacto positivo en las comunidades donde opera.<\/p>\n","protected":false},"excerpt":{"rendered":"<p>Arcos Dorados, el mayor franquiciado independiente de McDonald\u2019s en el mundo y la cadena de restaurantes de servicio r\u00e1pido m\u00e1s grande en Am\u00e9rica Latina y el Caribe, celebra la apertura de su restaurante n\u00famero 2,500 en la regi\u00f3n. Este logro se materializa en Plaza Citadina, en Apodaca, Nuevo Le\u00f3n, y es un testimonio del crecimiento [&hellip;]<\/p>\n","protected":false},"author":1,"featured_media":0,"comment_status":"open","ping_status":"closed","sticky":false,"template":"","format":"standard","meta":{"om_disable_all_campaigns":false,"jnews-multi-image_gallery":[],"jnews_single_post":[],"jnews_primary_category":[],"jnews_social_meta":[],"footnotes":""},"categories":[43],"tags":[],"class_list":["post-1077832","post","type-post","status-publish","format-standard","hentry","category-gourmet"],"_links":{"self":[{"href":"https:\/\/dimensionturistica.com\/es\/wp-json\/wp\/v2\/posts\/1077832","targetHints":{"allow":["GET"]}}],"collection":[{"href":"https:\/\/dimensionturistica.com\/es\/wp-json\/wp\/v2\/posts"}],"about":[{"href":"https:\/\/dimensionturistica.com\/es\/wp-json\/wp\/v2\/types\/post"}],"author":[{"embeddable":true,"href":"https:\/\/dimensionturistica.com\/es\/wp-json\/wp\/v2\/users\/1"}],"replies":[{"embeddable":true,"href":"https:\/\/dimensionturistica.com\/es\/wp-json\/wp\/v2\/comments?post=1077832"}],"version-history":[{"count":1,"href":"https:\/\/dimensionturistica.com\/es\/wp-json\/wp\/v2\/posts\/1077832\/revisions"}],"predecessor-version":[{"id":1077840,"href":"https:\/\/dimensionturistica.com\/es\/wp-json\/wp\/v2\/posts\/1077832\/revisions\/1077840"}],"wp:attachment":[{"href":"https:\/\/dimensionturistica.com\/es\/wp-json\/wp\/v2\/media?parent=1077832"}],"wp:term":[{"taxonomy":"category","embeddable":true,"href":"https:\/\/dimensionturistica.com\/es\/wp-json\/wp\/v2\/categories?post=1077832"},{"taxonomy":"post_tag","embeddable":true,"href":"https:\/\/dimensionturistica.com\/es\/wp-json\/wp\/v2\/tags?post=1077832"}],"curies":[{"name":"wp","href":"https:\/\/api.w.org\/{rel}","templated":true}]}}