{"id":1077810,"date":"2025-11-26T14:02:47","date_gmt":"2025-11-26T14:02:47","guid":{"rendered":"https:\/\/dimensionturistica.com\/es\/?p=1077810"},"modified":"2025-11-26T14:02:47","modified_gmt":"2025-11-26T14:02:47","slug":"se-posiciona-leo-lima-coma-la-3ra-mejor-agencia-del-premio-pais-en-el-ojo-de-iberoamerica-y-la-2da-del-ranking-apap-2025","status":"publish","type":"post","link":"https:\/\/dimensionturistica.com\/es\/se-posiciona-leo-lima-coma-la-3ra-mejor-agencia-del-premio-pais-en-el-ojo-de-iberoamerica-y-la-2da-del-ranking-apap-2025\/","title":{"rendered":"Se posiciona Leo Lima coma la 3ra mejor agencia del premio pa\u00eds en el ojo de Iberoam\u00e9rica y la 2da del ranking Apap 2025"},"content":{"rendered":"\n<figure class=\"wp-block-gallery has-nested-images columns-default is-cropped wp-block-gallery-1 is-layout-flex wp-block-gallery-is-layout-flex\">\n<figure class=\"wp-block-image size-large\"><img decoding=\"async\" width=\"500\" height=\"360\" data-id=\"1077811\" src=\"https:\/\/dimensionturistica.com\/es\/wp-content\/uploads\/2025\/11\/1LIMA.jpg\" alt=\"\" class=\"wp-image-1077811\" srcset=\"https:\/\/dimensionturistica.com\/es\/wp-content\/uploads\/2025\/11\/1LIMA.jpg 500w, https:\/\/dimensionturistica.com\/es\/wp-content\/uploads\/2025\/11\/1LIMA-300x216.jpg 300w, https:\/\/dimensionturistica.com\/es\/wp-content\/uploads\/2025\/11\/1LIMA-120x86.jpg 120w\" sizes=\"(max-width: 500px) 100vw, 500px\" \/><\/figure>\n<\/figure>\n\n\n\n<p>Leo Lima celebra un a\u00f1o hist\u00f3rico al ser reconocida como la 3ra mejor agencia del Premio Pa\u00eds en El Ojo de Iberoam\u00e9rica y posicionarse como la 2da mejor agencia del ranking general del Festival APAP 2025, reafirmando su liderazgo y consistencia en la creatividad peruana.<\/p>\n\n\n\n<p>En el Festival APAP 2025, Leo Lima destac\u00f3 gracias a tres campa\u00f1as que marcaron la conversaci\u00f3n creativa del a\u00f1o: \u201cCelebraciones\u201d para Cerveza Cusque\u00f1a, \u201cSee-Through Banners\u201d para L1 MAX y \u201cUninterrupted Sunsets\u201d para Corona. Estos trabajos le permitieron obtener 2 &nbsp;oros, 3 platas y 4 bronces, logro que la llev\u00f3 al segundo lugar del ranking nacional.<\/p>\n\n\n\n<figure class=\"wp-block-gallery has-nested-images columns-default is-cropped wp-block-gallery-2 is-layout-flex wp-block-gallery-is-layout-flex\">\n<figure class=\"wp-block-image size-large\"><img decoding=\"async\" width=\"500\" height=\"333\" data-id=\"1077812\" src=\"https:\/\/dimensionturistica.com\/es\/wp-content\/uploads\/2025\/11\/2LIMA.jpg\" alt=\"\" class=\"wp-image-1077812\" srcset=\"https:\/\/dimensionturistica.com\/es\/wp-content\/uploads\/2025\/11\/2LIMA.jpg 500w, https:\/\/dimensionturistica.com\/es\/wp-content\/uploads\/2025\/11\/2LIMA-300x200.jpg 300w\" sizes=\"(max-width: 500px) 100vw, 500px\" \/><\/figure>\n<\/figure>\n\n\n\n<p>El impacto creativo de Leo Lima tambi\u00e9n trascendi\u00f3 fronteras. En El Ojo de Iberoam\u00e9rica, uno de los festivales m\u00e1s relevantes de la regi\u00f3n celebrado cada noviembre en Buenos Aires, la agencia obtuvo 1 plata y 2 bronces, contribuyendo al s\u00f3lido desempe\u00f1o de Per\u00fa y alcanzando as\u00ed el 3er lugar del Premio Pa\u00eds.<\/p>\n\n\n\n<figure class=\"wp-block-gallery has-nested-images columns-default is-cropped wp-block-gallery-3 is-layout-flex wp-block-gallery-is-layout-flex\">\n<figure class=\"wp-block-image size-large\"><img decoding=\"async\" width=\"500\" height=\"333\" data-id=\"1077813\" src=\"https:\/\/dimensionturistica.com\/es\/wp-content\/uploads\/2025\/11\/4LIMA.jpg\" alt=\"\" class=\"wp-image-1077813\" srcset=\"https:\/\/dimensionturistica.com\/es\/wp-content\/uploads\/2025\/11\/4LIMA.jpg 500w, https:\/\/dimensionturistica.com\/es\/wp-content\/uploads\/2025\/11\/4LIMA-300x200.jpg 300w\" sizes=\"(max-width: 500px) 100vw, 500px\" \/><\/figure>\n<\/figure>\n\n\n\n<figure class=\"wp-block-gallery has-nested-images columns-default is-cropped wp-block-gallery-4 is-layout-flex wp-block-gallery-is-layout-flex\"><\/figure>\n\n\n\n<p>\u201cEstos reconocimientos reflejan el trabajo incansable de un equipo apasionado que busca que cada idea trascienda. Son logros que nos motivan a seguir elevando el est\u00e1ndar de la creatividad peruana\u201d, se\u00f1al\u00f3 Beto Noriega, Chief Creative Officer de Leo Per\u00fa.<\/p>\n\n\n\n<p>Con estos resultados, Leo Lima reafirma su compromiso de seguir desarrollando ideas transformadoras, impulsando el crecimiento creativo de sus clientes y representando al pa\u00eds con orgullo en los principales festivales de Iberoam\u00e9rica y el mundo.<\/p>\n","protected":false},"excerpt":{"rendered":"<p>Leo Lima celebra un a\u00f1o hist\u00f3rico al ser reconocida como la 3ra mejor agencia del Premio Pa\u00eds en El Ojo de Iberoam\u00e9rica y posicionarse como la 2da mejor agencia del ranking general del Festival APAP 2025, reafirmando su liderazgo y consistencia en la creatividad peruana. En el Festival APAP 2025, Leo Lima destac\u00f3 gracias a [&hellip;]<\/p>\n","protected":false},"author":1,"featured_media":0,"comment_status":"open","ping_status":"closed","sticky":false,"template":"","format":"standard","meta":{"om_disable_all_campaigns":false,"jnews-multi-image_gallery":[],"jnews_single_post":[],"jnews_primary_category":[],"jnews_social_meta":[],"footnotes":""},"categories":[40],"tags":[],"class_list":["post-1077810","post","type-post","status-publish","format-standard","hentry","category-industria"],"_links":{"self":[{"href":"https:\/\/dimensionturistica.com\/es\/wp-json\/wp\/v2\/posts\/1077810","targetHints":{"allow":["GET"]}}],"collection":[{"href":"https:\/\/dimensionturistica.com\/es\/wp-json\/wp\/v2\/posts"}],"about":[{"href":"https:\/\/dimensionturistica.com\/es\/wp-json\/wp\/v2\/types\/post"}],"author":[{"embeddable":true,"href":"https:\/\/dimensionturistica.com\/es\/wp-json\/wp\/v2\/users\/1"}],"replies":[{"embeddable":true,"href":"https:\/\/dimensionturistica.com\/es\/wp-json\/wp\/v2\/comments?post=1077810"}],"version-history":[{"count":1,"href":"https:\/\/dimensionturistica.com\/es\/wp-json\/wp\/v2\/posts\/1077810\/revisions"}],"predecessor-version":[{"id":1077814,"href":"https:\/\/dimensionturistica.com\/es\/wp-json\/wp\/v2\/posts\/1077810\/revisions\/1077814"}],"wp:attachment":[{"href":"https:\/\/dimensionturistica.com\/es\/wp-json\/wp\/v2\/media?parent=1077810"}],"wp:term":[{"taxonomy":"category","embeddable":true,"href":"https:\/\/dimensionturistica.com\/es\/wp-json\/wp\/v2\/categories?post=1077810"},{"taxonomy":"post_tag","embeddable":true,"href":"https:\/\/dimensionturistica.com\/es\/wp-json\/wp\/v2\/tags?post=1077810"}],"curies":[{"name":"wp","href":"https:\/\/api.w.org\/{rel}","templated":true}]}}