{"id":1077672,"date":"2025-11-26T07:07:54","date_gmt":"2025-11-26T07:07:54","guid":{"rendered":"https:\/\/dimensionturistica.com\/es\/?p=1077672"},"modified":"2025-11-26T07:07:54","modified_gmt":"2025-11-26T07:07:54","slug":"gucci-elige-la-gran-manzana-para-desvelar-su-coleccion-de-crucero-2027","status":"publish","type":"post","link":"https:\/\/dimensionturistica.com\/es\/gucci-elige-la-gran-manzana-para-desvelar-su-coleccion-de-crucero-2027\/","title":{"rendered":"Gucci elige la Gran Manzana para desvelar su colecci\u00f3n de crucero 2027."},"content":{"rendered":"<h3>Nueva York: El Escenario Glamuroso de Gucci<\/h3>\n<p>La ciudad que nunca duerme se ha convertido en el tel\u00f3n de fondo perfecto para el despliegue art\u00edstico de varias marcas de lujo, y Gucci ha sido la \u00faltima en aprovechar la vibrante energ\u00eda de Nueva York para presentar su esperada colecci\u00f3n crucero 2027. En un evento lleno de glamour y sofisticaci\u00f3n, la emblem\u00e1tica casa de moda italiana ha elegido este ic\u00f3nico destino para mostrar su visi\u00f3n futurista y su capacidad para reinventarse.<\/p>\n<h4>La Elecci\u00f3n del Espacio<\/h4>\n<p>La elecci\u00f3n de Nueva York no es casual. La Gran Manzana, con su mezcla de cultura, arte y estilo, se ha consolidado como un referente global en la moda. La presentaci\u00f3n de Gucci se llevar\u00e1 a cabo en un espacio emblem\u00e1tico que exuda historia, permitiendo que la colecci\u00f3n dialogue no solo con el presente, sino tambi\u00e9n con el pasado de una de las ciudades m\u00e1s influyentes del mundo.<\/p>\n<h4>Un Viaje Est\u00e9tico<\/h4>\n<p>La colecci\u00f3n crucero promete ser un viaje est\u00e9tico que fusiona elegancia, innovaci\u00f3n y un toque de audacia. Con una paleta de colores que evocan la diversidad cultural neoyorquina y siluetas que desaf\u00edan las convenciones, Gucci busca capturar la esencia de una ciudad que inspira a creadores de todos los rincones del planeta. Cada prenda ser\u00e1 una declaraci\u00f3n de intenciones, invitando a los asistentes a explorar la relaci\u00f3n entre la moda y su contexto social.<\/p>\n<h4>Celebra la Diversidad<\/h4>\n<p>Uno de los aspectos m\u00e1s fascinantes de este evento es su compromiso con la diversidad. La marca ha decidido incluir a una variedad de modelos que representan diferentes etnias, g\u00e9neros y tama\u00f1os, reflejando una sociedad que evoluciona y celebra la inclusi\u00f3n. Esta decisi\u00f3n no solo habla de la filosof\u00eda de la casa, sino tambi\u00e9n de c\u00f3mo la moda puede generar di\u00e1logos sobre identidad y pertenencia.<\/p>\n<h4>Impacto en el Turismo<\/h4>\n<p>Este evento no solo tendr\u00e1 un impacto en el mundo de la moda, sino que tambi\u00e9n promete atraer a turistas de diversas partes del mundo. Para aquellos que buscan sumergirse en la cultura neoyorquina, la llegada de Gucci es una oportunidad dorada. Las calles de la ciudad se llenar\u00e1n de fashionistas y amantes de la moda dispuestos a explorar no solo el desfile, sino tambi\u00e9n las tendencias que se generan en el entorno.<\/p>\n<h4>Un Futuro Brillante<\/h4>\n<p>La presentaci\u00f3n de la colecci\u00f3n crucero 2027 de Gucci en Nueva York simboliza un futuro brillante en el que la moda y la ciudad coexisten en perfecta armon\u00eda. Para los que han seguido la trayectoria de esta distinguida marca, este evento ser\u00e1 m\u00e1s que un simple desfile; ser\u00e1 una celebraci\u00f3n del arte, la creatividad y la esencia de lo que significa ser parte de un mundo en constante cambio.<\/p>\n<p>En conclusi\u00f3n, los amantes de la moda y los viajeros por igual pueden anticipar un espect\u00e1culo que no solo redefine la est\u00e9tica de Gucci, sino que tambi\u00e9n reafirma a Nueva York como un epicentro cultural y de innovaci\u00f3n. Esta colaboraci\u00f3n promete dejar una huella indeleble en el paisaje de la moda global, y todos estamos invitados a ser parte de esta aventura.<\/p>\n<p><em> &#8221; Fuentes co.fashionnetwork.com &#8221; <\/em><\/p>\n","protected":false},"excerpt":{"rendered":"<p>Nueva York: El Escenario Glamuroso de Gucci La ciudad que nunca duerme se ha convertido en el tel\u00f3n de fondo perfecto para el despliegue art\u00edstico de varias marcas de lujo, y Gucci ha sido la \u00faltima en aprovechar la vibrante energ\u00eda de Nueva York para presentar su esperada colecci\u00f3n crucero 2027. En un evento lleno [&hellip;]<\/p>\n","protected":false},"author":4,"featured_media":1077673,"comment_status":"open","ping_status":"closed","sticky":false,"template":"","format":"standard","meta":{"om_disable_all_campaigns":false,"jnews-multi-image_gallery":[],"jnews_single_post":[],"jnews_primary_category":[],"jnews_social_meta":[],"footnotes":""},"categories":[41],"tags":[140448,46889,3381,4664,257849,213927,25966,3743,751,160411,45761,140447,20324,2096,103377,150975,659,2506,61912,224835,6801,2539,67293,2182,63132,206267],"class_list":["post-1077672","post","type-post","status-publish","format-standard","has-post-thumbnail","hentry","category-cruceros","tag-alessandro-michele","tag-balenciaga","tag-belleza","tag-chanel","tag-coleccion-crucero-2027","tag-demna-gvasalia","tag-dior","tag-diseno","tag-empleo","tag-fashion-week","tag-gucci","tag-kering","tag-louis-vuitton","tag-lujo","tag-lvmh","tag-metiers-dart","tag-moda","tag-nueva-york","tag-perfume","tag-pierpaolo-piccioli","tag-presentacion","tag-profesionales","tag-red-de-contactos","tag-tendencias","tag-textil","tag-valentino"],"_links":{"self":[{"href":"https:\/\/dimensionturistica.com\/es\/wp-json\/wp\/v2\/posts\/1077672","targetHints":{"allow":["GET"]}}],"collection":[{"href":"https:\/\/dimensionturistica.com\/es\/wp-json\/wp\/v2\/posts"}],"about":[{"href":"https:\/\/dimensionturistica.com\/es\/wp-json\/wp\/v2\/types\/post"}],"author":[{"embeddable":true,"href":"https:\/\/dimensionturistica.com\/es\/wp-json\/wp\/v2\/users\/4"}],"replies":[{"embeddable":true,"href":"https:\/\/dimensionturistica.com\/es\/wp-json\/wp\/v2\/comments?post=1077672"}],"version-history":[{"count":1,"href":"https:\/\/dimensionturistica.com\/es\/wp-json\/wp\/v2\/posts\/1077672\/revisions"}],"predecessor-version":[{"id":1077674,"href":"https:\/\/dimensionturistica.com\/es\/wp-json\/wp\/v2\/posts\/1077672\/revisions\/1077674"}],"wp:featuredmedia":[{"embeddable":true,"href":"https:\/\/dimensionturistica.com\/es\/wp-json\/wp\/v2\/media\/1077673"}],"wp:attachment":[{"href":"https:\/\/dimensionturistica.com\/es\/wp-json\/wp\/v2\/media?parent=1077672"}],"wp:term":[{"taxonomy":"category","embeddable":true,"href":"https:\/\/dimensionturistica.com\/es\/wp-json\/wp\/v2\/categories?post=1077672"},{"taxonomy":"post_tag","embeddable":true,"href":"https:\/\/dimensionturistica.com\/es\/wp-json\/wp\/v2\/tags?post=1077672"}],"curies":[{"name":"wp","href":"https:\/\/api.w.org\/{rel}","templated":true}]}}