{"id":1077669,"date":"2025-11-26T07:04:56","date_gmt":"2025-11-26T07:04:56","guid":{"rendered":"https:\/\/dimensionturistica.com\/es\/?p=1077669"},"modified":"2025-11-26T07:04:56","modified_gmt":"2025-11-26T07:04:56","slug":"horas-de-atencion-como-neada-deters-aporta-sencillez-refinada-a-su-trabajo-bienestar-y-estilo-personal","status":"publish","type":"post","link":"https:\/\/dimensionturistica.com\/es\/horas-de-atencion-como-neada-deters-aporta-sencillez-refinada-a-su-trabajo-bienestar-y-estilo-personal\/","title":{"rendered":"Horas de Atenci\u00f3n: C\u00f3mo Neada Deters Aporta Sencillez Refinada a su Trabajo, Bienestar y Estilo Personal"},"content":{"rendered":"<h3>La Revoluci\u00f3n del Estilo en la Moda Profesional<\/h3>\n<p>En el din\u00e1mico mundo de la moda, donde la creatividad y la funcionalidad chocan, emerge una corriente innovadora que est\u00e1 transformando el concepto de vestimenta adecuada para el entorno laboral. La evoluci\u00f3n del &#8220;dress code&#8221; tradicional invita a un redise\u00f1o audaz que combina estilo y profesionalismo sin sacrificar la comodidad.<\/p>\n<p><strong>Un Vistazo a la Moda en la Oficina<\/strong><\/p>\n<p>La directora creativa de una destacada marca de moda ha desafiado las normas al redefinir lo que significa vestirse para el trabajo. En lugar de los cl\u00e1sicos trajes de chaqueta y faldas l\u00e1piz, se observa un giro hacia piezas m\u00e1s vers\u00e1tiles que reflejan la individualidad y el car\u00e1cter personal, promoviendo una est\u00e9tica fresca y contempor\u00e1nea. Esta transformaci\u00f3n cultural se ha visto impulsada por un deseo creciente de autenticidad y autoexpresi\u00f3n en entornos empresariales cada vez m\u00e1s inclusivos.<\/p>\n<p><strong>Elementos Clave de la Nueva Est\u00e9tica Laboral<\/strong><\/p>\n<ol>\n<li>\n<p><strong>Comodidad Sin Sacrificios:<\/strong> La nueva propuesta se centra en prendas que permiten libertad de movimiento. Textiles suaves y cortes favorecedores son esenciales. Las chaquetas ligeras, los pantalones fluidos y los calzados c\u00f3modos se convierten en protagonistas en el armario profesional.<\/p>\n<\/li>\n<li>\n<p><strong>Colores y Texturas Innovadoras:<\/strong> La paleta de colores ha ampliado su horizonte. Tonos vibrantes y patrones audaces se mezclan con la sofisticaci\u00f3n, promoviendo una comunicaci\u00f3n visual que va m\u00e1s all\u00e1 de lo convencional. Las texturas, desde tejidos tecnol\u00f3gicos hasta acabados sostenibles, tambi\u00e9n capturan la atenci\u00f3n, aportando un enfoque moderno al vestuario de oficina.<\/p>\n<\/li>\n<li>\n<p><strong>Accesorios que Hablan:<\/strong> En este nuevo paradigma, los accesorios juegan un papel cr\u00edtico. Desde collares llamativos hasta bolsos funcionales, cada elemento se convierte en una declaraci\u00f3n de estilo. Aqu\u00ed, la personalidad brilla, y cada elecci\u00f3n de accesorio cuenta una historia \u00fanica.<\/p>\n<\/li>\n<\/ol>\n<p><strong>La Influencia de la Cultura Digital<\/strong><\/p>\n<p>El auge de la cultura digital ha influido enormemente en esta revoluci\u00f3n estil\u00edstica. Las redes sociales se han convertido en plataformas donde los profesionales pueden mostrar su estilo personal, lo que ha llevado a un incremento en la difusi\u00f3n de tendencias que enfatizan la individualidad. L\u00e1pices de colores y toques inesperados en prendas cl\u00e1sicas resaltan en un entorno donde el &#8220;look&#8221; del d\u00eda se convierte en una afirmaci\u00f3n de personalidad.<\/p>\n<p><strong>Sostenibilidad y \u00c9tica en la Moda Laboral<\/strong><\/p>\n<p>A medida que se redefine la moda de oficina, la sostenibilidad se erige como un pilar fundamental. La \u00e9tica de la moda, que valora la producci\u00f3n consciente y responsable, tambi\u00e9n se refleja en las decisiones de compra. Las marcas que priorizan pr\u00e1cticas \u00e9ticas est\u00e1n ganando reconocimiento y se convierten en una opci\u00f3n preferencial para aquellos que buscan un estilo moderno en armon\u00eda con el medio ambiente.<\/p>\n<p><strong>El Futuro del Estilo Profesional<\/strong><\/p>\n<p>La evoluci\u00f3n del vestuario laboral es solo el principio. A medida que m\u00e1s personas gravitan hacia un estilo que remece las antiguas convenciones, se abre un campo f\u00e9rtil para la innovaci\u00f3n y la autenticidad. La vestimenta profesional ya no es solo un uniforme, sino una extensi\u00f3n de la identidad de cada individuo. <\/p>\n<p>Este cambio no solo tiene implicaciones est\u00e9ticas, sino que tambi\u00e9n promueve un ambiente laboral m\u00e1s inclusivo y expresivo. La moda profesional del futuro promete ser un lienzo donde cada persona puede plasmar su singularidad, haciendo de cada jornada de trabajo una verdadera pasarela de estilo.<\/p>\n<p><em> &#8221; Fuentes www.vogue.com &#8221; <\/em><\/p>\n","protected":false},"excerpt":{"rendered":"<p>La Revoluci\u00f3n del Estilo en la Moda Profesional En el din\u00e1mico mundo de la moda, donde la creatividad y la funcionalidad chocan, emerge una corriente innovadora que est\u00e1 transformando el concepto de vestimenta adecuada para el entorno laboral. La evoluci\u00f3n del &#8220;dress code&#8221; tradicional invita a un redise\u00f1o audaz que combina estilo y profesionalismo sin [&hellip;]<\/p>\n","protected":false},"author":14,"featured_media":1077670,"comment_status":"open","ping_status":"closed","sticky":false,"template":"","format":"standard","meta":{"om_disable_all_campaigns":false,"jnews-multi-image_gallery":[],"jnews_single_post":[],"jnews_primary_category":[],"jnews_social_meta":[],"footnotes":""},"categories":[144872],"tags":[198537,198535,72867,222759,142300,198499,198739,257848,77016,80799,87099,202,217102,198500,198615,373,209,32483],"class_list":["post-1077669","post","type-post","status-publish","format-standard","has-post-thumbnail","hentry","category-fashion","tag-_commerce","tag-_syndication_noshow","tag-beauty","tag-minimalist-design","tag-office-hours","tag-onecolumn","tag-personal-style","tag-polished-simplicity","tag-productivity","tag-professional-development","tag-self-care","tag-shopping","tag-storytypesingle-product-review","tag-textabovecenterfullbleed","tag-wardrobe","tag-web","tag-wellness","tag-work-life-balance"],"_links":{"self":[{"href":"https:\/\/dimensionturistica.com\/es\/wp-json\/wp\/v2\/posts\/1077669","targetHints":{"allow":["GET"]}}],"collection":[{"href":"https:\/\/dimensionturistica.com\/es\/wp-json\/wp\/v2\/posts"}],"about":[{"href":"https:\/\/dimensionturistica.com\/es\/wp-json\/wp\/v2\/types\/post"}],"author":[{"embeddable":true,"href":"https:\/\/dimensionturistica.com\/es\/wp-json\/wp\/v2\/users\/14"}],"replies":[{"embeddable":true,"href":"https:\/\/dimensionturistica.com\/es\/wp-json\/wp\/v2\/comments?post=1077669"}],"version-history":[{"count":1,"href":"https:\/\/dimensionturistica.com\/es\/wp-json\/wp\/v2\/posts\/1077669\/revisions"}],"predecessor-version":[{"id":1077671,"href":"https:\/\/dimensionturistica.com\/es\/wp-json\/wp\/v2\/posts\/1077669\/revisions\/1077671"}],"wp:featuredmedia":[{"embeddable":true,"href":"https:\/\/dimensionturistica.com\/es\/wp-json\/wp\/v2\/media\/1077670"}],"wp:attachment":[{"href":"https:\/\/dimensionturistica.com\/es\/wp-json\/wp\/v2\/media?parent=1077669"}],"wp:term":[{"taxonomy":"category","embeddable":true,"href":"https:\/\/dimensionturistica.com\/es\/wp-json\/wp\/v2\/categories?post=1077669"},{"taxonomy":"post_tag","embeddable":true,"href":"https:\/\/dimensionturistica.com\/es\/wp-json\/wp\/v2\/tags?post=1077669"}],"curies":[{"name":"wp","href":"https:\/\/api.w.org\/{rel}","templated":true}]}}