{"id":1077594,"date":"2025-11-26T03:23:53","date_gmt":"2025-11-26T03:23:53","guid":{"rendered":"https:\/\/dimensionturistica.com\/es\/?p=1077594"},"modified":"2025-11-26T03:23:53","modified_gmt":"2025-11-26T03:23:53","slug":"diana-bovio-brilla-en-los-premios-emmy-internacional-2025-es-un-honor-ser-parte-de-un-proyecto-que-resalta-la-labor-de-los-latinos","status":"publish","type":"post","link":"https:\/\/dimensionturistica.com\/es\/diana-bovio-brilla-en-los-premios-emmy-internacional-2025-es-un-honor-ser-parte-de-un-proyecto-que-resalta-la-labor-de-los-latinos\/","title":{"rendered":"Diana Bovio brilla en los premios Emmy Internacional 2025: \u201cEs un honor ser parte de un proyecto que resalta la labor de los latinos\u201d"},"content":{"rendered":"<h3>La Noche Brillante de los Premios Emmy Internacional 2025<\/h3>\n<p>El mundo de la moda se ilumina una vez m\u00e1s con la llegada de los Premios Emmy Internacional 2025, un evento que no solo celebra la excelencia en la televisi\u00f3n, sino que tambi\u00e9n se convierte en una pasarela de tendencias y estilos de alto impacto. Este a\u00f1o, la alfombra roja fue el escenario perfecto para una mezcla de elegancia y audacia, donde los dise\u00f1adores y celebridades brillaron con luz propia.<\/p>\n<h4>Dise\u00f1o y Glamour: Una Combinaci\u00f3n Perfecta<\/h4>\n<p>Desde los primeros destellos de la noche, las c\u00e1maras capturaron relatos visuales fascinantes. Los asistentes deslumbraron con piezas de alta costura que fusionaron innovaci\u00f3n y tradici\u00f3n. Los vestidos fluidos, adornados con detalles meticulosamente elaborados, se unieron a trajes estructurados que desafiaron las normas del g\u00e9nero. La moda se convirti\u00f3 en un lenguaje universal, donde cada look contaba su propia historia.<\/p>\n<h4>Colores que Marcan Tendencia<\/h4>\n<p>Los tonos fuertes y vibrantes dominaron la paleta de la noche, con prendas que iban desde el rojo apasionado hasta los azules profundos y verdes esmeralda. Las combinaciones audaces capturaron la atenci\u00f3n, reforzando la idea de que la creatividad no conoce l\u00edmites. Las texturas tambi\u00e9n jugaron un papel crucial: sedas brillantes, terciopelos suaves y bordados intrincados se entrelazaron para crear un fest\u00edn visual.<\/p>\n<h4>Accesorios que Roban Miradas<\/h4>\n<p>Los complementos no se quedaron atr\u00e1s. Joyas deslumbrantes, cinturones statement y zapatos que desafiaron la gravedad se advirtieron en cada rinc\u00f3n. Las celebridades eligieron piezas que sorprendieron por su singularidad y sofisticaci\u00f3n, elevando sus looks a nuevas alturas. Estos detalles fueron clave para transformar un atuendo convencional en una obra de arte.<\/p>\n<h4>Inspiraci\u00f3n en Cada Rinc\u00f3n<\/h4>\n<p>La influencia de los dise\u00f1adores latinoamericanos se hizo sentir en la alfombra roja, donde la fusi\u00f3n de culturas y t\u00e9cnicas artesanales dej\u00f3 una huella indeleble. Esta conexi\u00f3n con la riqueza cultural trajo un refrescante aire de autenticidad al evento, mostrando que la moda no es solo apariencia, sino una celebraci\u00f3n de nuestras ra\u00edces.<\/p>\n<h4>Un Futuro Resplandeciente para la Moda<\/h4>\n<p>Los Premios Emmy Internacional 2025 no fueron solo una noche de celebraci\u00f3n; representaron un hito donde la moda y la televisi\u00f3n se entrelazan de manera poderosa. El enfoque en la sostenibilidad y la \u00e9tica en la industria de la moda se present\u00f3 como un mensaje fuerte entre las estrellas, resaltando que el futuro de la moda no solo se trata de est\u00e9tica, sino tambi\u00e9n de responsabilidad.<\/p>\n<p>Esta noche, las luces brillaron intensamente sobre la alfombra roja, y m\u00e1s all\u00e1 de los premios, se qued\u00f3 la promesa de un futuro donde la moda sigue rompiendo moldes y definiendo nuevas fronteras. Mientras las celebridades y creadores contin\u00faan explorando su creatividad, el mundo observa y se inspira en esta vibrante intersecci\u00f3n de arte, cultura y estilo.<\/p>\n<p><em> &#8221; Fuentes www.vogue.mx &#8221; <\/em><\/p>\n","protected":false},"excerpt":{"rendered":"<p>La Noche Brillante de los Premios Emmy Internacional 2025 El mundo de la moda se ilumina una vez m\u00e1s con la llegada de los Premios Emmy Internacional 2025, un evento que no solo celebra la excelencia en la televisi\u00f3n, sino que tambi\u00e9n se convierte en una pasarela de tendencias y estilos de alto impacto. Este [&hellip;]<\/p>\n","protected":false},"author":14,"featured_media":1077595,"comment_status":"open","ping_status":"closed","sticky":false,"template":"","format":"standard","meta":{"om_disable_all_campaigns":false,"jnews-multi-image_gallery":[],"jnews_single_post":[],"jnews_primary_category":[],"jnews_social_meta":[],"footnotes":""},"categories":[144872],"tags":[193073,27305,662,230875,4095,1371,9735,47788,257836,597,5327,142911,373],"class_list":["post-1077594","post","type-post","status-publish","format-standard","has-post-thumbnail","hentry","category-fashion","tag-_msn_feed","tag-27305","tag-cultura","tag-diana-bovio","tag-diversidad","tag-entretenimiento","tag-latinos","tag-orgullo","tag-premios-emmy-internacional","tag-proyecto","tag-reconocimiento","tag-splitscreenimageleftinset","tag-web"],"_links":{"self":[{"href":"https:\/\/dimensionturistica.com\/es\/wp-json\/wp\/v2\/posts\/1077594","targetHints":{"allow":["GET"]}}],"collection":[{"href":"https:\/\/dimensionturistica.com\/es\/wp-json\/wp\/v2\/posts"}],"about":[{"href":"https:\/\/dimensionturistica.com\/es\/wp-json\/wp\/v2\/types\/post"}],"author":[{"embeddable":true,"href":"https:\/\/dimensionturistica.com\/es\/wp-json\/wp\/v2\/users\/14"}],"replies":[{"embeddable":true,"href":"https:\/\/dimensionturistica.com\/es\/wp-json\/wp\/v2\/comments?post=1077594"}],"version-history":[{"count":1,"href":"https:\/\/dimensionturistica.com\/es\/wp-json\/wp\/v2\/posts\/1077594\/revisions"}],"predecessor-version":[{"id":1077596,"href":"https:\/\/dimensionturistica.com\/es\/wp-json\/wp\/v2\/posts\/1077594\/revisions\/1077596"}],"wp:featuredmedia":[{"embeddable":true,"href":"https:\/\/dimensionturistica.com\/es\/wp-json\/wp\/v2\/media\/1077595"}],"wp:attachment":[{"href":"https:\/\/dimensionturistica.com\/es\/wp-json\/wp\/v2\/media?parent=1077594"}],"wp:term":[{"taxonomy":"category","embeddable":true,"href":"https:\/\/dimensionturistica.com\/es\/wp-json\/wp\/v2\/categories?post=1077594"},{"taxonomy":"post_tag","embeddable":true,"href":"https:\/\/dimensionturistica.com\/es\/wp-json\/wp\/v2\/tags?post=1077594"}],"curies":[{"name":"wp","href":"https:\/\/api.w.org\/{rel}","templated":true}]}}