{"id":1077531,"date":"2025-11-26T00:20:26","date_gmt":"2025-11-26T00:20:26","guid":{"rendered":"https:\/\/dimensionturistica.com\/es\/?p=1077531"},"modified":"2025-11-26T00:20:26","modified_gmt":"2025-11-26T00:20:26","slug":"wmf-global-mexican-caribbean-2025-consolida-al-caribe-mexicano-como-hub-internacional-del-turismo-de-reuniones","status":"publish","type":"post","link":"https:\/\/dimensionturistica.com\/es\/wmf-global-mexican-caribbean-2025-consolida-al-caribe-mexicano-como-hub-internacional-del-turismo-de-reuniones\/","title":{"rendered":"WMF GLOBAL Mexican Caribbean 2025 consolida al Caribe Mexicano como hub internacional del turismo de reuniones"},"content":{"rendered":"\n<p><\/p>\n\n\n\n<figure class=\"wp-block-gallery has-nested-images columns-default is-cropped wp-block-gallery-1 is-layout-flex wp-block-gallery-is-layout-flex\">\n<figure class=\"wp-block-image size-large\"><img decoding=\"async\" width=\"500\" height=\"221\" data-id=\"1077532\" src=\"https:\/\/dimensionturistica.com\/es\/wp-content\/uploads\/2025\/11\/1CARIBE.jpg\" alt=\"\" class=\"wp-image-1077532\" srcset=\"https:\/\/dimensionturistica.com\/es\/wp-content\/uploads\/2025\/11\/1CARIBE.jpg 500w, https:\/\/dimensionturistica.com\/es\/wp-content\/uploads\/2025\/11\/1CARIBE-300x133.jpg 300w\" sizes=\"(max-width: 500px) 100vw, 500px\" \/><\/figure>\n<\/figure>\n\n\n\n<p>El Caribe Mexicano recibi\u00f3 a la edici\u00f3n internacional del WMF GLOBAL Mexican Caribbean 2025, el evento que marc\u00f3 el cierre de la campa\u00f1a BRAVE y que reuni\u00f3 a los actores m\u00e1s relevantes del turismo de reuniones a nivel global.<\/p>\n\n\n\n<p>Durante cuatro d\u00edas, 188 participantes provenientes de M\u00e9xico, Europa, Latinoam\u00e9rica, Inglaterra, Canad\u00e1 y Estados Unidos se congregaron para fortalecer la industria MICE y generar nuevas oportunidades de negocio.<\/p>\n\n\n\n<p>El objetivo central del encuentro fue vincular a 80 meeting planners y decision makers de alto nivel con 67 suppliers \u2014incluyendo destinos, cadenas hoteleras, DMC\u2019s y proveedores especializados\u2014 para promover infraestructura, servicios y capacidades desde una perspectiva internacional.<\/p>\n\n\n\n<p>Caribe Mexicano: sede estrat\u00e9gica para la industria MICE global<\/p>\n\n\n\n<figure class=\"wp-block-gallery has-nested-images columns-default is-cropped wp-block-gallery-2 is-layout-flex wp-block-gallery-is-layout-flex\">\n<figure class=\"wp-block-image size-large\"><img decoding=\"async\" width=\"500\" height=\"333\" data-id=\"1077533\" src=\"https:\/\/dimensionturistica.com\/es\/wp-content\/uploads\/2025\/11\/4CARTIBE.jpg\" alt=\"\" class=\"wp-image-1077533\" srcset=\"https:\/\/dimensionturistica.com\/es\/wp-content\/uploads\/2025\/11\/4CARTIBE.jpg 500w, https:\/\/dimensionturistica.com\/es\/wp-content\/uploads\/2025\/11\/4CARTIBE-300x200.jpg 300w\" sizes=\"(max-width: 500px) 100vw, 500px\" \/><\/figure>\n<\/figure>\n\n\n\n<p>La elecci\u00f3n del Caribe Mexicano responde a su posicionamiento como un hub estrat\u00e9gico para Am\u00e9rica Latina y el mundo, gracias a su conectividad a\u00e9rea global y una oferta hotelera capaz de ajustarse a todos los presupuestos.<\/p>\n\n\n\n<p>\u201cEl Caribe Mexicano es uno de los destinos m\u00e1s competitivos del mundo para la industria MICE. Su conectividad, hospitalidad y capacidad hotelera lo convierten en un aliado natural para eventos globales de alto nivel\u201d, destac\u00f3 Rafael Hern\u00e1ndez, CEO de World Meeting Forum.<\/p>\n\n\n\n<p>Los venues principales fueron Hotel Xcaret M\u00e9xico y Hotel Xcaret Arte, reconocidos por su infraestructura, su enfoque en experiencias inmersivas y su propuesta de lujo sostenible.<\/p>\n\n\n\n<p>La edici\u00f3n m\u00e1s internacional del WMF: negocios, conocimiento y experiencias de alto valor El programa incluy\u00f3 32 sesiones de citas de negocio, espacios de<\/p>\n\n\n\n<p>networking estrat\u00e9gico y un robusto componente acad\u00e9mico con speakers de talla internacional. Entre ellos:<\/p>\n\n\n\n<p>\u25cf Learning Day WMF \u2013 MPI Caribe Mexicano, impartido por Humberto Garc\u00eda y Hugo Cen<\/p>\n\n\n\n<p>\u25cf Conferencia magistral de Iv\u00e1n Vallejo, \u201cHacia el logro de grandes objetivos\u201d<\/p>\n\n\n\n<p>\u25cf TED Talk del Chef Michael Gollenz, \u201cReaching for a Star Michelin\u201d<\/p>\n\n\n\n<p>\u25cf Presentaci\u00f3n del mentalista Ednovi, \u201c\u00bfQui\u00e9n dijo imposible?\u201d Los participantes internacionales de alto poder de decisi\u00f3n incluyeron:<\/p>\n\n\n\n<p>\u25cf 80 Hosted Buyers, todos decision makers: CEO\u2019s, Directores Generales, Travel Managers, clientes corporativos y directores de cuentas de las principales agencias de meeting planners.<\/p>\n\n\n\n<p>\u25cb 50 de M\u00e9xico<\/p>\n\n\n\n<p>\u25cb 20 de Latinoam\u00e9rica<\/p>\n\n\n\n<p>\u25cb 10 de Europa<\/p>\n\n\n\n<p>\u25cf 67 Suppliers con table tops de cadenas hoteleras, DMC\u2019s, destinos nacionales e internacionales y proveedores especializados.<\/p>\n\n\n\n<p>Esta din\u00e1mica gener\u00f3 2,138 citas de negocio, con un promedio de 2 a 4 leads por table top, proyectando un impacto futuro estimado de $100,000,000 de pesos.<\/p>\n\n\n\n<p>\u201cCada edici\u00f3n del WMF representa una oportunidad para elevar el nivel de profesionalizaci\u00f3n y negocio en la industria MICE. Este a\u00f1o cerramos la gira BRAVE con nuestro evento m\u00e1s grande e internacional, llevando oportunidades reales a cada participante\u201d, se\u00f1al\u00f3 Rafael Hern\u00e1ndez.<\/p>\n\n\n\n<figure class=\"wp-block-gallery has-nested-images columns-default is-cropped wp-block-gallery-3 is-layout-flex wp-block-gallery-is-layout-flex\">\n<figure class=\"wp-block-image size-large\"><img decoding=\"async\" width=\"500\" height=\"333\" data-id=\"1077534\" src=\"https:\/\/dimensionturistica.com\/es\/wp-content\/uploads\/2025\/11\/5CARIBE.jpg\" alt=\"\" class=\"wp-image-1077534\" srcset=\"https:\/\/dimensionturistica.com\/es\/wp-content\/uploads\/2025\/11\/5CARIBE.jpg 500w, https:\/\/dimensionturistica.com\/es\/wp-content\/uploads\/2025\/11\/5CARIBE-300x200.jpg 300w\" sizes=\"(max-width: 500px) 100vw, 500px\" \/><\/figure>\n<\/figure>\n\n\n\n<p>Un impulso directo a la econom\u00eda local del Caribe Mexicano Con su enfoque en internacionalizaci\u00f3n, esta edici\u00f3n posicion\u00f3 al destino como un referente global para eventos de lujo, incentivos, congresos y reuniones corporativas.<\/p>\n\n\n\n<p>\u201cEl Caribe Mexicano demuestra que es un destino vers\u00e1til, con oferta para todos los presupuestos y con la conectividad ideal para atraer a los mercados m\u00e1s relevantes del mundo.<\/p>\n\n\n\n<p>Esta edici\u00f3n del WMF confirma su liderazgo internacional\u201d, a\u00f1adi\u00f3 Hern\u00e1ndez.<\/p>\n\n\n\n<p>Acerca del WMF GLOBAL Mexican Caribbean 2025<\/p>\n\n\n\n<p>El evento re\u00fane a\u00f1o con a\u00f1o a los l\u00edderes de la industria de reuniones con el prop\u00f3sito de generar negocios, promover la profesionalizaci\u00f3n y fortalecer la colaboraci\u00f3n entre destinos, empresas y profesionales del sector. El cierre de BRAVE simboliza la consolidaci\u00f3n del WMF como una plataforma internacional de alto impacto para el turismo de reuniones.<\/p>\n","protected":false},"excerpt":{"rendered":"<p>El Caribe Mexicano recibi\u00f3 a la edici\u00f3n internacional del WMF GLOBAL Mexican Caribbean 2025, el evento que marc\u00f3 el cierre de la campa\u00f1a BRAVE y que reuni\u00f3 a los actores m\u00e1s relevantes del turismo de reuniones a nivel global. Durante cuatro d\u00edas, 188 participantes provenientes de M\u00e9xico, Europa, Latinoam\u00e9rica, Inglaterra, Canad\u00e1 y Estados Unidos se [&hellip;]<\/p>\n","protected":false},"author":1,"featured_media":0,"comment_status":"open","ping_status":"closed","sticky":false,"template":"","format":"standard","meta":{"om_disable_all_campaigns":false,"jnews-multi-image_gallery":[],"jnews_single_post":{"format":"standard"},"jnews_primary_category":[],"jnews_social_meta":[],"footnotes":""},"categories":[39],"tags":[],"class_list":["post-1077531","post","type-post","status-publish","format-standard","hentry","category-viajes"],"_links":{"self":[{"href":"https:\/\/dimensionturistica.com\/es\/wp-json\/wp\/v2\/posts\/1077531","targetHints":{"allow":["GET"]}}],"collection":[{"href":"https:\/\/dimensionturistica.com\/es\/wp-json\/wp\/v2\/posts"}],"about":[{"href":"https:\/\/dimensionturistica.com\/es\/wp-json\/wp\/v2\/types\/post"}],"author":[{"embeddable":true,"href":"https:\/\/dimensionturistica.com\/es\/wp-json\/wp\/v2\/users\/1"}],"replies":[{"embeddable":true,"href":"https:\/\/dimensionturistica.com\/es\/wp-json\/wp\/v2\/comments?post=1077531"}],"version-history":[{"count":1,"href":"https:\/\/dimensionturistica.com\/es\/wp-json\/wp\/v2\/posts\/1077531\/revisions"}],"predecessor-version":[{"id":1077535,"href":"https:\/\/dimensionturistica.com\/es\/wp-json\/wp\/v2\/posts\/1077531\/revisions\/1077535"}],"wp:attachment":[{"href":"https:\/\/dimensionturistica.com\/es\/wp-json\/wp\/v2\/media?parent=1077531"}],"wp:term":[{"taxonomy":"category","embeddable":true,"href":"https:\/\/dimensionturistica.com\/es\/wp-json\/wp\/v2\/categories?post=1077531"},{"taxonomy":"post_tag","embeddable":true,"href":"https:\/\/dimensionturistica.com\/es\/wp-json\/wp\/v2\/tags?post=1077531"}],"curies":[{"name":"wp","href":"https:\/\/api.w.org\/{rel}","templated":true}]}}