{"id":1077478,"date":"2025-11-25T23:52:16","date_gmt":"2025-11-25T23:52:16","guid":{"rendered":"https:\/\/dimensionturistica.com\/es\/?p=1077478"},"modified":"2025-11-25T23:52:16","modified_gmt":"2025-11-25T23:52:16","slug":"viva-leon-a-la-conquista-mexico-con-lo-mejor-de-su-turismo-cultural-y-deporte","status":"publish","type":"post","link":"https:\/\/dimensionturistica.com\/es\/viva-leon-a-la-conquista-mexico-con-lo-mejor-de-su-turismo-cultural-y-deporte\/","title":{"rendered":"\u2018Viva Le\u00f3n\u2019 a la conquista M\u00e9xico con lo mejor de su turismo cultural y deporte"},"content":{"rendered":"\n<figure class=\"wp-block-gallery has-nested-images columns-default is-cropped wp-block-gallery-1 is-layout-flex wp-block-gallery-is-layout-flex\">\n<figure class=\"wp-block-image size-large\"><img decoding=\"async\" width=\"500\" height=\"133\" data-id=\"1077500\" src=\"https:\/\/dimensionturistica.com\/es\/wp-content\/uploads\/2025\/11\/99leon.jpg\" alt=\"\" class=\"wp-image-1077500\" srcset=\"https:\/\/dimensionturistica.com\/es\/wp-content\/uploads\/2025\/11\/99leon.jpg 500w, https:\/\/dimensionturistica.com\/es\/wp-content\/uploads\/2025\/11\/99leon-300x80.jpg 300w\" sizes=\"(max-width: 500px) 100vw, 500px\" \/><\/figure>\n<\/figure>\n\n\n\n<p>Con orgullo, identidad y las personas en el centro de las decisiones, Le\u00f3n lleg\u00f3 a la capital del pa\u00eds para presentar Viva Le\u00f3n, un programa que muestra por qu\u00e9 la ciudad se posiciona como uno de los destinos tur\u00edsticos, culturales y deportivos m\u00e1s importantes de M\u00e9xico.<\/p>\n\n\n\n<figure class=\"wp-block-gallery has-nested-images columns-default is-cropped wp-block-gallery-2 is-layout-flex wp-block-gallery-is-layout-flex\">\n<figure class=\"wp-block-image size-large\"><img decoding=\"async\" width=\"500\" height=\"381\" data-id=\"1077501\" src=\"https:\/\/dimensionturistica.com\/es\/wp-content\/uploads\/2025\/11\/22LEON.jpg\" alt=\"\" class=\"wp-image-1077501\" srcset=\"https:\/\/dimensionturistica.com\/es\/wp-content\/uploads\/2025\/11\/22LEON.jpg 500w, https:\/\/dimensionturistica.com\/es\/wp-content\/uploads\/2025\/11\/22LEON-300x229.jpg 300w\" sizes=\"(max-width: 500px) 100vw, 500px\" \/><figcaption class=\"wp-element-caption\">hdr<\/figcaption><\/figure>\n<\/figure>\n\n\n\n<p>Le\u00f3n es una ciudad viva, vibrante y en constante movimiento. As\u00ed lo destac\u00f3 la presidenta municipal, Alejandra Guti\u00e9rrez, al presentar el programa que impulsa el nombre de Le\u00f3n en M\u00e9xico y el mundo.<\/p>\n\n\n\n<figure class=\"wp-block-gallery has-nested-images columns-default is-cropped wp-block-gallery-3 is-layout-flex wp-block-gallery-is-layout-flex\">\n<figure class=\"wp-block-image size-large\"><img decoding=\"async\" width=\"500\" height=\"482\" data-id=\"1077502\" src=\"https:\/\/dimensionturistica.com\/es\/wp-content\/uploads\/2025\/11\/11LEON.jpg\" alt=\"\" class=\"wp-image-1077502\" srcset=\"https:\/\/dimensionturistica.com\/es\/wp-content\/uploads\/2025\/11\/11LEON.jpg 500w, https:\/\/dimensionturistica.com\/es\/wp-content\/uploads\/2025\/11\/11LEON-300x289.jpg 300w\" sizes=\"(max-width: 500px) 100vw, 500px\" \/><\/figure>\n<\/figure>\n\n\n\n<p>\u201cEso es lo que sentimos todos los d\u00edas, sentimos orgullo, emoci\u00f3n por nuestra gran ciudad, una ciudad viva, vibrante, que tiene much\u00edsimas ra\u00edces que nos han dado identidad, que nos han dado fuerza y esas ra\u00edces que nos hacen ser lo que hoy somos. Con gente trabajadora, echada para adelante, resiliente y que siempre tiende la mano para ser mejores todos los d\u00edas\u201d, detall\u00f3 la presidenta municipal.<\/p>\n\n\n\n<figure class=\"wp-block-gallery has-nested-images columns-default is-cropped wp-block-gallery-4 is-layout-flex wp-block-gallery-is-layout-flex\">\n<figure class=\"wp-block-image size-large\"><img decoding=\"async\" width=\"500\" height=\"430\" data-id=\"1077505\" src=\"https:\/\/dimensionturistica.com\/es\/wp-content\/uploads\/2025\/11\/4LEON-1.jpg\" alt=\"\" class=\"wp-image-1077505\" srcset=\"https:\/\/dimensionturistica.com\/es\/wp-content\/uploads\/2025\/11\/4LEON-1.jpg 500w, https:\/\/dimensionturistica.com\/es\/wp-content\/uploads\/2025\/11\/4LEON-1-300x258.jpg 300w\" sizes=\"(max-width: 500px) 100vw, 500px\" \/><figcaption class=\"wp-element-caption\">ai<\/figcaption><\/figure>\n<\/figure>\n\n\n\n<p>Con una conectividad de 194 vuelos semanales de los cuales 78 son internacionales, una infraestructura de 175 hoteles con una oferta de 9 mil 453 habitaciones y 473 restaurantes; en lo que va de 2025, se han recibido cerca de 6 millones de personas, con una derrama econ\u00f3mica superior a los 9 mil 600 millones de pesos; sin embargo, la expectativa para cierre de 2025 supera los 13 mil 500 millones y m\u00e1s de 6 millones de turistas.<\/p>\n\n\n\n<figure class=\"wp-block-gallery has-nested-images columns-default is-cropped wp-block-gallery-5 is-layout-flex wp-block-gallery-is-layout-flex\">\n<figure class=\"wp-block-image size-large\"><img decoding=\"async\" width=\"500\" height=\"545\" data-id=\"1077507\" src=\"https:\/\/dimensionturistica.com\/es\/wp-content\/uploads\/2025\/11\/5LEON-1.jpg\" alt=\"\" class=\"wp-image-1077507\" srcset=\"https:\/\/dimensionturistica.com\/es\/wp-content\/uploads\/2025\/11\/5LEON-1.jpg 500w, https:\/\/dimensionturistica.com\/es\/wp-content\/uploads\/2025\/11\/5LEON-1-275x300.jpg 275w\" sizes=\"(max-width: 500px) 100vw, 500px\" \/><figcaption class=\"wp-element-caption\">hdr<\/figcaption><\/figure>\n<\/figure>\n\n\n\n<p>\u201cLo que se requiere es voluntad, lo que se requiere es visi\u00f3n, visi\u00f3n de corto, mediano y largo plazo, buscando que la gente viva mejor\u201d, agreg\u00f3 Alejandra Guti\u00e9rrez.<\/p>\n\n\n\n<p>&nbsp;Le\u00f3n, el l\u00edder tur\u00edstico de Guanajuato<\/p>\n\n\n\n<figure class=\"wp-block-gallery has-nested-images columns-default is-cropped wp-block-gallery-6 is-layout-flex wp-block-gallery-is-layout-flex\">\n<figure class=\"wp-block-image size-large\"><img decoding=\"async\" width=\"500\" height=\"888\" data-id=\"1077508\" src=\"https:\/\/dimensionturistica.com\/es\/wp-content\/uploads\/2025\/11\/2LEON-1.jpg\" alt=\"\" class=\"wp-image-1077508\" srcset=\"https:\/\/dimensionturistica.com\/es\/wp-content\/uploads\/2025\/11\/2LEON-1.jpg 500w, https:\/\/dimensionturistica.com\/es\/wp-content\/uploads\/2025\/11\/2LEON-1-169x300.jpg 169w\" sizes=\"(max-width: 500px) 100vw, 500px\" \/><figcaption class=\"wp-element-caption\">hdr<\/figcaption><\/figure>\n<\/figure>\n\n\n\n<p>Durante 2025, Le\u00f3n encabez\u00f3 la llegada de turistas y excursionistas en el estado. Este logro fue posible gracias a que el 100% de los 120 eventos, entre congresos, convenciones, exposiciones especializadas y festivales, realizados en el municipio registraron saldo blanco, resultado de la estrategia de seguridad implementada por la Secretar\u00eda de Seguridad, Prevenci\u00f3n y Protecci\u00f3n Ciudadana.<\/p>\n\n\n\n<figure class=\"wp-block-gallery has-nested-images columns-default is-cropped wp-block-gallery-7 is-layout-flex wp-block-gallery-is-layout-flex\"><\/figure>\n\n\n\n<figure class=\"wp-block-gallery has-nested-images columns-default is-cropped wp-block-gallery-8 is-layout-flex wp-block-gallery-is-layout-flex\">\n<figure class=\"wp-block-image size-large\"><img decoding=\"async\" width=\"440\" height=\"656\" data-id=\"1077509\" src=\"https:\/\/dimensionturistica.com\/es\/wp-content\/uploads\/2025\/11\/1LEON-2.jpg\" alt=\"\" class=\"wp-image-1077509\" srcset=\"https:\/\/dimensionturistica.com\/es\/wp-content\/uploads\/2025\/11\/1LEON-2.jpg 440w, https:\/\/dimensionturistica.com\/es\/wp-content\/uploads\/2025\/11\/1LEON-2-201x300.jpg 201w\" sizes=\"(max-width: 440px) 100vw, 440px\" \/><figcaption class=\"wp-element-caption\">hdr<\/figcaption><\/figure>\n<\/figure>\n\n\n\n<p>Mar\u00eda Fernanda Rodr\u00edguez Gonz\u00e1lez, secretaria para la Reactivaci\u00f3n Econ\u00f3mica, explic\u00f3 que la ciudad se encuentra en el coraz\u00f3n del pa\u00eds, ofreciendo todas las comodidades para que los visitantes disfruten de su estad\u00eda.<\/p>\n\n\n\n<p>\u201cNuestra conectividad es importante, nuestra infraestructura carretera nos conecta con el 60% de la poblaci\u00f3n nacional a un m\u00e1ximo de 4 horas; somos pr\u00e1cticamente el coraz\u00f3n de M\u00e9xico. Contamos con 580 salidas diarias de la Central de Autobuses de Le\u00f3n\u201d, se\u00f1al\u00f3 la titular.<\/p>\n\n\n\n<figure class=\"wp-block-gallery has-nested-images columns-default is-cropped wp-block-gallery-9 is-layout-flex wp-block-gallery-is-layout-flex\">\n<figure class=\"wp-block-image size-large\"><img decoding=\"async\" width=\"500\" height=\"609\" data-id=\"1077510\" src=\"https:\/\/dimensionturistica.com\/es\/wp-content\/uploads\/2025\/11\/7LEON-1.jpg\" alt=\"\" class=\"wp-image-1077510\" srcset=\"https:\/\/dimensionturistica.com\/es\/wp-content\/uploads\/2025\/11\/7LEON-1.jpg 500w, https:\/\/dimensionturistica.com\/es\/wp-content\/uploads\/2025\/11\/7LEON-1-246x300.jpg 246w\" sizes=\"(max-width: 500px) 100vw, 500px\" \/><figcaption class=\"wp-element-caption\">hdr<\/figcaption><\/figure>\n<\/figure>\n\n\n\n<p>La ubicaci\u00f3n estrat\u00e9gica y su amplia y moderna infraestructura carretera, facilita la llegada desde ciudades como Quer\u00e9taro, Ciudad de M\u00e9xico, Morelia, Aguascalientes, Zacatecas y Guadalajara.<\/p>\n\n\n\n<p>Asimismo, la secretaria present\u00f3 la aplicaci\u00f3n para dispositivos m\u00f3viles \u00b4Viva Le\u00f3n\u00b4, herramienta digital dise\u00f1ada para facilitar la experiencia de turistas, visitantes y leoneses, quienes mediante esta plataforma intuitiva pueden conocer, informarse y descubrir eventos, conciertos y la cultura que ofrece la ciudad.<\/p>\n\n\n\n<p>La aplicaci\u00f3n incluye atractivos tur\u00edsticos, rutas, servicios, gastronom\u00eda, hoteles y experiencias destacadas, adem\u00e1s de mapas interactivas y recomendaciones personalizadas. \u201cCon esta app, acercamos la oferta tur\u00edstica de manera moderna, pr\u00e1ctica y alineada a las necesidades actuales de quienes visitan y disfrutan de Le\u00f3n\u201d, indic\u00f3 Yazm\u00edn Quiroz L\u00f3pez, directora de Hospitalidad y Turismo de Le\u00f3n.<\/p>\n\n\n\n<p>Para descargar la app es a trav\u00e9s de:<\/p>\n\n\n\n<figure class=\"wp-block-gallery has-nested-images columns-default is-cropped wp-block-gallery-10 is-layout-flex wp-block-gallery-is-layout-flex\">\n<figure class=\"wp-block-image size-large\"><img decoding=\"async\" width=\"500\" height=\"333\" data-id=\"1077521\" src=\"https:\/\/dimensionturistica.com\/es\/wp-content\/uploads\/2025\/11\/FERIA.jpg\" alt=\"\" class=\"wp-image-1077521\" srcset=\"https:\/\/dimensionturistica.com\/es\/wp-content\/uploads\/2025\/11\/FERIA.jpg 500w, https:\/\/dimensionturistica.com\/es\/wp-content\/uploads\/2025\/11\/FERIA-300x200.jpg 300w\" sizes=\"(max-width: 500px) 100vw, 500px\" \/><\/figure>\n<\/figure>\n\n\n\n<p>App Store: https:\/\/apps.apple.com\/mx\/app\/viva-le%C3%B3n\/id6742515217<\/p>\n\n\n\n<p>Android: <a href=\"https:\/\/play.google.com\/store\/apps\/details?id=com.quimaira.vivaleon\">https:\/\/play.google.com\/store\/apps\/details?id=com.quimaira.vivaleon<\/a><\/p>\n\n\n\n<p>Dentro del \u00e1mbito deportivo, fueron m\u00e1s de 140 eventos de esta naturaleza, destacando: International Children\u2019s Games; FIBA AmeriCup (la cual se realiz\u00f3 por primera vez en M\u00e9xico); Festival Infantil, Juvenil y M\u00e1ster de Voleibol, que registr\u00f3 cerca de 20 mil participantes.<\/p>\n\n\n\n<p>Asimismo, se anunci\u00f3 que para el 2026 se llevar\u00e1n a cabo eventos como la Copa Panamericana de Voleibol Femenil, Juegos Latinoamericanos de Polic\u00edas y Bomberos, el FIBA Americup 3&#215;3, entre otros.<\/p>\n\n\n\n<p>La feria m\u00e1s familiar de M\u00e9xico<\/p>\n\n\n\n<p>&nbsp;Durante 2025, m\u00e1s de 6.75 millones de asistentes disfrutaron y vivieron la feria m\u00e1s familiar y grande de M\u00e9xico, generando una derrama econ\u00f3mica de m\u00e1s de 9 mil millones de pesos, la cual ofreci\u00f3 120 conciertos gratuitos.<\/p>\n\n\n\n<p>Adem\u00e1s, el 85% de las atracciones fueron de forma gratuita, fortaleciendo el derecho de que todas las personas puedan disfrutar de su ciudad sin que el costo sea un obst\u00e1culo. Gracias a ello, el nivel de satisfacci\u00f3n alcanz\u00f3 el 94%.<\/p>\n\n\n\n<p>\u201cEste martes 25, a las 7 de la tarde, en las redes sociales de la Feria de Le\u00f3n, vamos a transmitir en vivo la presentaci\u00f3n oficial de todo el contenido que vamos a tener en esta gran Feria 2026, que precisamente conmemora los 450 a\u00f1os de la Fundaci\u00f3n de nuestra ciudad\u201d, anunci\u00f3 H\u00e9ctor Rodr\u00edguez Vel\u00e1zquez, presidente del Patronato de la Feria Estatal de Le\u00f3n.<\/p>\n\n\n\n<p>Y marcando el inicio de la temporada m\u00e1s colorida, c\u00e1lida y unida del a\u00f1o, se present\u00f3 la Villa Navide\u00f1a: Navidad en los Tres Reinos, tales como el Reino de los Juguetes, Reino de la Nieve y Reino de los Dulces, todos ellos repleto de diversi\u00f3n y entusiasmo.<\/p>\n\n\n\n<p>Por si fuera poco, estar\u00e1n listas la pista de hielo y la rampa para que ni\u00f1as y ni\u00f1os pueda disfrutar de forma gratuita.<\/p>\n\n\n\n<p>Se prepara Le\u00f3n para la celebraci\u00f3n del 450 aniversario de la fundaci\u00f3n de la ciudad<\/p>\n\n\n\n<p>Para celebrar el 450 Aniversario de la Fundaci\u00f3n del Municipio, la Administraci\u00f3n dise\u00f1a y prepara regalos que tengan la esencia del presente, pasado y el futuro de los ciudadanos.<\/p>\n\n\n\n<p>Ah\u00ed se presentar\u00e1 el Proyecto Le\u00f3n 450, dejando huella en la historia; esta celebraci\u00f3n abrir\u00e1 con el festejo de la semana de la fundaci\u00f3n de la ciudad.<\/p>\n\n\n\n<p>El inicio del festejo comienza con el inicio de la Feria Estatal de Le\u00f3n, a la par, el 20 de enero de 2026 se tendr\u00e1n unas votaciones hist\u00f3ricas de Participa Le\u00f3n, el programa en el que los ciudadanos deciden qu\u00e9 obras se hacen y en d\u00f3nde.<\/p>\n\n\n\n<p>\u201cEsto es coordinar todos los esfuerzos de la sociedad civil para involucrarse en estos 450 a\u00f1os de Le\u00f3n; porque no solamente es un hecho de generar una agenda de eventos, sino que realmente veamos a fondo, cu\u00e1l es la historia de nuestra ciudad, qu\u00e9 es lo que estamos haciendo y qu\u00e9 es lo que podemos promover en todos los sectores\u201d, precis\u00f3 Allan Le\u00f3n Aguirre, secretario de Vinculaci\u00f3n y Atenci\u00f3n los Leoneses.<\/p>\n\n\n\n<p>Con Viva Le\u00f3n, la ciudad reafirma su liderazgo tur\u00edstico, cultural y deportivo, proyect\u00e1ndose ante M\u00e9xico y el mundo como un destino que crece con identidad, que celebra su historia y que prepara un futuro vibrante rumbo al 450 aniversario de su fundaci\u00f3n.<\/p>\n\n\n\n<p>Le\u00f3n se consolida como una ciudad abierta, segura y conectada, donde cada visitante encuentra experiencias \u00fanicas y donde las familias leonesas siguen siendo el coraz\u00f3n de todo lo que se construye.<\/p>\n","protected":false},"excerpt":{"rendered":"<p>Con orgullo, identidad y las personas en el centro de las decisiones, Le\u00f3n lleg\u00f3 a la capital del pa\u00eds para presentar Viva Le\u00f3n, un programa que muestra por qu\u00e9 la ciudad se posiciona como uno de los destinos tur\u00edsticos, culturales y deportivos m\u00e1s importantes de M\u00e9xico. Le\u00f3n es una ciudad viva, vibrante y en constante [&hellip;]<\/p>\n","protected":false},"author":1,"featured_media":0,"comment_status":"open","ping_status":"closed","sticky":false,"template":"","format":"standard","meta":{"om_disable_all_campaigns":false,"jnews-multi-image_gallery":[],"jnews_single_post":[],"jnews_primary_category":[],"jnews_social_meta":[],"footnotes":""},"categories":[39],"tags":[],"class_list":["post-1077478","post","type-post","status-publish","format-standard","hentry","category-viajes"],"_links":{"self":[{"href":"https:\/\/dimensionturistica.com\/es\/wp-json\/wp\/v2\/posts\/1077478","targetHints":{"allow":["GET"]}}],"collection":[{"href":"https:\/\/dimensionturistica.com\/es\/wp-json\/wp\/v2\/posts"}],"about":[{"href":"https:\/\/dimensionturistica.com\/es\/wp-json\/wp\/v2\/types\/post"}],"author":[{"embeddable":true,"href":"https:\/\/dimensionturistica.com\/es\/wp-json\/wp\/v2\/users\/1"}],"replies":[{"embeddable":true,"href":"https:\/\/dimensionturistica.com\/es\/wp-json\/wp\/v2\/comments?post=1077478"}],"version-history":[{"count":1,"href":"https:\/\/dimensionturistica.com\/es\/wp-json\/wp\/v2\/posts\/1077478\/revisions"}],"predecessor-version":[{"id":1077523,"href":"https:\/\/dimensionturistica.com\/es\/wp-json\/wp\/v2\/posts\/1077478\/revisions\/1077523"}],"wp:attachment":[{"href":"https:\/\/dimensionturistica.com\/es\/wp-json\/wp\/v2\/media?parent=1077478"}],"wp:term":[{"taxonomy":"category","embeddable":true,"href":"https:\/\/dimensionturistica.com\/es\/wp-json\/wp\/v2\/categories?post=1077478"},{"taxonomy":"post_tag","embeddable":true,"href":"https:\/\/dimensionturistica.com\/es\/wp-json\/wp\/v2\/tags?post=1077478"}],"curies":[{"name":"wp","href":"https:\/\/api.w.org\/{rel}","templated":true}]}}