{"id":1077423,"date":"2025-11-25T20:25:16","date_gmt":"2025-11-25T20:25:16","guid":{"rendered":"https:\/\/dimensionturistica.com\/es\/?p=1077423"},"modified":"2025-11-25T20:25:16","modified_gmt":"2025-11-25T20:25:16","slug":"la-sociedad-civil-le-hace-frente-a-la-industria-tabacalera-en-la-cop-11","status":"publish","type":"post","link":"https:\/\/dimensionturistica.com\/es\/la-sociedad-civil-le-hace-frente-a-la-industria-tabacalera-en-la-cop-11\/","title":{"rendered":"La sociedad civil le hace frente a la industria tabacalera en la COP 11"},"content":{"rendered":"\n<figure class=\"wp-block-gallery has-nested-images columns-default is-cropped wp-block-gallery-1 is-layout-flex wp-block-gallery-is-layout-flex\">\n<figure class=\"wp-block-image size-large\"><img decoding=\"async\" width=\"500\" height=\"280\" data-id=\"1077424\" src=\"https:\/\/dimensionturistica.com\/es\/wp-content\/uploads\/2025\/11\/5patio.jpg\" alt=\"\" class=\"wp-image-1077424\" srcset=\"https:\/\/dimensionturistica.com\/es\/wp-content\/uploads\/2025\/11\/5patio.jpg 500w, https:\/\/dimensionturistica.com\/es\/wp-content\/uploads\/2025\/11\/5patio-300x168.jpg 300w\" sizes=\"(max-width: 500px) 100vw, 500px\" \/><\/figure>\n<\/figure>\n\n\n\n<p>&nbsp;Durante la COP 11 llevada a cabo en Ginebra, Suiza la semana pasada, organizaciones de la sociedad civil de todo el mundo le hicieron frente a la industria tabacalera a trav\u00e9s de comunicados, protestas y acciones de incidencia para defender la salud p\u00fablica de una industria que mata a m\u00e1s de la mitad de sus consumidores.<\/p>\n\n\n\n<p>En la regi\u00f3n de Latinoam\u00e9rica los pa\u00edses que mostraron un discurso a favor de la salud p\u00fablica fueron Brasil, Colombia, Chile, Ecuador, Guatemala, Honduras, Jamaica, M\u00e9xico, Uruguay, Panam\u00e1 y Per\u00fa al respecto, la sociedad civil los reconoci\u00f3 y aplaudi\u00f3 su posici\u00f3n por posicionar a la regi\u00f3n de Latinoam\u00e9rica y el Caribe a nivel global.<\/p>\n\n\n\n<p>Por su parte, Daniel Dorado, co-coordinador Alianza Global Control Tabaco, representante sociedad civil de Am\u00e9rica Latina dijo \u201cAunque la presente Conferencia de las Partes (COP) logr\u00f3 importantes avances en materia de control del tabaco, varios temas fundamentales quedaron pendientes de resoluci\u00f3n, entre ellos esenciales vinculados al art\u00edculo 5.2(b) relacionado con el abordaje de la \u201creducci\u00f3n de da\u00f1os\u201d del Convenio Marco de la OMS para el Control del Tabaco\u201d.<\/p>\n\n\n\n<figure class=\"wp-block-gallery has-nested-images columns-default is-cropped wp-block-gallery-2 is-layout-flex wp-block-gallery-is-layout-flex\">\n<figure class=\"wp-block-image size-large\"><img decoding=\"async\" width=\"500\" height=\"411\" data-id=\"1077427\" src=\"https:\/\/dimensionturistica.com\/es\/wp-content\/uploads\/2025\/11\/1bolivia.jpg\" alt=\"\" class=\"wp-image-1077427\" srcset=\"https:\/\/dimensionturistica.com\/es\/wp-content\/uploads\/2025\/11\/1bolivia.jpg 500w, https:\/\/dimensionturistica.com\/es\/wp-content\/uploads\/2025\/11\/1bolivia-300x247.jpg 300w\" sizes=\"(max-width: 500px) 100vw, 500px\" \/><\/figure>\n<\/figure>\n\n\n\n<p>\u201cOtro avance significativo fue el fortalecimiento del art\u00edculo 19, destinado a impulsar su implementaci\u00f3n y facilitar acciones de responsabilidad y reparaci\u00f3n en materia de da\u00f1os asociados al tabaco\u201d a\u00f1adi\u00f3 Dorado.<\/p>\n\n\n\n<p>Durante esta COP, las Partes dieron un impulso renovado a diversos art\u00edculos del Convenio. Se adoptaron medidas prospectivas en el marco del art\u00edculo 2.1, que invitan a los pa\u00edses a implementar \u2014de manera voluntaria\u2014 recomendaciones destinadas a fortalecer la aplicaci\u00f3n nacional. Asimismo, se logr\u00f3 reforzar la cooperaci\u00f3n internacional, avanzar en herramientas voluntarias para explorar medidas sostenibles de financiamiento, e impulsar la investigaci\u00f3n y las colaboraciones entre acuerdos dedicados a proteger la salud y el medio ambiente. En este \u00e1mbito, la decisi\u00f3n de convocar al Centro de Conocimientos y a personas expertas constituye un paso relevante hacia una aplicaci\u00f3n m\u00e1s robusta de este art\u00edculo.<\/p>\n\n\n\n<p>Por su parte, Gianella Severini co-coordinadora Alianza Global Control Tabaco, representante sociedad civil de Am\u00e9rica Latina dijo \u201cla participaci\u00f3n de la sociedad civil en esta COP 11 fue muy importante para enfrentar la interferencia de la industria tabacalera. La sociedad civil se hizo presente en la COP 11 y activistas latinoamericanos se unieron para que el discurso de la salud p\u00fablica prevaleciera por encima del de las tabacaleras, las cuales presionaron antes, durante y despu\u00e9s de la Conferencia para intimidar y defender sus intereses que jam\u00e1s ser\u00e1n compatibles con los de la salud p\u00fablica. Nunca hab\u00edamos visto tanta interferencia de la industria, pero le hicimos frente en defensa del derecho a la salud\u201d finaliz\u00f3.<\/p>\n","protected":false},"excerpt":{"rendered":"<p>&nbsp;Durante la COP 11 llevada a cabo en Ginebra, Suiza la semana pasada, organizaciones de la sociedad civil de todo el mundo le hicieron frente a la industria tabacalera a trav\u00e9s de comunicados, protestas y acciones de incidencia para defender la salud p\u00fablica de una industria que mata a m\u00e1s de la mitad de sus [&hellip;]<\/p>\n","protected":false},"author":1,"featured_media":0,"comment_status":"open","ping_status":"closed","sticky":false,"template":"","format":"standard","meta":{"om_disable_all_campaigns":false,"jnews-multi-image_gallery":[],"jnews_single_post":{"format":"standard"},"jnews_primary_category":[],"jnews_social_meta":[],"footnotes":""},"categories":[144872],"tags":[],"class_list":["post-1077423","post","type-post","status-publish","format-standard","hentry","category-fashion"],"_links":{"self":[{"href":"https:\/\/dimensionturistica.com\/es\/wp-json\/wp\/v2\/posts\/1077423","targetHints":{"allow":["GET"]}}],"collection":[{"href":"https:\/\/dimensionturistica.com\/es\/wp-json\/wp\/v2\/posts"}],"about":[{"href":"https:\/\/dimensionturistica.com\/es\/wp-json\/wp\/v2\/types\/post"}],"author":[{"embeddable":true,"href":"https:\/\/dimensionturistica.com\/es\/wp-json\/wp\/v2\/users\/1"}],"replies":[{"embeddable":true,"href":"https:\/\/dimensionturistica.com\/es\/wp-json\/wp\/v2\/comments?post=1077423"}],"version-history":[{"count":1,"href":"https:\/\/dimensionturistica.com\/es\/wp-json\/wp\/v2\/posts\/1077423\/revisions"}],"predecessor-version":[{"id":1077428,"href":"https:\/\/dimensionturistica.com\/es\/wp-json\/wp\/v2\/posts\/1077423\/revisions\/1077428"}],"wp:attachment":[{"href":"https:\/\/dimensionturistica.com\/es\/wp-json\/wp\/v2\/media?parent=1077423"}],"wp:term":[{"taxonomy":"category","embeddable":true,"href":"https:\/\/dimensionturistica.com\/es\/wp-json\/wp\/v2\/categories?post=1077423"},{"taxonomy":"post_tag","embeddable":true,"href":"https:\/\/dimensionturistica.com\/es\/wp-json\/wp\/v2\/tags?post=1077423"}],"curies":[{"name":"wp","href":"https:\/\/api.w.org\/{rel}","templated":true}]}}