{"id":1077398,"date":"2025-11-25T19:25:20","date_gmt":"2025-11-25T19:25:20","guid":{"rendered":"https:\/\/dimensionturistica.com\/es\/?p=1077398"},"modified":"2025-11-25T19:25:20","modified_gmt":"2025-11-25T19:25:20","slug":"mendel-y-bcd-travel-anuncian-una-alianza-estrategica-para-integrar-la-gestion-de-viajes-y-el-control-financiero-corporativo","status":"publish","type":"post","link":"https:\/\/dimensionturistica.com\/es\/mendel-y-bcd-travel-anuncian-una-alianza-estrategica-para-integrar-la-gestion-de-viajes-y-el-control-financiero-corporativo\/","title":{"rendered":"Mendel y BCD Travel anuncian una alianza estrat\u00e9gica para integrar la gesti\u00f3n de viajes y el control financiero corporativo"},"content":{"rendered":"\n<figure class=\"wp-block-gallery has-nested-images columns-default is-cropped wp-block-gallery-1 is-layout-flex wp-block-gallery-is-layout-flex\">\n<figure class=\"wp-block-image size-large\"><img decoding=\"async\" width=\"500\" height=\"182\" data-id=\"1077399\" src=\"https:\/\/dimensionturistica.com\/es\/wp-content\/uploads\/2025\/11\/1TRAVEL.jpg\" alt=\"\" class=\"wp-image-1077399\" srcset=\"https:\/\/dimensionturistica.com\/es\/wp-content\/uploads\/2025\/11\/1TRAVEL.jpg 500w, https:\/\/dimensionturistica.com\/es\/wp-content\/uploads\/2025\/11\/1TRAVEL-300x109.jpg 300w\" sizes=\"(max-width: 500px) 100vw, 500px\" \/><\/figure>\n<\/figure>\n\n\n\n<p>Mendel, la plataforma l\u00edder en gesti\u00f3n financiera corporativa, y BCD Travel, referente global en soluciones de viajes corporativos, anuncian una alianza estrat\u00e9gica que redefine la forma en que las empresas gestionan sus viajes y gastos.<\/p>\n\n\n\n<p>Esta colaboraci\u00f3n integra la experiencia y el portafolio de BCD Travel con la plataforma all-in-one de Mendel, que combina control financiero, tecnolog\u00eda y flexibilidad operativa.<\/p>\n\n\n\n<figure class=\"wp-block-gallery has-nested-images columns-default is-cropped wp-block-gallery-2 is-layout-flex wp-block-gallery-is-layout-flex\">\n<figure class=\"wp-block-image size-large\"><img decoding=\"async\" width=\"500\" height=\"326\" data-id=\"1077400\" src=\"https:\/\/dimensionturistica.com\/es\/wp-content\/uploads\/2025\/11\/2TRAVEL.jpg\" alt=\"\" class=\"wp-image-1077400\" srcset=\"https:\/\/dimensionturistica.com\/es\/wp-content\/uploads\/2025\/11\/2TRAVEL.jpg 500w, https:\/\/dimensionturistica.com\/es\/wp-content\/uploads\/2025\/11\/2TRAVEL-300x196.jpg 300w\" sizes=\"(max-width: 500px) 100vw, 500px\" \/><\/figure>\n<\/figure>\n\n\n\n<p>El resultado es una propuesta \u00fanica en el mercado: una soluci\u00f3n integral, simple y flexible que permite a las empresas administrar sus viajes y gastos desde un mismo ecosistema digital.<\/p>\n\n\n\n<p>\u201cLa alianza con BCD Travel combina su experiencia global en gesti\u00f3n de viajes con nuestra plataforma financiera all-in-one. Juntos estamos ofreciendo a las empresas una soluci\u00f3n integrada, flexible y simple para operar con m\u00e1s control y eficiencia\u201d, se\u00f1al\u00f3 Laura Madri\u00f1\u00e1n, Head of Travel de Mendel.<\/p>\n\n\n\n<p>Adem\u00e1s, esta integraci\u00f3n ampl\u00eda las capacidades del ecosistema de viajes corporativos al incorporar una OBT (Online Booking Tool) que ofrece una experiencia 100% digital, \u00e1gil y alineada con las necesidades de las compa\u00f1\u00edas modernas.<\/p>\n\n\n\n<p>Seg\u00fan Jos\u00e9 Mar\u00eda Zas, Chairman de Mendel, \u201ccon esta alianza estrat\u00e9gica unimos la plataforma l\u00edder y revolucionaria de un nuevo futuro con BCD, la empresa l\u00edder mundial en viajes corporativos.\u201d<\/p>\n\n\n\n<figure class=\"wp-block-gallery has-nested-images columns-default is-cropped wp-block-gallery-3 is-layout-flex wp-block-gallery-is-layout-flex\">\n<figure class=\"wp-block-image size-large\"><img decoding=\"async\" width=\"500\" height=\"333\" data-id=\"1077401\" src=\"https:\/\/dimensionturistica.com\/es\/wp-content\/uploads\/2025\/11\/5TRAVEL.jpg\" alt=\"\" class=\"wp-image-1077401\" srcset=\"https:\/\/dimensionturistica.com\/es\/wp-content\/uploads\/2025\/11\/5TRAVEL.jpg 500w, https:\/\/dimensionturistica.com\/es\/wp-content\/uploads\/2025\/11\/5TRAVEL-300x200.jpg 300w\" sizes=\"(max-width: 500px) 100vw, 500px\" \/><\/figure>\n<\/figure>\n\n\n\n<p>Esta iniciativa forma parte de la estrategia regional de Mendel de desarrollar unecosistema de partners estrat\u00e9gicos en viajes corporativos, colaborando con agencias l\u00edderes en cada mercado para ofrecer experiencias integradas, personalizadas y orientadas al cliente.<\/p>\n\n\n\n<p>Por su parte, desde BCD Travel, Rolando Robles destac\u00f3 que esta alianza potencia su portafolio, incorporando una soluci\u00f3n pensada para organizaciones que valoran flexibilidad, simplicidad y visibilidad financiera en la gesti\u00f3n de sus viajes.<\/p>\n\n\n\n<p>Con esta uni\u00f3n, Mendel y BCD Travel consolidan un modelo colaborativo que ampl\u00eda capacidades, integra expertise y refuerza el compromiso de ambas compa\u00f1\u00edas por brindar a las empresas una experiencia corporativa m\u00e1s inteligente, eficiente y conectada.<\/p>\n","protected":false},"excerpt":{"rendered":"<p>Mendel, la plataforma l\u00edder en gesti\u00f3n financiera corporativa, y BCD Travel, referente global en soluciones de viajes corporativos, anuncian una alianza estrat\u00e9gica que redefine la forma en que las empresas gestionan sus viajes y gastos. Esta colaboraci\u00f3n integra la experiencia y el portafolio de BCD Travel con la plataforma all-in-one de Mendel, que combina control [&hellip;]<\/p>\n","protected":false},"author":1,"featured_media":0,"comment_status":"open","ping_status":"closed","sticky":false,"template":"","format":"standard","meta":{"om_disable_all_campaigns":false,"jnews-multi-image_gallery":[],"jnews_single_post":{"format":"standard"},"jnews_primary_category":[],"jnews_social_meta":[],"footnotes":""},"categories":[39],"tags":[],"class_list":["post-1077398","post","type-post","status-publish","format-standard","hentry","category-viajes"],"_links":{"self":[{"href":"https:\/\/dimensionturistica.com\/es\/wp-json\/wp\/v2\/posts\/1077398","targetHints":{"allow":["GET"]}}],"collection":[{"href":"https:\/\/dimensionturistica.com\/es\/wp-json\/wp\/v2\/posts"}],"about":[{"href":"https:\/\/dimensionturistica.com\/es\/wp-json\/wp\/v2\/types\/post"}],"author":[{"embeddable":true,"href":"https:\/\/dimensionturistica.com\/es\/wp-json\/wp\/v2\/users\/1"}],"replies":[{"embeddable":true,"href":"https:\/\/dimensionturistica.com\/es\/wp-json\/wp\/v2\/comments?post=1077398"}],"version-history":[{"count":1,"href":"https:\/\/dimensionturistica.com\/es\/wp-json\/wp\/v2\/posts\/1077398\/revisions"}],"predecessor-version":[{"id":1077402,"href":"https:\/\/dimensionturistica.com\/es\/wp-json\/wp\/v2\/posts\/1077398\/revisions\/1077402"}],"wp:attachment":[{"href":"https:\/\/dimensionturistica.com\/es\/wp-json\/wp\/v2\/media?parent=1077398"}],"wp:term":[{"taxonomy":"category","embeddable":true,"href":"https:\/\/dimensionturistica.com\/es\/wp-json\/wp\/v2\/categories?post=1077398"},{"taxonomy":"post_tag","embeddable":true,"href":"https:\/\/dimensionturistica.com\/es\/wp-json\/wp\/v2\/tags?post=1077398"}],"curies":[{"name":"wp","href":"https:\/\/api.w.org\/{rel}","templated":true}]}}