{"id":1077389,"date":"2025-11-25T19:04:28","date_gmt":"2025-11-25T19:04:28","guid":{"rendered":"https:\/\/dimensionturistica.com\/es\/?p=1077389"},"modified":"2025-11-25T19:04:28","modified_gmt":"2025-11-25T19:04:28","slug":"copa-mundial-fifa-2026-podria-generar-derrama-de-mil-millones-de-dolares","status":"publish","type":"post","link":"https:\/\/dimensionturistica.com\/es\/copa-mundial-fifa-2026-podria-generar-derrama-de-mil-millones-de-dolares\/","title":{"rendered":"Copa Mundial FIFA 2026 podr\u00eda generar derrama de mil millones de d\u00f3lares"},"content":{"rendered":"\n<figure class=\"wp-block-gallery has-nested-images columns-default is-cropped wp-block-gallery-1 is-layout-flex wp-block-gallery-is-layout-flex\">\n<figure class=\"wp-block-image size-large\"><img decoding=\"async\" width=\"500\" height=\"223\" data-id=\"1077390\" src=\"https:\/\/dimensionturistica.com\/es\/wp-content\/uploads\/2025\/11\/1COPA.jpg\" alt=\"\" class=\"wp-image-1077390\" srcset=\"https:\/\/dimensionturistica.com\/es\/wp-content\/uploads\/2025\/11\/1COPA.jpg 500w, https:\/\/dimensionturistica.com\/es\/wp-content\/uploads\/2025\/11\/1COPA-300x134.jpg 300w\" sizes=\"(max-width: 500px) 100vw, 500px\" \/><\/figure>\n<\/figure>\n\n\n\n<p>La Copa Mundial de la FIFA 2026 marcar\u00e1 un antes y un despu\u00e9s para M\u00e9xico, Estados Unidos y Canad\u00e1, no solo en t\u00e9rminos deportivos, sino tambi\u00e9n econ\u00f3micos y tur\u00edsticos. Ser\u00e1 el primer Mundial con 48 selecciones y organizado por tres pa\u00edses, lo que proyecta un movimiento hist\u00f3rico en audiencias y derrama econ\u00f3mica. Seg\u00fan la Secretar\u00eda de Turismo (SECTUR), M\u00e9xico espera recibir 5.5 millones de visitantes adicionales durante la Copa Mundial de la FIFA 2026 y un incremento del 44% en la actividad tur\u00edstica durante ese periodo, ingresos por m\u00e1s de mil millones de d\u00f3lares y la generaci\u00f3n de 24 mil empleos directos por la actividad tur\u00edstica ligada al torneo.<\/p>\n\n\n\n<figure class=\"wp-block-gallery has-nested-images columns-default is-cropped wp-block-gallery-2 is-layout-flex wp-block-gallery-is-layout-flex\">\n<figure class=\"wp-block-image size-large\"><img decoding=\"async\" width=\"500\" height=\"719\" data-id=\"1077391\" src=\"https:\/\/dimensionturistica.com\/es\/wp-content\/uploads\/2025\/11\/2COPA.jpg\" alt=\"\" class=\"wp-image-1077391\" srcset=\"https:\/\/dimensionturistica.com\/es\/wp-content\/uploads\/2025\/11\/2COPA.jpg 500w, https:\/\/dimensionturistica.com\/es\/wp-content\/uploads\/2025\/11\/2COPA-209x300.jpg 209w\" sizes=\"(max-width: 500px) 100vw, 500px\" \/><\/figure>\n<\/figure>\n\n\n\n<p>Ante este contexto, ifahto, empresa mexicana con 30 a\u00f1os de experiencia en producci\u00f3n de eventos, marketing experiencial, hospitalities y log\u00edstica, anuncia su preparaci\u00f3n y apertura de agenda para acompa\u00f1ar a marcas, organizadores y aliados estrat\u00e9gicos en el dise\u00f1o y ejecuci\u00f3n de experiencias inmersivas rumbo al Mundial.<\/p>\n\n\n\n<p>Con presencia operativa en M\u00e9xico, Estados Unidos y Canad\u00e1 a trav\u00e9s de ifahto Worldwide, la compa\u00f1\u00eda se posiciona como un socio integral para marcas que buscan capitalizar el fervor mundialista en los tres pa\u00edses sede.<\/p>\n\n\n\n<p>\u201cEl Mundial ser\u00e1 la plataforma de conexi\u00f3n emocional m\u00e1s poderosa de la d\u00e9cada.<\/p>\n\n\n\n<p>Nuestro objetivo es convertirnos en el aliado estrat\u00e9gico de marcas, empresas y organizaciones que quieran crear experiencias memorables antes, durante y despu\u00e9s del torneo. Contamos con la infraestructura, el talento y la creatividad para dise\u00f1ar activaciones de alto impacto que conecten con audiencias en cada ciudad sede\u201d, destac\u00f3 Ignacio Faman\u00eda, CEO y fundador de ifahto.<\/p>\n\n\n\n<p>Cobertura en Norteam\u00e9rica y sedes<\/p>\n\n\n\n<figure class=\"wp-block-gallery has-nested-images columns-default is-cropped wp-block-gallery-3 is-layout-flex wp-block-gallery-is-layout-flex\">\n<figure class=\"wp-block-image size-large\"><img decoding=\"async\" width=\"500\" height=\"750\" data-id=\"1077392\" src=\"https:\/\/dimensionturistica.com\/es\/wp-content\/uploads\/2025\/11\/4COPA.jpg\" alt=\"\" class=\"wp-image-1077392\" srcset=\"https:\/\/dimensionturistica.com\/es\/wp-content\/uploads\/2025\/11\/4COPA.jpg 500w, https:\/\/dimensionturistica.com\/es\/wp-content\/uploads\/2025\/11\/4COPA-200x300.jpg 200w\" sizes=\"(max-width: 500px) 100vw, 500px\" \/><\/figure>\n<\/figure>\n\n\n\n<p>ifahto est\u00e1 preparada para ejecutar proyectos en cualquier ciudad de M\u00e9xico donde se desarrollen actividades relacionadas con el Mundial, as\u00ed como en sedes clave de Estados Unidos y Canad\u00e1.<\/p>\n\n\n\n<p>Su operaci\u00f3n integrada permitir\u00e1 campa\u00f1as unificadas o adaptadas a cada mercado, fortaleciendo la experiencia del aficionado sin importar el<\/p>\n\n\n\n<p>punto de contacto.<\/p>\n\n\n\n<p>Servicios llave en mano para 2026<\/p>\n\n\n\n<p>ifahto desarroll\u00f3 un portafolio listo para implementaci\u00f3n que incluye:<\/p>\n\n\n\n<p>\u2022 Viewing parties y eventos para ver los partidos<\/p>\n\n\n\n<p>\u2022 Viajes e incentivos corporativos con el Mundial como eje<\/p>\n\n\n\n<p>\u2022 Activaciones y experiencias en estadios, fan zones y espacios p\u00fablicos<\/p>\n\n\n\n<p>\u2022 Hospitalities y experiencias premium<\/p>\n\n\n\n<p>\u2022 Marketing guerrilla y presencia en calle<\/p>\n\n\n\n<p>\u2022 Producci\u00f3n audiovisual y de puesta en escena<\/p>\n\n\n\n<p>Este modelo agiliza presentaci\u00f3n, aprobaci\u00f3n y ejecuci\u00f3n, permitiendo que las marcas activen con rapidez y efectividad.<\/p>\n\n\n\n<p>Alianzas estrat\u00e9gicas y ecosistema 360\u00b0<\/p>\n\n\n\n<p>ifahto ha consolidado alianzas con grupos hoteleros, aerol\u00edneas, venues, bares, restaurantes, cines y centros comerciales, as\u00ed como con proveedores clave para experiencias integrales. Mantiene colaboraci\u00f3n con gobiernos estatales y locales para permisos e infraestructura en espacios p\u00fablicos.<\/p>\n\n\n\n<p>De forma destacada, ifahto cuenta con una relaci\u00f3n estrecha con FIFA para la gesti\u00f3n de boletos y experiencias vinculadas al torneo, aportando valor a marcas que buscan activar con lineamientos adecuados y acceso a espacios autorizados.<\/p>\n\n\n\n<p>El contexto impulsa la oportunidad: los viajes de incentivos con enfoque deportivo han crecido m\u00e1s de 34% desde 2022, mientras que el marketing experiencial proyecta un crecimiento anual de 11.2% rumbo a 2026, impulsado por eventos de alto perfil como la Copa Mundial.<\/p>\n\n\n\n<p>Experiencias inmersivas e innovaci\u00f3n<\/p>\n\n\n\n<p>ifahto apostar\u00e1 por experiencias multisensoriales, interactividad digital, recursos de inteligencia artificial, din\u00e1micas con exjugadores, trivias, fan engagement y contenidos audiovisuales innovadores para detonar conexi\u00f3n emocional.<\/p>\n\n\n\n<p>Con la cuenta regresiva en marcha, ifahto invita a marcas y organizaciones a iniciar la planeaci\u00f3n desde ahora para asegurar disponibilidad, permisos y espacios estrat\u00e9gicos para sus activaciones rumbo a la Copa del Mundo.<\/p>\n","protected":false},"excerpt":{"rendered":"<p>La Copa Mundial de la FIFA 2026 marcar\u00e1 un antes y un despu\u00e9s para M\u00e9xico, Estados Unidos y Canad\u00e1, no solo en t\u00e9rminos deportivos, sino tambi\u00e9n econ\u00f3micos y tur\u00edsticos. Ser\u00e1 el primer Mundial con 48 selecciones y organizado por tres pa\u00edses, lo que proyecta un movimiento hist\u00f3rico en audiencias y derrama econ\u00f3mica. Seg\u00fan la Secretar\u00eda [&hellip;]<\/p>\n","protected":false},"author":1,"featured_media":0,"comment_status":"open","ping_status":"closed","sticky":false,"template":"","format":"standard","meta":{"om_disable_all_campaigns":false,"jnews-multi-image_gallery":[],"jnews_single_post":[],"jnews_primary_category":[],"jnews_social_meta":[],"footnotes":""},"categories":[40],"tags":[],"class_list":["post-1077389","post","type-post","status-publish","format-standard","hentry","category-industria"],"_links":{"self":[{"href":"https:\/\/dimensionturistica.com\/es\/wp-json\/wp\/v2\/posts\/1077389","targetHints":{"allow":["GET"]}}],"collection":[{"href":"https:\/\/dimensionturistica.com\/es\/wp-json\/wp\/v2\/posts"}],"about":[{"href":"https:\/\/dimensionturistica.com\/es\/wp-json\/wp\/v2\/types\/post"}],"author":[{"embeddable":true,"href":"https:\/\/dimensionturistica.com\/es\/wp-json\/wp\/v2\/users\/1"}],"replies":[{"embeddable":true,"href":"https:\/\/dimensionturistica.com\/es\/wp-json\/wp\/v2\/comments?post=1077389"}],"version-history":[{"count":1,"href":"https:\/\/dimensionturistica.com\/es\/wp-json\/wp\/v2\/posts\/1077389\/revisions"}],"predecessor-version":[{"id":1077393,"href":"https:\/\/dimensionturistica.com\/es\/wp-json\/wp\/v2\/posts\/1077389\/revisions\/1077393"}],"wp:attachment":[{"href":"https:\/\/dimensionturistica.com\/es\/wp-json\/wp\/v2\/media?parent=1077389"}],"wp:term":[{"taxonomy":"category","embeddable":true,"href":"https:\/\/dimensionturistica.com\/es\/wp-json\/wp\/v2\/categories?post=1077389"},{"taxonomy":"post_tag","embeddable":true,"href":"https:\/\/dimensionturistica.com\/es\/wp-json\/wp\/v2\/tags?post=1077389"}],"curies":[{"name":"wp","href":"https:\/\/api.w.org\/{rel}","templated":true}]}}