{"id":1077386,"date":"2025-11-25T19:00:09","date_gmt":"2025-11-25T19:00:09","guid":{"rendered":"https:\/\/dimensionturistica.com\/es\/?p=1077386"},"modified":"2025-11-25T19:00:09","modified_gmt":"2025-11-25T19:00:09","slug":"celebracion-del-centenario-de-cerveza-corona-una-cena-especial-antes-del-corona-capital","status":"publish","type":"post","link":"https:\/\/dimensionturistica.com\/es\/celebracion-del-centenario-de-cerveza-corona-una-cena-especial-antes-del-corona-capital\/","title":{"rendered":"Celebraci\u00f3n del Centenario de Cerveza Corona: Una Cena Especial Antes del Corona Capital"},"content":{"rendered":"<h3>La Fusi\u00f3n Perfecta: Cerveza y Moda en el Centenario de Corona<\/h3>\n<p>En el mundo de la moda, las colaboraciones inesperadas suelen crear un gran revuelo, especialmente cuando marcas ic\u00f3nicas se encuentran en la intersecci\u00f3n de la cultura y el entretenimiento. Uno de los ejemplos m\u00e1s recientes y vibrantes de esta fusi\u00f3n se encuentra en el centenario de una de las cervezas m\u00e1s emblem\u00e1ticas de M\u00e9xico: Corona. Con una celebraci\u00f3n que se anticip\u00f3 con gran expectaci\u00f3n, la marca prepar\u00f3 una cena exclusiva que reuni\u00f3 a lo mejor de la m\u00fasica, la gastronom\u00eda y, por supuesto, la moda.<\/p>\n<h4>Un Evento Cargado de Estilo<\/h4>\n<p>La cena previa al festival Corona Capital no solo fue un fest\u00edn para el paladar, sino tambi\u00e9n un espect\u00e1culo visual. Los asistentes se deleitaron no solo con un men\u00fa dise\u00f1ado minuciosamente, sino tambi\u00e9n con la presencia de figuras destacadas del mundo de la moda. Este encuentro fue mucho m\u00e1s que una celebraci\u00f3n de la cerveza; fue una celebraci\u00f3n de la creatividad y la innovaci\u00f3n en todos los frentes. Dise\u00f1adores, modelos, y influencers brillaron en un ambiente donde cada detalle contaba.<\/p>\n<h4>La Moda como Protagonista<\/h4>\n<p>La est\u00e9tica del evento destac\u00f3 la importancia del dise\u00f1o en la cultura contempor\u00e1nea. Las prendas llevadas por los invitados reflejaron una mezcla de estilos que van desde lo bohemio hasta lo vanguardista, sirviendo como un recordatorio de que la moda es un lenguaje universal. Los outfits seleccionados no solo atraparon la atenci\u00f3n en la alfombra roja, sino que se convirtieron en una declaraci\u00f3n sobre la versatilidad y la riqueza del patrimonio cultural mexicano. <\/p>\n<h4>Maridaje de Sabores y Tendencias<\/h4>\n<p>La experiencia gastron\u00f3mica complement\u00f3 la atm\u00f3sfera festiva. Cocineros de renombre presentaron platillos que armonizaban perfectamente con la frescura y el car\u00e1cter de la cerveza Corona. Esta uni\u00f3n de sabores y texturas se convirti\u00f3 en un verdadero deleite para los sentidos, poniendo de manifiesto c\u00f3mo la gastronom\u00eda y la moda pueden coexistir en perfecta armon\u00eda.<\/p>\n<h4>Un Toque Musical<\/h4>\n<p>La m\u00fasica, como siempre, jug\u00f3 un papel crucial en la creaci\u00f3n del ambiente ideal. Artistas en vivo, que abarcan desde bandas emergentes hasta \u00edconos establecidos, ofrecieron actuaciones que revitalizaban el esp\u00edritu del evento. Esta sinergia entre moda, gastronom\u00eda y m\u00fasica elev\u00f3 la celebraci\u00f3n a nuevas alturas, proporcionando a los asistentes una experiencia \u00fanica e inolvidable.<\/p>\n<h3>La Influencia Cultural<\/h3>\n<p>Este tipo de eventos subraya la relevancia de las marcas en la cultura actual, no solo como productos, sino como parte de una narrativa m\u00e1s amplia que abarca el arte, el dise\u00f1o y la m\u00fasica. La interacci\u00f3n entre diferentes disciplinas crea una plataforma donde la moda puede brillar y el legado de marcas como Corona se reinterpreta en un contexto contempor\u00e1neo.<\/p>\n<p>El impacto de una celebraci\u00f3n como esta va m\u00e1s all\u00e1 de los flashes de las c\u00e1maras. Es una invitaci\u00f3n a los consumidores a ver la moda no solo como vestimenta, sino como una forma de expresi\u00f3n cultural. La conexi\u00f3n entre lo que llevamos puesto y lo que disfrutamos al paladar demuestra que la creatividad no tiene l\u00edmites.<\/p>\n<h3>Conclusi\u00f3n<\/h3>\n<p>La cena previa al festival Corona Capital ha reafirmado la importancia de los eventos que integran m\u00e1s de un aspecto de la cultura moderna. La moda, la m\u00fasica y la gastronom\u00eda se entrelazan para contar una historia que resuena en el coraz\u00f3n de todos los asistentes. En este centenario, Corona no solo celebra su legado, sino que invita a todos a ser parte de un viaje de descubrimiento y celebraci\u00f3n. Sin duda, una experiencia que continuar\u00e1 siendo recordada en el \u00e1mbito de la moda y m\u00e1s all\u00e1.<\/p>\n<p><em> &#8221; Fuentes www.vogue.mx &#8221; <\/em><\/p>\n","protected":false},"excerpt":{"rendered":"<p>La Fusi\u00f3n Perfecta: Cerveza y Moda en el Centenario de Corona En el mundo de la moda, las colaboraciones inesperadas suelen crear un gran revuelo, especialmente cuando marcas ic\u00f3nicas se encuentran en la intersecci\u00f3n de la cultura y el entretenimiento. Uno de los ejemplos m\u00e1s recientes y vibrantes de esta fusi\u00f3n se encuentra en el [&hellip;]<\/p>\n","protected":false},"author":14,"featured_media":1077387,"comment_status":"open","ping_status":"closed","sticky":false,"template":"","format":"standard","meta":{"om_disable_all_campaigns":false,"jnews-multi-image_gallery":[],"jnews_single_post":[],"jnews_primary_category":[],"jnews_social_meta":[],"footnotes":""},"categories":[144872],"tags":[200513,132946,1118,2448,23399,7481,9622,36379,723,872,2282,142911,373],"class_list":["post-1077386","post","type-post","status-publish","format-standard","has-post-thumbnail","hentry","category-fashion","tag-_commercial_content","tag-100-anos","tag-aniversario","tag-celebracion","tag-cena","tag-cerveza","tag-corona","tag-corona-capital","tag-evento","tag-festival","tag-musica","tag-splitscreenimageleftinset","tag-web"],"_links":{"self":[{"href":"https:\/\/dimensionturistica.com\/es\/wp-json\/wp\/v2\/posts\/1077386","targetHints":{"allow":["GET"]}}],"collection":[{"href":"https:\/\/dimensionturistica.com\/es\/wp-json\/wp\/v2\/posts"}],"about":[{"href":"https:\/\/dimensionturistica.com\/es\/wp-json\/wp\/v2\/types\/post"}],"author":[{"embeddable":true,"href":"https:\/\/dimensionturistica.com\/es\/wp-json\/wp\/v2\/users\/14"}],"replies":[{"embeddable":true,"href":"https:\/\/dimensionturistica.com\/es\/wp-json\/wp\/v2\/comments?post=1077386"}],"version-history":[{"count":1,"href":"https:\/\/dimensionturistica.com\/es\/wp-json\/wp\/v2\/posts\/1077386\/revisions"}],"predecessor-version":[{"id":1077388,"href":"https:\/\/dimensionturistica.com\/es\/wp-json\/wp\/v2\/posts\/1077386\/revisions\/1077388"}],"wp:featuredmedia":[{"embeddable":true,"href":"https:\/\/dimensionturistica.com\/es\/wp-json\/wp\/v2\/media\/1077387"}],"wp:attachment":[{"href":"https:\/\/dimensionturistica.com\/es\/wp-json\/wp\/v2\/media?parent=1077386"}],"wp:term":[{"taxonomy":"category","embeddable":true,"href":"https:\/\/dimensionturistica.com\/es\/wp-json\/wp\/v2\/categories?post=1077386"},{"taxonomy":"post_tag","embeddable":true,"href":"https:\/\/dimensionturistica.com\/es\/wp-json\/wp\/v2\/tags?post=1077386"}],"curies":[{"name":"wp","href":"https:\/\/api.w.org\/{rel}","templated":true}]}}