{"id":1077136,"date":"2025-11-25T07:24:16","date_gmt":"2025-11-25T07:24:16","guid":{"rendered":"https:\/\/dimensionturistica.com\/es\/?p=1077136"},"modified":"2025-11-25T07:24:16","modified_gmt":"2025-11-25T07:24:16","slug":"relato-de-aventuras-en-colombia-de-medellin-a-la-hermosa-cartagena-de-indias","status":"publish","type":"post","link":"https:\/\/dimensionturistica.com\/es\/relato-de-aventuras-en-colombia-de-medellin-a-la-hermosa-cartagena-de-indias\/","title":{"rendered":"Relato de aventuras en Colombia: De Medell\u00edn a la hermosa Cartagena de Indias"},"content":{"rendered":"<h3>Descubriendo Colombia: Un Viaje de Medell\u00edn a Cartagena de Indias<\/h3>\n<p>Colombia es un pa\u00eds lleno de contrastes y paisajes que dejan sin aliento. En un recorrido que comienza en la vibrante Medell\u00edn, la transformaci\u00f3n de esta ciudad es un testimonio del ingenio de su gente, y el calor de su cultura se hace palpable en cada esquina. Desde la metr\u00f3poli moderna hasta los encantos coloniales de Cartagena de Indias, este viaje es un viaje a trav\u00e9s de la historia, la innovaci\u00f3n y la naturaleza.<\/p>\n<p><strong>Medell\u00edn: Innovaci\u00f3n y Cultura<\/strong><\/p>\n<p>La aventura comienza en Medell\u00edn, donde se palpa un esp\u00edritu de renovaci\u00f3n. La ciudad, que una vez fue reconocida por su violencia, ha resurgido para convertirse en un centro de innovaci\u00f3n. Desde el ic\u00f3nico Metrocable que surca las monta\u00f1as circundantes, se pueden apreciar vistas espectaculares de la urbe.<\/p>\n<p>Los turistas pueden explorar el famoso Parque Arv\u00ed, un pulm\u00f3n verde que ofrece un escape del bullicio citadino. Pero no todo se trata de naturaleza; el arte urbano en las calles de la Comuna 13 narra la historia de lucha y resiliencia de sus habitantes. Los vibrantes murales cuentan historias de esperanza, y la m\u00fasica que resuena por sus calles nos invita a celebrar la vida.<\/p>\n<p><strong>Un Viaje en Ruta: Entre Paisajes y Sabores<\/strong><\/p>\n<p>Dejando atr\u00e1s la energ\u00eda de Medell\u00edn, el viaje hacia Cartagena se convierte en un recorrido a trav\u00e9s de paisajes de ensue\u00f1o. El trayecto es un deleite para los sentidos; los valles verdes se transforman en monta\u00f1as y luego en llanuras donde los cafetales dan paso a plantaciones de frutas tropicales. Las paradas en peque\u00f1os pueblos a lo largo del camino ofrecen un vistazo a la vida rural y una oportunidad para degustar platos t\u00edpicos como arepas y platos con ingredientes frescos.<\/p>\n<p><strong>Cartagena de Indias: Un Tesoro Colonial<\/strong><\/p>\n<p>Finalmente, al llegar a Cartagena, un mundo de colores y aromas te recibe. La ciudad amurallada, Patrimonio de la Humanidad, es una joya que combina la historia colonial con un ambiente vibrante. Pasear por sus calles empedradas es como viajar atr\u00e1s en el tiempo: las iglesias, palacios y plazas nos hablan de siglos pasados y de un legado cultural que merece ser explorado.<\/p>\n<p>Uno de los puntos culminantes de la ciudad es el Castillo de San Felipe de Barajas, una fortaleza imponente que ofrece impresionantes vistas del horizonte cartagenero. Al atardecer, los colores del cielo se reflejan en el mar, creando una atm\u00f3sfera m\u00e1gica que invita a la reflexi\u00f3n.<\/p>\n<p><strong>Cierre con Sabor y M\u00fasica<\/strong><\/p>\n<p>La experiencia en Cartagena no estar\u00eda completa sin sumergirse en su cultura vivaz. Los ritmos de la m\u00fasica caribe\u00f1a resuenan en cada rinc\u00f3n, y la gastronom\u00eda local, con sus influencias africanas e indigenistas, es un fest\u00edn para el paladar. Desde el tradicional dulce de guayaba hasta los exquisitos mariscos frescos, cada bocado es una celebraci\u00f3n de la diversidad de sabores que ofrece la regi\u00f3n.<\/p>\n<p>Este viaje desde Medell\u00edn a Cartagena de Indias no solo es un recorrido f\u00edsico, sino una traves\u00eda por el alma de un pa\u00eds que invita a ser descubierto. Colombia, con su gente c\u00e1lida y su rica cultura, deja una huella imborrable en el coraz\u00f3n de quienes se atreven a explorarla. Y as\u00ed, cada viaje se convierte en un recuerdo que perdura, un puente que conecta nuestros anhelos con la belleza del mundo que nos rodea.<\/p>\n<p><em> &#8221; Fuentes acento.com.do &#8221; <\/em><\/p>\n","protected":false},"excerpt":{"rendered":"<p>Descubriendo Colombia: Un Viaje de Medell\u00edn a Cartagena de Indias Colombia es un pa\u00eds lleno de contrastes y paisajes que dejan sin aliento. En un recorrido que comienza en la vibrante Medell\u00edn, la transformaci\u00f3n de esta ciudad es un testimonio del ingenio de su gente, y el calor de su cultura se hace palpable en [&hellip;]<\/p>\n","protected":false},"author":4,"featured_media":1077137,"comment_status":"open","ping_status":"closed","sticky":false,"template":"","format":"standard","meta":{"om_disable_all_campaigns":false,"jnews-multi-image_gallery":[],"jnews_single_post":[],"jnews_primary_category":[],"jnews_social_meta":[],"footnotes":""},"categories":[39],"tags":[13687,30304,771,2230,257705,662,1318,56308,5557,544,545],"class_list":["post-1077136","post","type-post","status-publish","format-standard","has-post-thumbnail","hentry","category-viajes","tag-aventura","tag-cartagena-de-indias","tag-colombia","tag-cronica","tag-cronica-de-viajes","tag-cultura","tag-destinos-turisticos","tag-exploracion","tag-medellin","tag-turismo","tag-viajes"],"_links":{"self":[{"href":"https:\/\/dimensionturistica.com\/es\/wp-json\/wp\/v2\/posts\/1077136","targetHints":{"allow":["GET"]}}],"collection":[{"href":"https:\/\/dimensionturistica.com\/es\/wp-json\/wp\/v2\/posts"}],"about":[{"href":"https:\/\/dimensionturistica.com\/es\/wp-json\/wp\/v2\/types\/post"}],"author":[{"embeddable":true,"href":"https:\/\/dimensionturistica.com\/es\/wp-json\/wp\/v2\/users\/4"}],"replies":[{"embeddable":true,"href":"https:\/\/dimensionturistica.com\/es\/wp-json\/wp\/v2\/comments?post=1077136"}],"version-history":[{"count":1,"href":"https:\/\/dimensionturistica.com\/es\/wp-json\/wp\/v2\/posts\/1077136\/revisions"}],"predecessor-version":[{"id":1077138,"href":"https:\/\/dimensionturistica.com\/es\/wp-json\/wp\/v2\/posts\/1077136\/revisions\/1077138"}],"wp:featuredmedia":[{"embeddable":true,"href":"https:\/\/dimensionturistica.com\/es\/wp-json\/wp\/v2\/media\/1077137"}],"wp:attachment":[{"href":"https:\/\/dimensionturistica.com\/es\/wp-json\/wp\/v2\/media?parent=1077136"}],"wp:term":[{"taxonomy":"category","embeddable":true,"href":"https:\/\/dimensionturistica.com\/es\/wp-json\/wp\/v2\/categories?post=1077136"},{"taxonomy":"post_tag","embeddable":true,"href":"https:\/\/dimensionturistica.com\/es\/wp-json\/wp\/v2\/tags?post=1077136"}],"curies":[{"name":"wp","href":"https:\/\/api.w.org\/{rel}","templated":true}]}}