{"id":1076974,"date":"2025-11-25T00:58:10","date_gmt":"2025-11-25T00:58:10","guid":{"rendered":"https:\/\/dimensionturistica.com\/es\/?p=1076974"},"modified":"2025-11-25T01:06:32","modified_gmt":"2025-11-25T01:06:32","slug":"ballesol-lomas-verdes-celebra-su-primer-aniversario-con-gran-fiesta-para-residentes-y-familiares","status":"publish","type":"post","link":"https:\/\/dimensionturistica.com\/es\/ballesol-lomas-verdes-celebra-su-primer-aniversario-con-gran-fiesta-para-residentes-y-familiares\/","title":{"rendered":"Ballesol Lomas Verdes celebra su primer aniversario con gran fiesta para residentes y familiares"},"content":{"rendered":"\n<figure class=\"wp-block-gallery has-nested-images columns-default is-cropped wp-block-gallery-1 is-layout-flex wp-block-gallery-is-layout-flex\">\n<figure class=\"wp-block-image size-large\"><img decoding=\"async\" width=\"500\" height=\"434\" data-id=\"1076975\" src=\"https:\/\/dimensionturistica.com\/es\/wp-content\/uploads\/2025\/11\/1VALLE.jpg\" alt=\"\" class=\"wp-image-1076975\" srcset=\"https:\/\/dimensionturistica.com\/es\/wp-content\/uploads\/2025\/11\/1VALLE.jpg 500w, https:\/\/dimensionturistica.com\/es\/wp-content\/uploads\/2025\/11\/1VALLE-300x260.jpg 300w\" sizes=\"(max-width: 500px) 100vw, 500px\" \/><\/figure>\n<\/figure>\n\n\n\n<p><strong>Por Victoria Gonz\u00e1lez Prado<\/strong><\/p>\n\n\n\n<p>**Participamos en algunas actividades y para nuestra sorpresa, sin importar la edad, debemos ejercitar nuestro cuerpo y mente<\/p>\n\n\n\n<p>A un a\u00f1o de su apertura Ballesol Lomas Verdes, residencia para adultos, celebr\u00f3 con bombo y platillo su primer aniversario en el que participaron nosolo los residentes y su familia, tambi\u00e9n los terapeutas, y todo el personal de la residencia.<\/p>\n\n\n\n<figure class=\"wp-block-gallery has-nested-images columns-default is-cropped wp-block-gallery-2 is-layout-flex wp-block-gallery-is-layout-flex\">\n<figure class=\"wp-block-image size-large\"><img decoding=\"async\" width=\"500\" height=\"272\" data-id=\"1076976\" src=\"https:\/\/dimensionturistica.com\/es\/wp-content\/uploads\/2025\/11\/6VALLE.jpg\" alt=\"\" class=\"wp-image-1076976\" srcset=\"https:\/\/dimensionturistica.com\/es\/wp-content\/uploads\/2025\/11\/6VALLE.jpg 500w, https:\/\/dimensionturistica.com\/es\/wp-content\/uploads\/2025\/11\/6VALLE-300x163.jpg 300w\" sizes=\"(max-width: 500px) 100vw, 500px\" \/><\/figure>\n<\/figure>\n\n\n\n<p>Ubicada en el coraz\u00f3n del municipio de Naucalpan, Estado de M\u00e9xico, Ballesol Lomas Verdes se erige como verdadera obra de cuidados geri\u00e1tricos. Las habitaciones, en su momento, fueron dise\u00f1adas pensando en la comodidad y privacidad de los residentes.<\/p>\n\n\n\n<p>Hay algunas habitaciones dobles y el resto son individuales, cada una con ba\u00f1o privado adaptado para facilitar su utilizaci\u00f3n, las camas geri\u00e1tricas son el\u00e9ctricas, cuentan con aire acondicionado y calefacci\u00f3n, sistema de emergencia con software de gesti\u00f3n asociado, asegurando la m\u00e1xima seguridad para los residentes.<\/p>\n\n\n\n<figure class=\"wp-block-gallery has-nested-images columns-default is-cropped wp-block-gallery-3 is-layout-flex wp-block-gallery-is-layout-flex\">\n<figure class=\"wp-block-image size-large\"><img decoding=\"async\" width=\"500\" height=\"1006\" data-id=\"1076977\" src=\"https:\/\/dimensionturistica.com\/es\/wp-content\/uploads\/2025\/11\/5VALLE.jpg\" alt=\"\" class=\"wp-image-1076977\" srcset=\"https:\/\/dimensionturistica.com\/es\/wp-content\/uploads\/2025\/11\/5VALLE.jpg 500w, https:\/\/dimensionturistica.com\/es\/wp-content\/uploads\/2025\/11\/5VALLE-149x300.jpg 149w\" sizes=\"(max-width: 500px) 100vw, 500px\" \/><\/figure>\n<\/figure>\n\n\n\n<p>El edificio tambi\u00e9n est\u00e1 equipado con todos los sistemas de seguridad necesarios y est\u00e1 completamente adaptado a las necesidades espec\u00edficas de los residentes. Cuenta con numerosas \u00e1reas comunes independientes, estacionamiento privado, sal\u00f3n para eventos, sala de cine, huerto adaptado y espacios al aire libre.<\/p>\n\n\n\n<figure class=\"wp-block-gallery has-nested-images columns-default is-cropped wp-block-gallery-4 is-layout-flex wp-block-gallery-is-layout-flex\">\n<figure class=\"wp-block-image size-large\"><img decoding=\"async\" width=\"500\" height=\"333\" data-id=\"1076978\" src=\"https:\/\/dimensionturistica.com\/es\/wp-content\/uploads\/2025\/11\/2VALLE.jpg\" alt=\"\" class=\"wp-image-1076978\" srcset=\"https:\/\/dimensionturistica.com\/es\/wp-content\/uploads\/2025\/11\/2VALLE.jpg 500w, https:\/\/dimensionturistica.com\/es\/wp-content\/uploads\/2025\/11\/2VALLE-300x200.jpg 300w\" sizes=\"(max-width: 500px) 100vw, 500px\" \/><\/figure>\n<\/figure>\n\n\n\n<p>Tambi\u00e9n, atenci\u00f3n m\u00e9dica, enfermer\u00eda las 24 horas, terapia ocupacional, fisioterapia, psicolog\u00eda, nutrici\u00f3n, supervisi\u00f3n y todos los procesos se basados en la norma ISO 9001\/2025, cuentan con Distintivo H y adem\u00e1s son auditados y certificados por Bureau Veritas, lo que garantiza atenci\u00f3n de calidad y est\u00e1ndares excepcionales en el cuidado de los residentes.<\/p>\n\n\n\n<p>Brinda atenci\u00f3n integral y personalizada en entorno seguro y confortable que promueve el bienestar f\u00edsico, emocional y social de los residentes. Asimismo, ofrece esquema de estancias temporales y permanentes, as\u00ed como centro de d\u00eda y para las estancias temporales cuenta con programas espec\u00edficos de recuperaci\u00f3n post hospitalaria, as\u00ed como por descansos familiares.<\/p>\n\n\n\n<figure class=\"wp-block-gallery has-nested-images columns-default is-cropped wp-block-gallery-5 is-layout-flex wp-block-gallery-is-layout-flex\">\n<figure class=\"wp-block-image size-large\"><img decoding=\"async\" width=\"500\" height=\"528\" data-id=\"1076979\" src=\"https:\/\/dimensionturistica.com\/es\/wp-content\/uploads\/2025\/11\/4VALLE.jpg\" alt=\"\" class=\"wp-image-1076979\" srcset=\"https:\/\/dimensionturistica.com\/es\/wp-content\/uploads\/2025\/11\/4VALLE.jpg 500w, https:\/\/dimensionturistica.com\/es\/wp-content\/uploads\/2025\/11\/4VALLE-284x300.jpg 284w\" sizes=\"(max-width: 500px) 100vw, 500px\" \/><\/figure>\n<\/figure>\n\n\n\n<p>Es importante destacar que Grupo Presidente, opera las estancias con valores afines a la filosof\u00eda de Ballesol Espa\u00f1a por lo que han hecho esta interesante alianza, que sin duda alguna, forma parte de la hospitalidad.<\/p>\n\n\n\n<p>Fue precisamente, Grupo Presidente, que nos invit\u00f3 a disfrutar la fiesta que inici\u00f3 a las 6:00 de la tarde con m\u00fasica y brindis. Y, s\u00ed, aunque no lo crean, los residentes, acompa\u00f1ados por familiares y amigos brindaron por este exitoso prime a\u00f1o. Algunos con vino, otros con agua o refrescos pero, todos con contagioso \u00e1nimo.<\/p>\n\n\n\n<figure class=\"wp-block-gallery has-nested-images columns-default is-cropped wp-block-gallery-6 is-layout-flex wp-block-gallery-is-layout-flex\">\n<figure class=\"wp-block-image size-large\"><img decoding=\"async\" width=\"500\" height=\"353\" data-id=\"1076980\" src=\"https:\/\/dimensionturistica.com\/es\/wp-content\/uploads\/2025\/11\/8VALLE.jpg\" alt=\"\" class=\"wp-image-1076980\" srcset=\"https:\/\/dimensionturistica.com\/es\/wp-content\/uploads\/2025\/11\/8VALLE.jpg 500w, https:\/\/dimensionturistica.com\/es\/wp-content\/uploads\/2025\/11\/8VALLE-300x212.jpg 300w, https:\/\/dimensionturistica.com\/es\/wp-content\/uploads\/2025\/11\/8VALLE-120x86.jpg 120w\" sizes=\"(max-width: 500px) 100vw, 500px\" \/><\/figure>\n<\/figure>\n\n\n\n<p>Lorena V\u00e1zquez, gerente de Ballesol, Lomas Verdes, record\u00f3, \u201ciniciamos son siete residentes, hoy despu\u00e9s de un a\u00f1o son 77 que disfrutan de las distintas terapias que imparten especialistas en distintas \u00e1reas.<\/p>\n\n\n\n<p>Adem\u00e1s, dijo, \u201ccontamos con el respaldo de Ballesol Espa\u00f1a que tiene m\u00e1s de 40 a\u00f1os de experiencia y ha logrado trasmitir con capacitaciones a todas y cada una de las personas que trabajan en M\u00e9xico. As\u00ed, seguimos al pie de la letra, la misi\u00f3n de la casa para adultos que tiene como principal misi\u00f3n tratar personas, seres humanos que son tratados como tal y los principales logros son, que una madre vuelva a ver a sus hijos, personas que llegan en muy mal estado y hoy est\u00e1n recuperados.<\/p>\n\n\n\n<p>La emoci\u00f3n nos gan\u00f3, y es que el equipo que est\u00e1 a cargo aprende, porque siempre hay algo que aprender, siempre hay algo que mejorar. Son personas que trabajan para personas y que celebran d\u00eda a d\u00eda los peque\u00f1os y grandes logros.<\/p>\n\n\n\n<p>La residente Beatriz decidi\u00f3 ir a Ballesol para acompa\u00f1ar a su esposo Manuel, ya cumplieron un a\u00f1o en Lomas Verdes. \u201cNos sentimos acompa\u00f1ados, nos cuidamos unos a otros. Esta es mi casa y es hermosa. Todos los residentes hacemos todo por sentirnos en familia. Estamos agradecidos con Ballesol.<\/p>\n\n\n\n<p>Luego Antonio Gonz\u00e1lez Quir\u00f3s, diretor de Operaciones de Ballesol M\u00e9xico, record\u00f3,<\/p>\n\n\n\n<p>\u201cllegu\u00e9 hace 10 a\u00f1os a M\u00e9xico para el inicio de operaciones de Ballesol Quer\u00e9taro y, me cas\u00e9 con una mexicana. Vivo en M\u00e9xico con mi familia y estoy feliz de estar aqu\u00ed.<\/p>\n\n\n\n<p>Ahora celebrando el primer aniversario de Ballesol Lomas Vrdes y muy pronto el d\u00e9cimo aniversario de Ballesol Quer\u00e9taro, mientras tanto, estamos planeando tambi\u00e9n otros centros en Coyoac\u00e1n, Guadalajara y Monterrey\u201d.<\/p>\n\n\n\n<p>Asimismo, Antonio coment\u00f3 hace unos d\u00edas hicieron auditoria en Ballesol Quer\u00e9taro y casi inmediatamente toc\u00f3 la auditoria a este centro en Lomas Verdes. Estamos felices porque todo sali\u00f3 muy bien, lo que se traduce en que seguimos al pie de la letra todas las indicaciones y hasta los m\u00e1s m\u00ednimos detalles los tenemos resueltos, y todo esto con la intenci\u00f3n de que los residentes se sientan como en casa pero quiz\u00e1 m\u00e1s cuidados, con actividades dirigidas, pero no obligatorias, con enfermeras, m\u00e9dicos y espacios diversos para recibir visitas, entre otras muchas cosas\u201d.<\/p>\n\n\n\n<p>As\u00ed lleg\u00f3 el momento de cantar las ma\u00f1anitas y los residentes junto con sus familiares y amigos cantaron entusiasmados para despu\u00e9s ovacionar a Lorena y Antonio que cortaron el pastel de aniversario. Todos los que est\u00e1bamos ah\u00ed, inevitablemente, nos emocionamos cuando se levantaron las copas de vino para brindar porque contin\u00faen los \u00e9xitos.<\/p>\n\n\n\n<figure class=\"wp-block-gallery has-nested-images columns-default is-cropped wp-block-gallery-7 is-layout-flex wp-block-gallery-is-layout-flex\">\n<figure class=\"wp-block-image size-large\"><img decoding=\"async\" width=\"500\" height=\"977\" data-id=\"1076981\" src=\"https:\/\/dimensionturistica.com\/es\/wp-content\/uploads\/2025\/11\/11VALLE.jpg\" alt=\"\" class=\"wp-image-1076981\" srcset=\"https:\/\/dimensionturistica.com\/es\/wp-content\/uploads\/2025\/11\/11VALLE.jpg 500w, https:\/\/dimensionturistica.com\/es\/wp-content\/uploads\/2025\/11\/11VALLE-154x300.jpg 154w\" sizes=\"(max-width: 500px) 100vw, 500px\" \/><\/figure>\n<\/figure>\n\n\n\n<p>As\u00ed, empezaron a salir charolas de canap\u00e9s, la m\u00fasica en vivo invadi\u00f3 los espacios y algunos residentes decidieron bailar. No faltaron las \u201cporras\u201d a Ballesol, al director y a la gerente del lugar. No hab\u00eda nadie solo, todos se acompa\u00f1aban y disfrutaban la fiesta.<\/p>\n\n\n\n<p>Cuando empezaron a sentir cansancio, los residentes se retiraron, algunos con ayuda, otros por su propio pie hasta que el sal\u00f3n qued\u00f3 vac\u00edo, la m\u00fasica ces\u00f3 y, los familiares se despidieron, no sin antes llenar con mensajes el \u2018\u00e0rbol de los deseos\u2019.<\/p>\n\n\n\n<p>Fue as\u00ed como concluy\u00f3, tambi\u00e9n para los reporteros invitados, la fiesta en Ballesol Lomas Verdes. Nos esperaba habitaci\u00f3n que dispusieron para cada uno de nosotros, quiz\u00e1 para imaginar que alg\u00fan d\u00eda, podemos ser parte de la gran familia Ballesol.<\/p>\n\n\n\n<p>Amanecimos en Ballesol Lomas Verdes. Sin duda, disfrute la cama que pude mover a mi antojo, cabeza y pies ligeramente elevados y acurrucada entre las almohadas. Nos esperaba el desayuno en el comedor principal junto con los residentes.<\/p>\n\n\n\n<p>Bajamos puntuales y nos esperaba delicioso plato de fruta, jugo de naranja, zanahoria o combinado, caf\u00e9 y pan dulce reci\u00e9n salido del horno y gran plato de chilaquiles verdes, \u00bfpensabas en desayuno desabrido?, pues no. La fruta estaba en su punto, al igual que los jugos y del pan dulce, mejor no te cuento porque est\u00e1 para antojarse.<\/p>\n\n\n\n<p>Despu\u00e9s nos esperaba actividad junto con los residentes. As\u00ed que nos dispusimos a participar con Vanesa Velasco, fisioterapeuta quien nos mostr\u00f3 la cama boba, el maxi slide para poder mover a los pacients en la cama, sin que se necesite m\u00e1s que una persona para hacerlo; las gruas una de movilidad completa y otra parcial en la que te sujetan con arn\u00e9s para trasladarte de un lugar a otro, sentarte o llevarte a la cama.<\/p>\n\n\n\n<p>Despu\u00e9s, lleg\u00f3 el momento de la fisioterapia individual preventiva a la que Vanesa denomina gerontogminasia y junto con tres residentes Vanesa nos ense\u00f1\u00f3 que ten\u00edamos qu\u00e9 hacer acompa\u00f1ando a una residente. Me toc\u00f3 jugar con una pelota y aros en el suelo, se ve\u00eda muy sencillo, y a la hora de seguir las instrucciones yo no d\u00ed \u2018pie con bola\u2019. Sent\u00ed que no ten\u00eda coordinaci\u00f3n y eso fue solo peque\u00f1a prueba.<\/p>\n\n\n\n<p>Lo que vino despu\u00e9s, me dej\u00f3 pensando a\u00fan m\u00e1s, terapia ocupacional con Alejandra Garc\u00eda. Nos fuimos a un sal\u00f3n m\u00e1s grande con mesas y cada nos sentamos con un grupo de residentes. Tuvimos que hacer ejercicios de memoria, s\u00ed, as\u00ed como lo est\u00e1s leyendo. Sumas sin utilizar papel y l\u00e1piz o calculadora, simplemente usando la memoria.<\/p>\n\n\n\n<p>En verdad me esforce por seguir la secuencia y me di cuenta que no pude hacerlo y los residentes, que ya tienen sus bien vividos a\u00f1os, lo hac\u00edan con gran facilidad. No hay forma de no preocuparse, habl\u00f3 solo por mi. Necesitaba usar los dedos, el l\u00e1piz, papel porque mi cabeza no dio una.<\/p>\n\n\n\n<p>No conforme con esa magnifica terapia, que deber\u00edamos practicar todos, hubo otra, todav\u00eda m\u00e1s intensa. Alejandra empez\u00f3 por la mesa m\u00e1s cercana y dec\u00eda al residente, \u2018dime una palabra con A\u2019 y al siguiente una con B y as\u00ed sucesivamente. Despu\u00e9s de tres mesas, ocupadas por cuatro personas cada una, empez\u00f3 a preguntar al resto, \u2018qu\u00e9 palabra dijo A\u2019 y \u2018con B\u2019,\u2019con C\u2019 por supuesto no record\u00e9 ninguna.<\/p>\n\n\n\n<p>Sin embargo, hab\u00eca residentes que levantaban la mano entusiasmados porque sab\u00edan la respuesta. Me sent\u00ed m\u00e1s que extra\u00f1a. Los invitados deber\u00edamos responder o al menos intentar pero no lo conseguimos. Regreso al principio, este tipo de ejercicios<\/p>\n\n\n\n<p>deber\u00edamos hacerlos sin importar la edad, si somos ni\u00f1os, j\u00f3venes o adultos, son ejercicios y actividades que est\u00e1n enfocadas en preservar las capacidades f\u00edsicas y cognitivas, en este caso de los residentes pero, si te das cuenta podr\u00edan servirnos para estar activos f\u00edsica y mentalmente. No basta con trabajar, salir, escuchar, hay que<\/p>\n\n\n\n<p>ejercitar el cuerpo y la mente.<\/p>\n\n\n\n<p>Y bueno, en Ballesol Lomas Verdes tambien hay un huerto como parte de la terapia ocupacional, terapia para estimular los sentidos con texturas, luz aromaterapia, etc\u00e9tera.<\/p>\n\n\n\n<p>Por la tarde los rsidentes deciden qu\u00e9 hacer, algunos leen, otros juegan domin\u00f3, cartas.<\/p>\n\n\n\n<p>Tambi\u00e9n sal\u00f3n de belleza con podologo, lavado y planchado de ropa, consultorio m\u00e9dico, enfermer\u00eda y nutrici\u00f3n. Ballesol Lomas Verdes opera bajo modelo interdisciplinario que combina servicios de cuidado, aninaci\u00f3n, socioculturales, l\u00fadicas y de integraci\u00f3n.<\/p>\n\n\n\n<p>En rsumen, son una gran familia.<\/p>\n","protected":false},"excerpt":{"rendered":"<p>Por Victoria Gonz\u00e1lez Prado **Participamos en algunas actividades y para nuestra sorpresa, sin importar la edad, debemos ejercitar nuestro cuerpo y mente A un a\u00f1o de su apertura Ballesol Lomas Verdes, residencia para adultos, celebr\u00f3 con bombo y platillo su primer aniversario en el que participaron nosolo los residentes y su familia, tambi\u00e9n los terapeutas, [&hellip;]<\/p>\n","protected":false},"author":1,"featured_media":0,"comment_status":"open","ping_status":"closed","sticky":false,"template":"","format":"standard","meta":{"om_disable_all_campaigns":false,"jnews-multi-image_gallery":[],"jnews_single_post":[],"jnews_primary_category":[],"jnews_social_meta":[],"footnotes":""},"categories":[144872],"tags":[],"class_list":["post-1076974","post","type-post","status-publish","format-standard","hentry","category-fashion"],"_links":{"self":[{"href":"https:\/\/dimensionturistica.com\/es\/wp-json\/wp\/v2\/posts\/1076974","targetHints":{"allow":["GET"]}}],"collection":[{"href":"https:\/\/dimensionturistica.com\/es\/wp-json\/wp\/v2\/posts"}],"about":[{"href":"https:\/\/dimensionturistica.com\/es\/wp-json\/wp\/v2\/types\/post"}],"author":[{"embeddable":true,"href":"https:\/\/dimensionturistica.com\/es\/wp-json\/wp\/v2\/users\/1"}],"replies":[{"embeddable":true,"href":"https:\/\/dimensionturistica.com\/es\/wp-json\/wp\/v2\/comments?post=1076974"}],"version-history":[{"count":2,"href":"https:\/\/dimensionturistica.com\/es\/wp-json\/wp\/v2\/posts\/1076974\/revisions"}],"predecessor-version":[{"id":1076986,"href":"https:\/\/dimensionturistica.com\/es\/wp-json\/wp\/v2\/posts\/1076974\/revisions\/1076986"}],"wp:attachment":[{"href":"https:\/\/dimensionturistica.com\/es\/wp-json\/wp\/v2\/media?parent=1076974"}],"wp:term":[{"taxonomy":"category","embeddable":true,"href":"https:\/\/dimensionturistica.com\/es\/wp-json\/wp\/v2\/categories?post=1076974"},{"taxonomy":"post_tag","embeddable":true,"href":"https:\/\/dimensionturistica.com\/es\/wp-json\/wp\/v2\/tags?post=1076974"}],"curies":[{"name":"wp","href":"https:\/\/api.w.org\/{rel}","templated":true}]}}