{"id":1076954,"date":"2025-11-25T00:06:53","date_gmt":"2025-11-25T00:06:53","guid":{"rendered":"https:\/\/dimensionturistica.com\/es\/?p=1076954"},"modified":"2025-11-25T00:06:53","modified_gmt":"2025-11-25T00:06:53","slug":"acceso-total-gabriela-hearst-co-organizo-un-concierto-en-brooklyn-a-favor-de-la-aclu","status":"publish","type":"post","link":"https:\/\/dimensionturistica.com\/es\/acceso-total-gabriela-hearst-co-organizo-un-concierto-en-brooklyn-a-favor-de-la-aclu\/","title":{"rendered":"\u00a1Acceso Total! Gabriela Hearst co-organiz\u00f3 un concierto en Brooklyn a favor de la ACLU."},"content":{"rendered":"<h3>Creatividad y Consciencia: Una Iniciativa que Rompe Moldes<\/h3>\n<p>En el vibrante crisol de la moda contempor\u00e1nea, emergen iniciativas que no solo buscan est\u00e9ticamente cautivar, sino tambi\u00e9n generar un verdadero impacto social. Recentemente, una colaborativa y audaz propuesta ha tomado protagonismo: un concierto solidario que combina arte y activismo, dirigido por una de las figuras m\u00e1s innovadoras en el mundo de la moda.<\/p>\n<p>Imaginemos un evento donde las luces brillan intensamente y la m\u00fasica resuena con fuerza, llenando cada rinc\u00f3n de la sala. Este no es un simple festival; es un llamado a la unidad y la reflexi\u00f3n. La plataforma &#8220;Creatives for Freedom&#8221; ha sido concebida para reunir a talentos creativos de diversas disciplinas con un objetivo com\u00fan: sensibilizar sobre derechos humanos y libertades fundamentales.<\/p>\n<p>La dise\u00f1adora detr\u00e1s de esta poderosa iniciativa ha sido reconocida durante a\u00f1os por su enfoque en la sostenibilidad y la \u00e9tica en la moda. Su compromiso va m\u00e1s all\u00e1 de las tendencias pasajeras, buscando fomentar una conversaci\u00f3n m\u00e1s profunda sobre el impacto de nuestras elecciones. De esta manera, el evento no solo es una celebraci\u00f3n de la m\u00fasica y el arte, sino un claro manifiesto sobre la responsabilidad social en el \u00e1mbito creativo.<\/p>\n<p>La propuesta incluye una alineaci\u00f3n espectacular de artistas que han resonado fuertemente con las causas que defiende la ACLU. Cada actuaci\u00f3n no solo entretiene, sino que invita a la reflexi\u00f3n sobre temas cr\u00edticos que afectan a la sociedad. La creaci\u00f3n de una plataforma donde m\u00fasicos y dise\u00f1adores se unen para hablar sobre estas problem\u00e1ticas puede servir de inspiraci\u00f3n para nuevas generaciones de creativos.<\/p>\n<p>La intersecci\u00f3n entre moda, arte y derechos humanos se presenta como un terreno f\u00e9rtil para el di\u00e1logo. La dise\u00f1adora ha convertido su pasarela en un lugar de activismo, donde las colecciones no solo cuentan historias de estilo, sino que tambi\u00e9n abordan desaf\u00edos globales. Este enfoque hol\u00edstico transforma la percepci\u00f3n sobre lo que puede representar y alcanzar la moda en el siglo XXI.<\/p>\n<p>El evento va m\u00e1s all\u00e1 de la presentaci\u00f3n de un espect\u00e1culo; busca educar y empoderar. Cada entrada vendida contribuye a una causa mayor, apoyando programas que luchan por la igualdad y la justicia. \u00bfQui\u00e9n podr\u00eda imaginar que asistir a un concierto podr\u00eda convertirse en una manifestaci\u00f3n de apoyo a la libertad y los derechos civiles?<\/p>\n<p>En un mundo donde las acciones pueden parecer desconectadas de las tendencias, esta propuesta muestra una nueva realidad: la moda puede y debe integrar la responsabilidad social. La llamada a la acci\u00f3n es clara, y cada participante tiene la oportunidad de involucrarse de manera directa en un movimiento que trasciende las fronteras culturales.<\/p>\n<p>El impacto de \u201cCreatives for Freedom\u201d se siente no solo en el \u00e1mbito musical o art\u00edstico, sino en cada rinc\u00f3n de la industria de la moda. Es un recordatorio de que cada elecci\u00f3n, desde la vestimenta hasta la m\u00fasica que escuchamos, tiene el potencial de ser una declaraci\u00f3n poderosa. Un cambio en nuestra percepci\u00f3n y en nuestras acciones puede influir en el futuro de muchas comunidades.<\/p>\n<p>Este evento monumental no solo es un paso hacia delante en la moda responsable, sino un faro que ilumina la importancia de alzar la voz por aquellos que no tienen un eco. La creatividad se convierte, as\u00ed, en la herramienta m\u00e1s potente para luchar por un mundo m\u00e1s justo y equitativo.<\/p>\n<p><em> &#8221; Fuentes www.vogue.com &#8221; <\/em><\/p>\n","protected":false},"excerpt":{"rendered":"<p>Creatividad y Consciencia: Una Iniciativa que Rompe Moldes En el vibrante crisol de la moda contempor\u00e1nea, emergen iniciativas que no solo buscan est\u00e9ticamente cautivar, sino tambi\u00e9n generar un verdadero impacto social. Recentemente, una colaborativa y audaz propuesta ha tomado protagonismo: un concierto solidario que combina arte y activismo, dirigido por una de las figuras m\u00e1s [&hellip;]<\/p>\n","protected":false},"author":14,"featured_media":1076955,"comment_status":"open","ping_status":"closed","sticky":false,"template":"","format":"standard","meta":{"om_disable_all_campaigns":false,"jnews-multi-image_gallery":[],"jnews_single_post":[],"jnews_primary_category":[],"jnews_social_meta":[],"footnotes":""},"categories":[144872],"tags":[257626,118007,257627,257628,122220,75295,207452,205386,441,96704,203622],"class_list":["post-1076954","post","type-post","status-publish","format-standard","has-post-thumbnail","hentry","category-fashion","tag-aclu","tag-advocacy","tag-brooklyn-concert","tag-co-hosted-event","tag-community-support","tag-fundraising","tag-gabriela-hearst","tag-live-performance","tag-music","tag-social-justice","tag-vogue-parties"],"_links":{"self":[{"href":"https:\/\/dimensionturistica.com\/es\/wp-json\/wp\/v2\/posts\/1076954","targetHints":{"allow":["GET"]}}],"collection":[{"href":"https:\/\/dimensionturistica.com\/es\/wp-json\/wp\/v2\/posts"}],"about":[{"href":"https:\/\/dimensionturistica.com\/es\/wp-json\/wp\/v2\/types\/post"}],"author":[{"embeddable":true,"href":"https:\/\/dimensionturistica.com\/es\/wp-json\/wp\/v2\/users\/14"}],"replies":[{"embeddable":true,"href":"https:\/\/dimensionturistica.com\/es\/wp-json\/wp\/v2\/comments?post=1076954"}],"version-history":[{"count":1,"href":"https:\/\/dimensionturistica.com\/es\/wp-json\/wp\/v2\/posts\/1076954\/revisions"}],"predecessor-version":[{"id":1076956,"href":"https:\/\/dimensionturistica.com\/es\/wp-json\/wp\/v2\/posts\/1076954\/revisions\/1076956"}],"wp:featuredmedia":[{"embeddable":true,"href":"https:\/\/dimensionturistica.com\/es\/wp-json\/wp\/v2\/media\/1076955"}],"wp:attachment":[{"href":"https:\/\/dimensionturistica.com\/es\/wp-json\/wp\/v2\/media?parent=1076954"}],"wp:term":[{"taxonomy":"category","embeddable":true,"href":"https:\/\/dimensionturistica.com\/es\/wp-json\/wp\/v2\/categories?post=1076954"},{"taxonomy":"post_tag","embeddable":true,"href":"https:\/\/dimensionturistica.com\/es\/wp-json\/wp\/v2\/tags?post=1076954"}],"curies":[{"name":"wp","href":"https:\/\/api.w.org\/{rel}","templated":true}]}}