{"id":1076891,"date":"2025-11-24T22:40:08","date_gmt":"2025-11-24T22:40:08","guid":{"rendered":"https:\/\/dimensionturistica.com\/es\/?p=1076891"},"modified":"2025-11-24T22:40:08","modified_gmt":"2025-11-24T22:40:08","slug":"mh-customs-and-restoration-coloca-la-segunda-pieza-de-su-plan-de-expansion-con-nueva-sucursal-en-ixtapaluca","status":"publish","type":"post","link":"https:\/\/dimensionturistica.com\/es\/mh-customs-and-restoration-coloca-la-segunda-pieza-de-su-plan-de-expansion-con-nueva-sucursal-en-ixtapaluca\/","title":{"rendered":"MH Customs and Restoration coloca la segunda pieza de su Plan de Expansi\u00f3n con nueva sucursal en Ixtapaluca."},"content":{"rendered":"\n<figure class=\"wp-block-gallery has-nested-images columns-default is-cropped wp-block-gallery-1 is-layout-flex wp-block-gallery-is-layout-flex\">\n<figure class=\"wp-block-image size-large\"><img decoding=\"async\" width=\"500\" height=\"322\" data-id=\"1076892\" src=\"https:\/\/dimensionturistica.com\/es\/wp-content\/uploads\/2025\/11\/9AUTO.jpg\" alt=\"\" class=\"wp-image-1076892\" srcset=\"https:\/\/dimensionturistica.com\/es\/wp-content\/uploads\/2025\/11\/9AUTO.jpg 500w, https:\/\/dimensionturistica.com\/es\/wp-content\/uploads\/2025\/11\/9AUTO-300x193.jpg 300w\" sizes=\"(max-width: 500px) 100vw, 500px\" \/><\/figure>\n<\/figure>\n\n\n\n<p>Como parte de su Plan de Expansi\u00f3n en la zona conurbada de la Ciudad de M\u00e9xico y el Estado de M\u00e9xico, MH Customs and Restoration abri\u00f3 su segunda sucursal, ahora en el municipio de Ixtapaluca, al tiempo que ampli\u00f3 su influencia en el \u00e1mbito de la reparaci\u00f3n automotriz con la impartici\u00f3n de cursos de capacitaci\u00f3n de esta actividad para decenas de j\u00f3venes que han aprendido este arte y oficio directamente del creador de la marca, Mauricio Hern\u00e1ndez.<\/p>\n\n\n\n<figure class=\"wp-block-gallery has-nested-images columns-default is-cropped wp-block-gallery-2 is-layout-flex wp-block-gallery-is-layout-flex\">\n<figure class=\"wp-block-image size-large\"><img decoding=\"async\" width=\"500\" height=\"290\" data-id=\"1076893\" src=\"https:\/\/dimensionturistica.com\/es\/wp-content\/uploads\/2025\/11\/8AUTO.jpg\" alt=\"\" class=\"wp-image-1076893\" srcset=\"https:\/\/dimensionturistica.com\/es\/wp-content\/uploads\/2025\/11\/8AUTO.jpg 500w, https:\/\/dimensionturistica.com\/es\/wp-content\/uploads\/2025\/11\/8AUTO-300x174.jpg 300w\" sizes=\"(max-width: 500px) 100vw, 500px\" \/><\/figure>\n<\/figure>\n\n\n\n<p>Durante la noche de apertura de la sucursal de MH Customs and Restoration, Mauricio Hern\u00e1ndez, reconocido restaurador de veh\u00edculos automotores y creador de la marca junto con su esposa Diana Acosta, asegur\u00f3 que el objetivo de su plan de crecimiento es tener tres sucursales en esa zona del Estado de M\u00e9xico, espec\u00edficamente en los municipios de Chalco, Ixtapaluca y Valle de Chalco.<\/p>\n\n\n\n<p>Durante la ceremonia de corte de list\u00f3n, y acompa\u00f1ado de representantes de algunos de sus patrocinadores y proveedores, agradeci\u00f3 el respaldo que ha recibido para la apertura esta segunda sucursal y manifest\u00f3 que no descarta un eventual creciendo hacia otras zonas del pa\u00eds.<\/p>\n\n\n\n<figure class=\"wp-block-gallery has-nested-images columns-default is-cropped wp-block-gallery-3 is-layout-flex wp-block-gallery-is-layout-flex\">\n<figure class=\"wp-block-image size-large\"><img decoding=\"async\" width=\"500\" height=\"666\" data-id=\"1076894\" src=\"https:\/\/dimensionturistica.com\/es\/wp-content\/uploads\/2025\/11\/1AUTO.jpg\" alt=\"\" class=\"wp-image-1076894\" srcset=\"https:\/\/dimensionturistica.com\/es\/wp-content\/uploads\/2025\/11\/1AUTO.jpg 500w, https:\/\/dimensionturistica.com\/es\/wp-content\/uploads\/2025\/11\/1AUTO-225x300.jpg 225w\" sizes=\"(max-width: 500px) 100vw, 500px\" \/><\/figure>\n<\/figure>\n\n\n\n<p>Extern\u00f3 que Ixtapaluca es un municipio mexiquense que ofrece importantes oportunidades de desarrollo y que tiene una numerosa poblaci\u00f3n joven con principios, emprendedores y dispuestos a desarrollarse profesionalmente.<\/p>\n\n\n\n<p>\u201cAhora que he comenzado con un proyecto de ense\u00f1anza de la hojalater\u00eda y pintura no pens\u00e9 que creciera como lo ha hecho y ahora he encontrado una nueva vocaci\u00f3n que ya le ha permitido a diversos chicos tener sus propios negocios y emprendimientos\u201d.<\/p>\n\n\n\n<figure class=\"wp-block-gallery has-nested-images columns-default is-cropped wp-block-gallery-4 is-layout-flex wp-block-gallery-is-layout-flex\">\n<figure class=\"wp-block-image size-large\"><img decoding=\"async\" width=\"500\" height=\"496\" data-id=\"1076895\" src=\"https:\/\/dimensionturistica.com\/es\/wp-content\/uploads\/2025\/11\/5AUTO.jpg\" alt=\"\" class=\"wp-image-1076895\" srcset=\"https:\/\/dimensionturistica.com\/es\/wp-content\/uploads\/2025\/11\/5AUTO.jpg 500w, https:\/\/dimensionturistica.com\/es\/wp-content\/uploads\/2025\/11\/5AUTO-300x298.jpg 300w, https:\/\/dimensionturistica.com\/es\/wp-content\/uploads\/2025\/11\/5AUTO-150x150.jpg 150w, https:\/\/dimensionturistica.com\/es\/wp-content\/uploads\/2025\/11\/5AUTO-75x75.jpg 75w\" sizes=\"(max-width: 500px) 100vw, 500px\" \/><\/figure>\n<\/figure>\n\n\n\n<p>En tanto los representantes de sus marcas patrocinadoras reconocieron el esfuerzo de Mauricio Hern\u00e1ndez para la apertura de su segunda sucursal y refrendaron su compromiso para seguirlo apoy\u00e1ndolo con sus productos para los pr\u00f3ximos a\u00f1os y ante cualquier proyecto de desarrollo que considere en el futuro.<\/p>\n\n\n\n<p>En el evento estuvieron presentes Ricardo Ram\u00edrez de AXALTA COATING , Oscar P\u00e9rez, CEO de OS_KARWASH, Baruc Olvera, representante de Ventas Nacional de HANTEC y Yasm\u00edn Gallardo de MAX COATING.<\/p>\n\n\n\n<figure class=\"wp-block-gallery has-nested-images columns-default is-cropped wp-block-gallery-5 is-layout-flex wp-block-gallery-is-layout-flex\">\n<figure class=\"wp-block-image size-large\"><img decoding=\"async\" width=\"500\" height=\"666\" data-id=\"1076896\" src=\"https:\/\/dimensionturistica.com\/es\/wp-content\/uploads\/2025\/11\/2AUTO.jpg\" alt=\"\" class=\"wp-image-1076896\" srcset=\"https:\/\/dimensionturistica.com\/es\/wp-content\/uploads\/2025\/11\/2AUTO.jpg 500w, https:\/\/dimensionturistica.com\/es\/wp-content\/uploads\/2025\/11\/2AUTO-225x300.jpg 225w\" sizes=\"(max-width: 500px) 100vw, 500px\" \/><\/figure>\n<\/figure>\n\n\n\n<p>Los directivos de las marcas coincidieron en asegurar que la necesidad de una eficiente capacitaci\u00f3n en la restauraci\u00f3n automotriz es vital, lo que se hace m\u00e1s valiosa cuando proviene de un experto como Hern\u00e1ndez, por lo cual han decidi\u00f3 apoyar la apertura de esta nueva sucursal en Ixtapaluca, as\u00ed como las estrategias que de forma conjunta generen con el director de MH Customs and Restoration.<\/p>\n\n\n\n<p>Asimismo destac\u00f3 en el evento la presencia del presidente municipal de Ixtapaluca, Felipe Rafael Arvizu, quien se congratul\u00f3 de que Mauricio Hern\u00e1ndez y Diana Acosta hayan decidido establecer su nueva sucursal en dicho municipio mexiquense y destac\u00f3 la excelencia en el detallado trabajo de restauraci\u00f3n que se sigue en MH Customs an Restaration.<\/p>\n\n\n\n<figure class=\"wp-block-gallery has-nested-images columns-default is-cropped wp-block-gallery-6 is-layout-flex wp-block-gallery-is-layout-flex\">\n<figure class=\"wp-block-image size-large\"><img decoding=\"async\" width=\"500\" height=\"414\" data-id=\"1076899\" src=\"https:\/\/dimensionturistica.com\/es\/wp-content\/uploads\/2025\/11\/7AUTO.jpg\" alt=\"\" class=\"wp-image-1076899\" srcset=\"https:\/\/dimensionturistica.com\/es\/wp-content\/uploads\/2025\/11\/7AUTO.jpg 500w, https:\/\/dimensionturistica.com\/es\/wp-content\/uploads\/2025\/11\/7AUTO-300x248.jpg 300w\" sizes=\"(max-width: 500px) 100vw, 500px\" \/><\/figure>\n<\/figure>\n\n\n\n<p>\u201cMauricio es un ser humano que no s\u00f3lo es talentoso y emprendedor, sino fundamentalmente es una excelente persona que da prioridad a la familia y al beneficio de la gente que lo rodea\u201d resalto.<\/p>\n\n\n\n<p>Durante el festejo, al que asistieron cerca de 300 personas, Mauricio Hern\u00e1ndez asever\u00f3 que la zona oriente de la ciudad y su colindancia con el Estado de M\u00e9xico tiene un considerable potencial de desarrollo y confirm\u00f3 que \u201c\u00e9xito es sin\u00f3nimo de hacer con pasi\u00f3n lo que uno realmente desea hacer\u201d.<\/p>\n\n\n\n<figure class=\"wp-block-gallery has-nested-images columns-default is-cropped wp-block-gallery-7 is-layout-flex wp-block-gallery-is-layout-flex\">\n<figure class=\"wp-block-image size-large\"><img decoding=\"async\" width=\"500\" height=\"511\" data-id=\"1076901\" src=\"https:\/\/dimensionturistica.com\/es\/wp-content\/uploads\/2025\/11\/3AUTO.jpg\" alt=\"\" class=\"wp-image-1076901\" srcset=\"https:\/\/dimensionturistica.com\/es\/wp-content\/uploads\/2025\/11\/3AUTO.jpg 500w, https:\/\/dimensionturistica.com\/es\/wp-content\/uploads\/2025\/11\/3AUTO-294x300.jpg 294w\" sizes=\"(max-width: 500px) 100vw, 500px\" \/><\/figure>\n<\/figure>\n\n\n\n<p>\u201cNo debemos perder de vista que como mexicanos tenemos arte en nuestras manos, que nos distinguimos como verdaderos artesanos y les comparto mi sue\u00f1o de que en el futuro la Academia de las Artes reconozca a la hojalater\u00eda y la pintura automotriz tambi\u00e9n como un arte, ese es mi sue\u00f1o a futuro\u201d.<\/p>\n\n\n\n<p>En fue amenizado tambi\u00e9n musicalmente por las agrupaciones de jazz Red Velvet Swing, Rebelaci\u00f3n Rock and Roll Gang y la banda de rock alternativo Los Royals, as\u00ed como la agrupaci\u00f3n de danza prehisp\u00e1nica ONKAYOTL.<\/p>\n","protected":false},"excerpt":{"rendered":"<p>Como parte de su Plan de Expansi\u00f3n en la zona conurbada de la Ciudad de M\u00e9xico y el Estado de M\u00e9xico, MH Customs and Restoration abri\u00f3 su segunda sucursal, ahora en el municipio de Ixtapaluca, al tiempo que ampli\u00f3 su influencia en el \u00e1mbito de la reparaci\u00f3n automotriz con la impartici\u00f3n de cursos de capacitaci\u00f3n [&hellip;]<\/p>\n","protected":false},"author":1,"featured_media":0,"comment_status":"open","ping_status":"closed","sticky":false,"template":"","format":"standard","meta":{"om_disable_all_campaigns":false,"jnews-multi-image_gallery":[],"jnews_single_post":[],"jnews_primary_category":[],"jnews_social_meta":[],"footnotes":""},"categories":[40],"tags":[],"class_list":["post-1076891","post","type-post","status-publish","format-standard","hentry","category-industria"],"_links":{"self":[{"href":"https:\/\/dimensionturistica.com\/es\/wp-json\/wp\/v2\/posts\/1076891","targetHints":{"allow":["GET"]}}],"collection":[{"href":"https:\/\/dimensionturistica.com\/es\/wp-json\/wp\/v2\/posts"}],"about":[{"href":"https:\/\/dimensionturistica.com\/es\/wp-json\/wp\/v2\/types\/post"}],"author":[{"embeddable":true,"href":"https:\/\/dimensionturistica.com\/es\/wp-json\/wp\/v2\/users\/1"}],"replies":[{"embeddable":true,"href":"https:\/\/dimensionturistica.com\/es\/wp-json\/wp\/v2\/comments?post=1076891"}],"version-history":[{"count":1,"href":"https:\/\/dimensionturistica.com\/es\/wp-json\/wp\/v2\/posts\/1076891\/revisions"}],"predecessor-version":[{"id":1076902,"href":"https:\/\/dimensionturistica.com\/es\/wp-json\/wp\/v2\/posts\/1076891\/revisions\/1076902"}],"wp:attachment":[{"href":"https:\/\/dimensionturistica.com\/es\/wp-json\/wp\/v2\/media?parent=1076891"}],"wp:term":[{"taxonomy":"category","embeddable":true,"href":"https:\/\/dimensionturistica.com\/es\/wp-json\/wp\/v2\/categories?post=1076891"},{"taxonomy":"post_tag","embeddable":true,"href":"https:\/\/dimensionturistica.com\/es\/wp-json\/wp\/v2\/tags?post=1076891"}],"curies":[{"name":"wp","href":"https:\/\/api.w.org\/{rel}","templated":true}]}}