{"id":1076853,"date":"2025-11-24T21:53:54","date_gmt":"2025-11-24T21:53:54","guid":{"rendered":"https:\/\/dimensionturistica.com\/es\/?p=1076853"},"modified":"2025-11-24T21:53:54","modified_gmt":"2025-11-24T21:53:54","slug":"boehringer-ingelheim-impulsa-nuevas-clinicas-especializadas-en-diabetes-en-mexico","status":"publish","type":"post","link":"https:\/\/dimensionturistica.com\/es\/boehringer-ingelheim-impulsa-nuevas-clinicas-especializadas-en-diabetes-en-mexico\/","title":{"rendered":"Boehringer Ingelheim impulsa nuevas cl\u00ednicas especializadas en diabetes en M\u00e9xico"},"content":{"rendered":"\n<figure class=\"wp-block-gallery has-nested-images columns-default is-cropped wp-block-gallery-1 is-layout-flex wp-block-gallery-is-layout-flex\">\n<figure class=\"wp-block-image size-large\"><img decoding=\"async\" width=\"500\" height=\"151\" data-id=\"1076854\" src=\"https:\/\/dimensionturistica.com\/es\/wp-content\/uploads\/2025\/11\/1AZUCAR.jpg\" alt=\"\" class=\"wp-image-1076854\" srcset=\"https:\/\/dimensionturistica.com\/es\/wp-content\/uploads\/2025\/11\/1AZUCAR.jpg 500w, https:\/\/dimensionturistica.com\/es\/wp-content\/uploads\/2025\/11\/1AZUCAR-300x91.jpg 300w\" sizes=\"(max-width: 500px) 100vw, 500px\" \/><\/figure>\n<\/figure>\n\n\n\n<p>&nbsp;Boehringer Ingelheim reafirma su compromiso con la salud en M\u00e9xico al anunciar una colaboraci\u00f3n estrat\u00e9gica con Cl\u00ednicas del Az\u00facar, con el objetivo de ampliar el acceso a tratamientos de alta calidad para personas con diabetes en comunidades desatendidas.<\/p>\n\n\n\n<p>Cl\u00ednicas del Az\u00facar es una empresa social pionera que ofrece atenci\u00f3n m\u00e9dica asequible para la diabetes en M\u00e9xico. La historia de colaboraci\u00f3n con la farmac\u00e9utica comenz\u00f3 en el 2014, cuando Boehringer M\u00e9xico se convirti\u00f3 en su primer aliado al invertir recursos para impulsar el proyecto.<\/p>\n\n\n\n<figure class=\"wp-block-gallery has-nested-images columns-default is-cropped wp-block-gallery-2 is-layout-flex wp-block-gallery-is-layout-flex\">\n<figure class=\"wp-block-image size-large\"><img decoding=\"async\" width=\"500\" height=\"333\" data-id=\"1076855\" src=\"https:\/\/dimensionturistica.com\/es\/wp-content\/uploads\/2025\/11\/5AZUCAR.jpg\" alt=\"\" class=\"wp-image-1076855\" srcset=\"https:\/\/dimensionturistica.com\/es\/wp-content\/uploads\/2025\/11\/5AZUCAR.jpg 500w, https:\/\/dimensionturistica.com\/es\/wp-content\/uploads\/2025\/11\/5AZUCAR-300x200.jpg 300w\" sizes=\"(max-width: 500px) 100vw, 500px\" \/><\/figure>\n<\/figure>\n\n\n\n<p>El reciente fortalecimiento de colaboraci\u00f3n se realiza a trav\u00e9s del Fondo de Compromiso Social de la corporaci\u00f3n Boehringer Ingelheim, el cual permitir\u00e1 la apertura de cuatro nuevas cl\u00ednicas en nuestro pa\u00eds, ampliando el acceso al diagn\u00f3stico temprano, tratamiento y al seguimiento a largo plazo para miles de pacientes con diabetes.<\/p>\n\n\n\n<p>\u201cEsta inversi\u00f3n demuestra el poder de las alianzas a largo plazo para generar un impacto. Tras una d\u00e9cada de colaboraci\u00f3n entre Cl\u00ednicas del Az\u00facar y Boehringer, nos entusiasma invertir y dar este siguiente paso juntos. Esperamos fortalecer nuestra alianza y ayudar a que a\u00fan m\u00e1s pacientes accedan a la atenci\u00f3n para la diabetes que necesitan y merecen\u201d, se\u00f1al\u00f3 Christian Bausch, director asociado de Sostenibilidad Social de Boehringer Ingelheim, quien lidera esta inversi\u00f3n y la expansi\u00f3n a Latinoam\u00e9rica.<\/p>\n\n\n\n<p>Datos de la Federaci\u00f3n Internacional de Diabetes (IDF por sus siglas en ingl\u00e9s) destacan que M\u00e9xico se encuentra entre los 10 pa\u00edses con mayor n\u00famero de adultos que viven con diabetes a nivel global. Hasta el 2024, se estimaron m\u00e1s de 13 millones de personas con esta condici\u00f3n a nivel nacional, cifra que podr\u00eda alcanzar los 20 millones para el a\u00f1o 2050.<\/p>\n\n\n\n<p>La diabetes se ha convertido en uno de los mayores desaf\u00edos de salud p\u00fablica en el pa\u00eds. De acuerdo con el Instituto Nacional de Salud P\u00fablica (INSP), del 18.4 % de personas que viven con este padecimiento solo una tercera parte de ellas han sido diagnosticadas y una cuarta parte de las personas diagnosticadas no asiste a consulta, lo cual significa que no tienen un seguimiento adecuado que permita conocer su nivel de control gluc\u00e9mico, ajustar el tratamiento, identificar complicaciones o recibir educaci\u00f3n sobre el manejo de la enfermedad.&nbsp;&nbsp;&nbsp;&nbsp;&nbsp;&nbsp;&nbsp;&nbsp;&nbsp;&nbsp;<\/p>\n\n\n\n<p>La alianza estrat\u00e9gica entre Boehringer Ingelheim y Cl\u00ednicas del Az\u00facar surgi\u00f3 en 2014, demostrando desde entonces el poder de la colaboraci\u00f3n para mejorar la calidad de vida, pues han impactado a 492,550 personas y prevenido 646,767 complicaciones al optimizar el control de la hemoglobina glucosilada de sus pacientes. Actualmente, el modelo de Cl\u00ednicas del Az\u00facar cuenta con 51 cl\u00ednicas en M\u00e9xico y una expansi\u00f3n reciente en Texas, Estados Unidos.<\/p>\n\n\n\n<p>\u201cCofund\u00e9 Cl\u00ednicas del Az\u00facar en 2011. Lo que comenz\u00f3 como una misi\u00f3n personal se ha convertido en una extensa red de 52 cl\u00ednicas en M\u00e9xico y Estados Unidos que atiende a miles de pacientes cada a\u00f1o. Nuestra alianza con Boehringer Ingelheim nos permite ampliar a\u00fan m\u00e1s este impacto, combinando su experiencia global con nuestro modelo innovador para extender el acceso, mejorar los resultados y transformar la atenci\u00f3n de la diabetes para las familias\u201d, coment\u00f3 Javier Lozano, cofundador y director general de Cl\u00ednicas del Az\u00facar.<\/p>\n\n\n\n<figure class=\"wp-block-gallery has-nested-images columns-default is-cropped wp-block-gallery-3 is-layout-flex wp-block-gallery-is-layout-flex\">\n<figure class=\"wp-block-image size-large\"><img decoding=\"async\" width=\"500\" height=\"352\" data-id=\"1076856\" src=\"https:\/\/dimensionturistica.com\/es\/wp-content\/uploads\/2025\/11\/2AZUCAR.jpg\" alt=\"\" class=\"wp-image-1076856\" srcset=\"https:\/\/dimensionturistica.com\/es\/wp-content\/uploads\/2025\/11\/2AZUCAR.jpg 500w, https:\/\/dimensionturistica.com\/es\/wp-content\/uploads\/2025\/11\/2AZUCAR-300x211.jpg 300w\" sizes=\"(max-width: 500px) 100vw, 500px\" \/><\/figure>\n<\/figure>\n\n\n\n<p>Sin duda, el principal objetivo de la atenci\u00f3n m\u00e9dica y del tratamiento de la diabetes en nuestro pa\u00eds es controlar la enfermedad, desafortunadamente s\u00f3lo una de cada cuatro personas con este padecimiento mantiene un nivel adecuado de control.2 De hecho, durante el primer trimestre del 2025, el INEGI report\u00f3 que la diabetes fue la segunda causa de fallecimiento a nivel nacional tanto en hombres y como en mujeres.<\/p>\n\n\n\n<p>\u201cLa nueva inversi\u00f3n y la apertura de estos cuatro centros subrayan el compromiso mutuo de ambas organizaciones por enfrentar uno de los retos de salud m\u00e1s urgentes de M\u00e9xico. Este esfuerzo refleja nuestra estrategia de sostenibilidad y el enfoque en More Health, al impulsar iniciativas destinadas a ampliar el acceso, fortalecer la prevenci\u00f3n y promover un tratamiento oportuno. Boehringer Ingelheim y Cl\u00ednicas del Az\u00facar seguir\u00e1n colaborando para que m\u00e1s familias en Latinoam\u00e9rica reciban un cuidado integral que mejore su calidad de vida\u201d, puntualiz\u00f3 Luis Carlos P\u00e9rez, director de asuntos corporativos en Boehringer M\u00e9xico.<\/p>\n\n\n\n<figure class=\"wp-block-gallery has-nested-images columns-default is-cropped wp-block-gallery-4 is-layout-flex wp-block-gallery-is-layout-flex\">\n<figure class=\"wp-block-image size-large\"><img decoding=\"async\" width=\"500\" height=\"332\" data-id=\"1076858\" src=\"https:\/\/dimensionturistica.com\/es\/wp-content\/uploads\/2025\/11\/3AZUCAR.jpg\" alt=\"\" class=\"wp-image-1076858\" srcset=\"https:\/\/dimensionturistica.com\/es\/wp-content\/uploads\/2025\/11\/3AZUCAR.jpg 500w, https:\/\/dimensionturistica.com\/es\/wp-content\/uploads\/2025\/11\/3AZUCAR-300x199.jpg 300w\" sizes=\"(max-width: 500px) 100vw, 500px\" \/><\/figure>\n<\/figure>\n\n\n\n<p>Esta inversi\u00f3n se alinea con el compromiso de sostenibilidad global de Boehringer Ingelheim de ampliar el acceso a la atenci\u00f3n sanitaria a 50 millones de personas en comunidades desatendidas para 2030.<\/p>\n","protected":false},"excerpt":{"rendered":"<p>&nbsp;Boehringer Ingelheim reafirma su compromiso con la salud en M\u00e9xico al anunciar una colaboraci\u00f3n estrat\u00e9gica con Cl\u00ednicas del Az\u00facar, con el objetivo de ampliar el acceso a tratamientos de alta calidad para personas con diabetes en comunidades desatendidas. Cl\u00ednicas del Az\u00facar es una empresa social pionera que ofrece atenci\u00f3n m\u00e9dica asequible para la diabetes en [&hellip;]<\/p>\n","protected":false},"author":1,"featured_media":0,"comment_status":"open","ping_status":"closed","sticky":false,"template":"","format":"standard","meta":{"om_disable_all_campaigns":false,"jnews-multi-image_gallery":[],"jnews_single_post":[],"jnews_primary_category":[],"jnews_social_meta":[],"footnotes":""},"categories":[40],"tags":[],"class_list":["post-1076853","post","type-post","status-publish","format-standard","hentry","category-industria"],"_links":{"self":[{"href":"https:\/\/dimensionturistica.com\/es\/wp-json\/wp\/v2\/posts\/1076853","targetHints":{"allow":["GET"]}}],"collection":[{"href":"https:\/\/dimensionturistica.com\/es\/wp-json\/wp\/v2\/posts"}],"about":[{"href":"https:\/\/dimensionturistica.com\/es\/wp-json\/wp\/v2\/types\/post"}],"author":[{"embeddable":true,"href":"https:\/\/dimensionturistica.com\/es\/wp-json\/wp\/v2\/users\/1"}],"replies":[{"embeddable":true,"href":"https:\/\/dimensionturistica.com\/es\/wp-json\/wp\/v2\/comments?post=1076853"}],"version-history":[{"count":1,"href":"https:\/\/dimensionturistica.com\/es\/wp-json\/wp\/v2\/posts\/1076853\/revisions"}],"predecessor-version":[{"id":1076861,"href":"https:\/\/dimensionturistica.com\/es\/wp-json\/wp\/v2\/posts\/1076853\/revisions\/1076861"}],"wp:attachment":[{"href":"https:\/\/dimensionturistica.com\/es\/wp-json\/wp\/v2\/media?parent=1076853"}],"wp:term":[{"taxonomy":"category","embeddable":true,"href":"https:\/\/dimensionturistica.com\/es\/wp-json\/wp\/v2\/categories?post=1076853"},{"taxonomy":"post_tag","embeddable":true,"href":"https:\/\/dimensionturistica.com\/es\/wp-json\/wp\/v2\/tags?post=1076853"}],"curies":[{"name":"wp","href":"https:\/\/api.w.org\/{rel}","templated":true}]}}