{"id":1076814,"date":"2025-11-24T20:57:08","date_gmt":"2025-11-24T20:57:08","guid":{"rendered":"https:\/\/dimensionturistica.com\/es\/?p=1076814"},"modified":"2025-11-24T20:57:08","modified_gmt":"2025-11-24T20:57:08","slug":"motorola-anuncia-la-inclusion-de-una-sexta-variante-en-su-teclado-zapoteco","status":"publish","type":"post","link":"https:\/\/dimensionturistica.com\/es\/motorola-anuncia-la-inclusion-de-una-sexta-variante-en-su-teclado-zapoteco\/","title":{"rendered":"Motorola anuncia la inclusi\u00f3n de una sexta variante en su Teclado Zapoteco"},"content":{"rendered":"\n<figure class=\"wp-block-gallery has-nested-images columns-default is-cropped wp-block-gallery-1 is-layout-flex wp-block-gallery-is-layout-flex\">\n<figure class=\"wp-block-image size-large\"><img decoding=\"async\" width=\"500\" height=\"281\" data-id=\"1076815\" src=\"https:\/\/dimensionturistica.com\/es\/wp-content\/uploads\/2025\/11\/LENOVO.jpg\" alt=\"\" class=\"wp-image-1076815\" srcset=\"https:\/\/dimensionturistica.com\/es\/wp-content\/uploads\/2025\/11\/LENOVO.jpg 500w, https:\/\/dimensionturistica.com\/es\/wp-content\/uploads\/2025\/11\/LENOVO-300x169.jpg 300w\" sizes=\"(max-width: 500px) 100vw, 500px\" \/><\/figure>\n<\/figure>\n\n\n\n<p>Como parte de su Iniciativa de Apoyo a las Lenguas Ind\u00edgenas junto a Fundaci\u00f3n Lenovo, Motorola sigue trabajando para aportar a la preservaci\u00f3n cultural de M\u00e9xico anunciando la inclusi\u00f3n de una nueva variante en su Teclado Zapoteco: el D\u00ectsa\u00e8 de San Pedro Mixtepec.<\/p>\n\n\n\n<p>El proyecto del Teclado Zapoteco en M\u00e9xico, que naci\u00f3 desde y para las comunidades de Oaxaca, se present\u00f3 por primera vez en junio de 2025 con cinco variantes de las lenguas zapotecas del Valle disponibles para todos los dispositivos Android. Hoy, el teclado se fortalece y expande su alcance gracias a la participaci\u00f3n activa de los propios hablantes.<\/p>\n\n\n\n<p>Teclado Zapoteco<\/p>\n\n\n\n<figure class=\"wp-block-gallery has-nested-images columns-default is-cropped wp-block-gallery-2 is-layout-flex wp-block-gallery-is-layout-flex\">\n<figure class=\"wp-block-image size-large\"><img decoding=\"async\" width=\"500\" height=\"704\" data-id=\"1076816\" src=\"https:\/\/dimensionturistica.com\/es\/wp-content\/uploads\/2025\/11\/4LENOVO.jpg\" alt=\"\" class=\"wp-image-1076816\" srcset=\"https:\/\/dimensionturistica.com\/es\/wp-content\/uploads\/2025\/11\/4LENOVO.jpg 500w, https:\/\/dimensionturistica.com\/es\/wp-content\/uploads\/2025\/11\/4LENOVO-213x300.jpg 213w\" sizes=\"(max-width: 500px) 100vw, 500px\" \/><\/figure>\n<\/figure>\n\n\n\n<p>El prop\u00f3sito de integrar la tecnolog\u00eda con la riqueza de las ra\u00edces mexicanas dio origen a esta herramienta, creada para contribuir a la preservaci\u00f3n y digitalizaci\u00f3n del zapoteco, una de las lenguas ind\u00edgenas m\u00e1s representativas de M\u00e9xico. Antes de esta actualizaci\u00f3n, el teclado inclu\u00eda las siguientes variantes:<\/p>\n\n\n\n<p>Dixhsa de Teotitl\u00e1n del Valle<\/p>\n\n\n\n<p>Yubdany diza de San Bartolom\u00e9 Quialana<\/p>\n\n\n\n<p>D\u00ecz\u00e0 de San Pablo G\u00fcil\u00e1<\/p>\n\n\n\n<p>Ditsa de San Miguel del Valle<\/p>\n\n\n\n<p>Diza de Santa In\u00e9s Yatzeche<\/p>\n\n\n\n<p>Ahora, se renueva sumando por primera vez una variante del zapoteco del sur: el D\u00ectsa\u00e8 de San Pedro Mixtepec.<\/p>\n\n\n\n<p>\u201cEn respuesta a una solicitud de la comunidad, nuestro teclado zapoteco se ampli\u00f3 para incluir un dise\u00f1o del zapoteco del sur. Nos llena de alegr\u00eda ver c\u00f3mo esta herramienta ha tenido un impacto positivo y ha despertado un gran inter\u00e9s en las comunidades de Oaxaca. Este proyecto naci\u00f3 para ellas y por ellas\u201d. coment\u00f3 al respecto Juliana Rebelato, Directora global de globalizaci\u00f3n de Motorola.<\/p>\n\n\n\n<figure class=\"wp-block-gallery has-nested-images columns-default is-cropped wp-block-gallery-3 is-layout-flex wp-block-gallery-is-layout-flex\">\n<figure class=\"wp-block-image size-large\"><img decoding=\"async\" width=\"500\" height=\"333\" data-id=\"1076817\" src=\"https:\/\/dimensionturistica.com\/es\/wp-content\/uploads\/2025\/11\/5LENOVO.jpg\" alt=\"\" class=\"wp-image-1076817\" srcset=\"https:\/\/dimensionturistica.com\/es\/wp-content\/uploads\/2025\/11\/5LENOVO.jpg 500w, https:\/\/dimensionturistica.com\/es\/wp-content\/uploads\/2025\/11\/5LENOVO-300x200.jpg 300w\" sizes=\"(max-width: 500px) 100vw, 500px\" \/><\/figure>\n<\/figure>\n\n\n\n<p>Para Motorola, la verdadera innovaci\u00f3n sucede cuando se respeta la herencia cultural, representa la diversidad de sus usuarios y reconecta a las comunidades. La lengua zapoteca, lejos de desaparecer, sigue m\u00e1s viva que nunca.<\/p>\n\n\n\n<p>Disponibilidad<\/p>\n\n\n\n<p>La nueva variante de San Pedro Mixtepec ya est\u00e1 disponible en el teclado zapoteco. El teclado se encuentra en dispositivos con sistema operativo Android (Android 13 en adelante), para descargar v\u00eda Google Play Store.<\/p>\n\n\n\n<p>\u00bfC\u00f3mo descargar el teclado?<\/p>\n\n\n\n<p>Descargar de Google Play Store app Teclado de idiomas ind\u00edgenas<\/p>\n\n\n\n<p>Configuraci\u00f3n &gt; Teclado &gt; Activar Motorola Indigenous Keyboard<\/p>\n\n\n\n<p>Ir a teclado &gt; Presionar icono de teclado en la esquina derecha y seleccionar Motorola Indigenous Keyboard<\/p>\n\n\n\n<p>Con el \u00edcono del globo terr\u00e1queo debajo del teclado podr\u00e1s explorar las diferentes variantes, incluida la nueva adici\u00f3n.<\/p>\n\n\n\n<p>Visita el pressroom de Motorola M\u00e9xico para m\u00e1s informaci\u00f3n.<\/p>\n\n\n\n<p>Facebook: @MotoInMEX<\/p>\n\n\n\n<p>Twitter: @MotorolaMX<\/p>\n\n\n\n<p>Instagram: @Motorola_mx<\/p>\n\n\n\n<p>TikTok: @Motorola_mx<\/p>\n\n\n\n<p>Descargar Art\u00edculo<\/p>\n\n\n\n<p>Compar<\/p>\n","protected":false},"excerpt":{"rendered":"<p>Como parte de su Iniciativa de Apoyo a las Lenguas Ind\u00edgenas junto a Fundaci\u00f3n Lenovo, Motorola sigue trabajando para aportar a la preservaci\u00f3n cultural de M\u00e9xico anunciando la inclusi\u00f3n de una nueva variante en su Teclado Zapoteco: el D\u00ectsa\u00e8 de San Pedro Mixtepec. El proyecto del Teclado Zapoteco en M\u00e9xico, que naci\u00f3 desde y para [&hellip;]<\/p>\n","protected":false},"author":1,"featured_media":0,"comment_status":"open","ping_status":"closed","sticky":false,"template":"","format":"standard","meta":{"om_disable_all_campaigns":false,"jnews-multi-image_gallery":[],"jnews_single_post":[],"jnews_primary_category":[],"jnews_social_meta":[],"footnotes":""},"categories":[40],"tags":[],"class_list":["post-1076814","post","type-post","status-publish","format-standard","hentry","category-industria"],"_links":{"self":[{"href":"https:\/\/dimensionturistica.com\/es\/wp-json\/wp\/v2\/posts\/1076814","targetHints":{"allow":["GET"]}}],"collection":[{"href":"https:\/\/dimensionturistica.com\/es\/wp-json\/wp\/v2\/posts"}],"about":[{"href":"https:\/\/dimensionturistica.com\/es\/wp-json\/wp\/v2\/types\/post"}],"author":[{"embeddable":true,"href":"https:\/\/dimensionturistica.com\/es\/wp-json\/wp\/v2\/users\/1"}],"replies":[{"embeddable":true,"href":"https:\/\/dimensionturistica.com\/es\/wp-json\/wp\/v2\/comments?post=1076814"}],"version-history":[{"count":1,"href":"https:\/\/dimensionturistica.com\/es\/wp-json\/wp\/v2\/posts\/1076814\/revisions"}],"predecessor-version":[{"id":1076818,"href":"https:\/\/dimensionturistica.com\/es\/wp-json\/wp\/v2\/posts\/1076814\/revisions\/1076818"}],"wp:attachment":[{"href":"https:\/\/dimensionturistica.com\/es\/wp-json\/wp\/v2\/media?parent=1076814"}],"wp:term":[{"taxonomy":"category","embeddable":true,"href":"https:\/\/dimensionturistica.com\/es\/wp-json\/wp\/v2\/categories?post=1076814"},{"taxonomy":"post_tag","embeddable":true,"href":"https:\/\/dimensionturistica.com\/es\/wp-json\/wp\/v2\/tags?post=1076814"}],"curies":[{"name":"wp","href":"https:\/\/api.w.org\/{rel}","templated":true}]}}