{"id":1076702,"date":"2025-11-24T17:24:35","date_gmt":"2025-11-24T17:24:35","guid":{"rendered":"https:\/\/dimensionturistica.com\/es\/?p=1076702"},"modified":"2025-11-24T17:24:35","modified_gmt":"2025-11-24T17:24:35","slug":"reproches-a-la-labor-comunicativa-y-los-constantes-desplazamientos-del-vicepresidente-lara","status":"publish","type":"post","link":"https:\/\/dimensionturistica.com\/es\/reproches-a-la-labor-comunicativa-y-los-constantes-desplazamientos-del-vicepresidente-lara\/","title":{"rendered":"Reproches a la labor comunicativa y los constantes desplazamientos del vicepresidente Lara"},"content":{"rendered":"<h3>Viajes de Trabajo: \u00bfOportunidad o Despilfarro?<\/h3>\n<p>En un mundo cada vez m\u00e1s globalizado, las actividades comerciales y pol\u00edticas requieren una constante interacci\u00f3n entre diferentes pa\u00edses. Sin embargo, la gesti\u00f3n de estos viajes puede suscitar intensas cr\u00edticas, especialmente cuando se perciben como excesivos o innecesarios. Un caso reciente ha puesto de relieve las complicaciones que pueden surgir en la comunicaci\u00f3n y transparencia en estas circunstancias.<\/p>\n<p>Las cr\u00edticas hacia la frecuencia con la que algunos funcionarios realizan viajes al extranjero han aumentado, generando un debate sobre la necesidad de estos desplazamientos. Mientras algunos argumentan que son esenciales para fortalecer las relaciones internacionales, otros plantean dudas sobre su efectividad y coste.<\/p>\n<p>Los viajes de trabajo, en teor\u00eda, deber\u00edan ser una oportunidad para establecer lazos, atraer inversiones o resolver conflictos. No obstante, la percepci\u00f3n p\u00fablica se ha vuelto m\u00e1s cr\u00edtica. Todo se agrava si estos desplazamientos se perciben como lujosos o desconectados de las necesidades del ciudadano com\u00fan. La falta de una comunicaci\u00f3n clara sobre el prop\u00f3sito y los resultados de dichas visitas puede alimentar a\u00fan m\u00e1s la desconfianza.<\/p>\n<p>Un aspecto crucial es la transparencia. Los gobiernos y organismos p\u00fablicos deben ser capaces de justificar cada euro gastado en viajes. En este sentido, proporcionar informes detallados sobre los beneficios obtenidos tras cada desplazamiento podr\u00eda calmar los \u00e1nimos y demostrar que estos esfuerzos no son en vano. <\/p>\n<p>Adem\u00e1s, la planificaci\u00f3n de estos viajes deber\u00eda estar alineada con las prioridades y necesidades de la ciudadan\u00eda. En este sentido, las redes sociales pueden jugar un papel clave como herramienta de rendici\u00f3n de cuentas, permitiendo a los ciudadanos seguir en tiempo real las actividades de sus representantes.<\/p>\n<p>Por otro lado, no todos los viajes deben ser objeto de controversia. Hay ocasiones en las que la presencia de un funcionario en un evento internacional puede abrir puertas que de otra forma permanecer\u00edan cerradas. Sin embargo, es fundamental que estas oportunidades se manejen con la debida responsabilidad y respeto hacia el gasto p\u00fablico.<\/p>\n<p>En conclusi\u00f3n, mientras que los viajes de trabajo son una herramienta fundamental en la diplomacia moderna, es esencial que est\u00e9n acompa\u00f1ados de una gesti\u00f3n pristina y \u00e9tica. La transparencia y la comunicaci\u00f3n eficaz son elementos claves para transformar cr\u00edticas en apoyo, y para asegurar que cada desplazamiento sea valorado como una inversi\u00f3n en el futuro de la comunidad a la que se representa. A medida que el turismo de negocios y la diplomacia contin\u00faan entrelaz\u00e1ndose, la manera en que se gestionen estos viajes ser\u00e1 crucial para mantener la confianza del p\u00fablico.<\/p>\n<p><em> &#8221; Fuentes www.democrata.es &#8221; <\/em><\/p>\n","protected":false},"excerpt":{"rendered":"<p>Viajes de Trabajo: \u00bfOportunidad o Despilfarro? En un mundo cada vez m\u00e1s globalizado, las actividades comerciales y pol\u00edticas requieren una constante interacci\u00f3n entre diferentes pa\u00edses. Sin embargo, la gesti\u00f3n de estos viajes puede suscitar intensas cr\u00edticas, especialmente cuando se perciben como excesivos o innecesarios. Un caso reciente ha puesto de relieve las complicaciones que pueden [&hellip;]<\/p>\n","protected":false},"author":4,"featured_media":1076703,"comment_status":"open","ping_status":"closed","sticky":false,"template":"","format":"standard","meta":{"om_disable_all_campaigns":false,"jnews-multi-image_gallery":[],"jnews_single_post":[],"jnews_primary_category":[],"jnews_social_meta":[],"footnotes":""},"categories":[39],"tags":[12506,2390,138976,2717,257559,209980,546,545,2235],"class_list":["post-1076702","post","type-post","status-publish","format-standard","has-post-thumbnail","hentry","category-viajes","tag-administracion-publica","tag-comunicacion","tag-controversia","tag-criticas","tag-gestion-comunicativa","tag-lara","tag-politica","tag-viajes","tag-vicepresidente"],"_links":{"self":[{"href":"https:\/\/dimensionturistica.com\/es\/wp-json\/wp\/v2\/posts\/1076702","targetHints":{"allow":["GET"]}}],"collection":[{"href":"https:\/\/dimensionturistica.com\/es\/wp-json\/wp\/v2\/posts"}],"about":[{"href":"https:\/\/dimensionturistica.com\/es\/wp-json\/wp\/v2\/types\/post"}],"author":[{"embeddable":true,"href":"https:\/\/dimensionturistica.com\/es\/wp-json\/wp\/v2\/users\/4"}],"replies":[{"embeddable":true,"href":"https:\/\/dimensionturistica.com\/es\/wp-json\/wp\/v2\/comments?post=1076702"}],"version-history":[{"count":1,"href":"https:\/\/dimensionturistica.com\/es\/wp-json\/wp\/v2\/posts\/1076702\/revisions"}],"predecessor-version":[{"id":1076704,"href":"https:\/\/dimensionturistica.com\/es\/wp-json\/wp\/v2\/posts\/1076702\/revisions\/1076704"}],"wp:featuredmedia":[{"embeddable":true,"href":"https:\/\/dimensionturistica.com\/es\/wp-json\/wp\/v2\/media\/1076703"}],"wp:attachment":[{"href":"https:\/\/dimensionturistica.com\/es\/wp-json\/wp\/v2\/media?parent=1076702"}],"wp:term":[{"taxonomy":"category","embeddable":true,"href":"https:\/\/dimensionturistica.com\/es\/wp-json\/wp\/v2\/categories?post=1076702"},{"taxonomy":"post_tag","embeddable":true,"href":"https:\/\/dimensionturistica.com\/es\/wp-json\/wp\/v2\/tags?post=1076702"}],"curies":[{"name":"wp","href":"https:\/\/api.w.org\/{rel}","templated":true}]}}