{"id":1076673,"date":"2025-11-24T16:17:59","date_gmt":"2025-11-24T16:17:59","guid":{"rendered":"https:\/\/dimensionturistica.com\/es\/?p=1076673"},"modified":"2025-11-24T16:17:59","modified_gmt":"2025-11-24T16:17:59","slug":"coleccion-pre-otono-2026-tendencias-innovadoras-en-moda","status":"publish","type":"post","link":"https:\/\/dimensionturistica.com\/es\/coleccion-pre-otono-2026-tendencias-innovadoras-en-moda\/","title":{"rendered":"Colecci\u00f3n Pre-Oto\u00f1o 2026: Tendencias Innovadoras en Moda"},"content":{"rendered":"<h2>Innovaci\u00f3n y Creatividad en la Pre-Fall 2026 de Baum und Pferdgarten<\/h2>\n<p>La colecci\u00f3n Pre-Fall 2026 de Baum und Pferdgarten se presenta como un homenaje a la est\u00e9tica distintiva que la marca ha cultivado a lo largo de los a\u00f1os. Este a\u00f1o, la firma danesa ha decidido dar un paso audaz hacia la exploraci\u00f3n de nuevas siluetas y patrones que cautivan a los amantes de la moda en todo el mundo.<\/p>\n<h3>Un Viaje a Trav\u00e9s de Colores y Texturas<\/h3>\n<p>Una de las caracter\u00edsticas m\u00e1s destacadas de esta colecci\u00f3n es la audaz paleta de colores. Desde tonos vibrantes hasta matices m\u00e1s suaves, cada prenda cuenta una historia \u00fanica. Los dise\u00f1adores han sabido equilibrar la tradici\u00f3n con la modernidad, utilizando tejidos innovadores que no solo ofrecen comodidad, sino que tambi\u00e9n realzan la esencia contempor\u00e1nea de la marca.<\/p>\n<p>Los estampados geom\u00e9tricos y florales, presentes en varias piezas, evocan un aire de frescura y optimismo. A trav\u00e9s de estas elecciones gr\u00e1ficas, se logra una conexi\u00f3n emocional con el espectador, atrayendo especialmente a quienes buscan expresarse a trav\u00e9s de su vestimenta.<\/p>\n<h3>Siluetas que Rompen Esquemas<\/h3>\n<p>La silueta de las prendas es otra de las grandes protagonistas. La colecci\u00f3n juega con vol\u00famenes diversos que favorecen al cuerpo femenino, sin dejar de lado esa esencia vanguardista que caracteriza a Baum und Pferdgarten. Vestidos midi con capas, chaquetas oversized y faldas asim\u00e9tricas son solo algunos de los elementos que se perciben a lo largo de esta propuesta.<\/p>\n<p>Este enfoque audaz a las formas no solo destaca la creatividad de la marca, sino que tambi\u00e9n invita a las mujeres a experimentar con su estilo personal. La versatilidad de las prendas permite combinaciones infinitas, adapt\u00e1ndose al ritmo din\u00e1mico de la vida actual.<\/p>\n<h3>Detalles que Cautivan<\/h3>\n<p>Los detalles son cruciales en esta colecci\u00f3n. Desde broches oversized hasta bordados sutiles, cada adici\u00f3n est\u00e1 pensada para realzar las piezas sin sobrecargarlas. Este equilibrio es fundamental, ya que permite que cada prenda se convierta en el centro de atenci\u00f3n, destacando la habilidad de Baum und Pferdgarten para fusionar arte y moda de manera magistral.<\/p>\n<h3>Sostenibilidad como Compromiso<\/h3>\n<p>En un mundo donde la sostenibilidad es cada vez m\u00e1s importante, Baum und Pferdgarten demuestra que es posible crear piezas impactantes sin comprometer el medio ambiente. La elecci\u00f3n de materiales responsables y pr\u00e1cticas \u00e9ticas de producci\u00f3n subraya un compromiso con el futuro de la moda, invitando a otras marcas a seguir este camino.<\/p>\n<h3>La Influencia de la Cultura Visual<\/h3>\n<p>La inspiraci\u00f3n detr\u00e1s de la colecci\u00f3n se encuentra en la intersecci\u00f3n entre la cultura visual contempor\u00e1nea y el arte. La elecci\u00f3n de elementos que evocan el pasado, combinados con un enfoque moderno, permite que cada prenda se convierta en un di\u00e1logo entre generaciones. Esto tambi\u00e9n hace que la colecci\u00f3n resuene con un p\u00fablico m\u00e1s amplio, reflejando una diversidad de experiencias y perspectivas.<\/p>\n<h3>Conclusi\u00f3n<\/h3>\n<p>La Pre-Fall 2026 de Baum und Pferdgarten no es solo una colecci\u00f3n de moda; es una declaraci\u00f3n de intenciones. Con su innovadora combinaci\u00f3n de color, forma y sostenibilidad, la marca establece un nuevo est\u00e1ndar en el mundo de la alta costura, inspirando a las mujeres a abrazar su individualidad y a expresarse a trav\u00e9s de la moda. Sin duda, esta colecci\u00f3n marcara un cap\u00edtulo importante en la narrativa de la marca, y su impacto se sentir\u00e1 en las pasarelas y en la vida cotidiana.<\/p>\n<p>Baum und Pferdgarten ha demostrado que la moda no es solo lo que llevamos puesto, sino una forma de arte que tiene el poder de transformar nuestra percepci\u00f3n del mundo.<\/p>\n<p><em> &#8221; Fuentes www.vogue.com &#8221; <\/em><\/p>\n","protected":false},"excerpt":{"rendered":"<p>Innovaci\u00f3n y Creatividad en la Pre-Fall 2026 de Baum und Pferdgarten La colecci\u00f3n Pre-Fall 2026 de Baum und Pferdgarten se presenta como un homenaje a la est\u00e9tica distintiva que la marca ha cultivado a lo largo de los a\u00f1os. Este a\u00f1o, la firma danesa ha decidido dar un paso audaz hacia la exploraci\u00f3n de nuevas [&hellip;]<\/p>\n","protected":false},"author":14,"featured_media":1076674,"comment_status":"open","ping_status":"closed","sticky":false,"template":"","format":"standard","meta":{"om_disable_all_campaigns":false,"jnews-multi-image_gallery":[],"jnews_single_post":[],"jnews_primary_category":[],"jnews_social_meta":[],"footnotes":""},"categories":[144872],"tags":[130092,206389,202049,29821,202046,253936,94447,200339,372,6194,201498],"class_list":["post-1076673","post","type-post","status-publish","format-standard","has-post-thumbnail","hentry","category-fashion","tag-apparel","tag-baum-und-pferdgarten","tag-contemporary-fashion","tag-design","tag-fashion-collection","tag-pre-fall-2026","tag-runway","tag-runway_review","tag-style","tag-trends","tag-womens-wear"],"_links":{"self":[{"href":"https:\/\/dimensionturistica.com\/es\/wp-json\/wp\/v2\/posts\/1076673","targetHints":{"allow":["GET"]}}],"collection":[{"href":"https:\/\/dimensionturistica.com\/es\/wp-json\/wp\/v2\/posts"}],"about":[{"href":"https:\/\/dimensionturistica.com\/es\/wp-json\/wp\/v2\/types\/post"}],"author":[{"embeddable":true,"href":"https:\/\/dimensionturistica.com\/es\/wp-json\/wp\/v2\/users\/14"}],"replies":[{"embeddable":true,"href":"https:\/\/dimensionturistica.com\/es\/wp-json\/wp\/v2\/comments?post=1076673"}],"version-history":[{"count":1,"href":"https:\/\/dimensionturistica.com\/es\/wp-json\/wp\/v2\/posts\/1076673\/revisions"}],"predecessor-version":[{"id":1076675,"href":"https:\/\/dimensionturistica.com\/es\/wp-json\/wp\/v2\/posts\/1076673\/revisions\/1076675"}],"wp:featuredmedia":[{"embeddable":true,"href":"https:\/\/dimensionturistica.com\/es\/wp-json\/wp\/v2\/media\/1076674"}],"wp:attachment":[{"href":"https:\/\/dimensionturistica.com\/es\/wp-json\/wp\/v2\/media?parent=1076673"}],"wp:term":[{"taxonomy":"category","embeddable":true,"href":"https:\/\/dimensionturistica.com\/es\/wp-json\/wp\/v2\/categories?post=1076673"},{"taxonomy":"post_tag","embeddable":true,"href":"https:\/\/dimensionturistica.com\/es\/wp-json\/wp\/v2\/tags?post=1076673"}],"curies":[{"name":"wp","href":"https:\/\/api.w.org\/{rel}","templated":true}]}}