{"id":1076597,"date":"2025-11-24T14:06:50","date_gmt":"2025-11-24T14:06:50","guid":{"rendered":"https:\/\/dimensionturistica.com\/es\/?p=1076597"},"modified":"2025-11-24T14:06:50","modified_gmt":"2025-11-24T14:06:50","slug":"iguala-se-llena-de-magia-con-grandes-atracciones-en-la-explanada-de-las-tres-garantias","status":"publish","type":"post","link":"https:\/\/dimensionturistica.com\/es\/iguala-se-llena-de-magia-con-grandes-atracciones-en-la-explanada-de-las-tres-garantias\/","title":{"rendered":"Iguala se llena de magia con grandes atracciones en la Explanada de las Tres Garant\u00edas"},"content":{"rendered":"\n<figure class=\"wp-block-gallery has-nested-images columns-default is-cropped wp-block-gallery-1 is-layout-flex wp-block-gallery-is-layout-flex\">\n<figure class=\"wp-block-image size-large\"><img decoding=\"async\" width=\"500\" height=\"507\" data-id=\"1076598\" src=\"https:\/\/dimensionturistica.com\/es\/wp-content\/uploads\/2025\/11\/1IGUALA.jpg\" alt=\"\" class=\"wp-image-1076598\" srcset=\"https:\/\/dimensionturistica.com\/es\/wp-content\/uploads\/2025\/11\/1IGUALA.jpg 500w, https:\/\/dimensionturistica.com\/es\/wp-content\/uploads\/2025\/11\/1IGUALA-296x300.jpg 296w, https:\/\/dimensionturistica.com\/es\/wp-content\/uploads\/2025\/11\/1IGUALA-75x75.jpg 75w\" sizes=\"(max-width: 500px) 100vw, 500px\" \/><\/figure>\n<\/figure>\n\n\n\n<p>La ciudad de Iguala se prepara para vivir una de las temporadas m\u00e1s m\u00e1gicas del a\u00f1o con la instalaci\u00f3n, por primera vez, de una gran Pista de Hielo y un Tobog\u00e1n Gigante en la emblem\u00e1tica Explanada de las Tres Garant\u00edas. Esta iniciativa del Gobierno Municipal, encabezado por el presidente Erick Catal\u00e1n Rend\u00f3n, busca ofrecer a las familias y visitantes una experiencia \u00fanica de diversi\u00f3n, convivencia y esp\u00edritu navide\u00f1o.<\/p>\n\n\n\n<figure class=\"wp-block-gallery has-nested-images columns-default is-cropped wp-block-gallery-2 is-layout-flex wp-block-gallery-is-layout-flex\">\n<figure class=\"wp-block-image size-large\"><img decoding=\"async\" width=\"500\" height=\"888\" data-id=\"1076599\" src=\"https:\/\/dimensionturistica.com\/es\/wp-content\/uploads\/2025\/11\/2IGUALA.jpg\" alt=\"\" class=\"wp-image-1076599\" srcset=\"https:\/\/dimensionturistica.com\/es\/wp-content\/uploads\/2025\/11\/2IGUALA.jpg 500w, https:\/\/dimensionturistica.com\/es\/wp-content\/uploads\/2025\/11\/2IGUALA-169x300.jpg 169w\" sizes=\"(max-width: 500px) 100vw, 500px\" \/><\/figure>\n<\/figure>\n\n\n\n<p>A partir del 1 de diciembre y hasta el 6 de enero, Iguala se transformar\u00e1 en un escenario invernal donde chicos y grandes podr\u00e1n disfrutar de la emoci\u00f3n del patinaje sobre hielo y la adrenalina de deslizarse en un tobog\u00e1n de m\u00e1s de 25 metros de largo. La pista tendr\u00e1 dimensiones de 35 metros de largo por 10 de ancho, mientras que el tobog\u00e1n contar\u00e1 con 25 metros de largo por 3 de ancho, garantizando espacios amplios y seguros para toda la familia. El acceso a ambas atracciones ser\u00e1 totalmente gratuito.<\/p>\n\n\n\n<p>La apertura oficial ser\u00e1 el 5 de diciembre a las 6:00 pm, posterior al encendido del \u00e1rbol navide\u00f1o en la plaza. M\u00e1s tarde, a las 8:00 pm, la celebraci\u00f3n continuar\u00e1 con una verbena popular que reunir\u00e1 a la comunidad y a invitados especiales. Adem\u00e1s, la tradicional Caravana Navide\u00f1a se realizar\u00e1 el 13 de diciembre a las 6:00 pm, sum\u00e1ndose a las actividades que llenar\u00e1n de vida el coraz\u00f3n de la ciudad.<\/p>\n\n\n\n<figure class=\"wp-block-gallery has-nested-images columns-default is-cropped wp-block-gallery-3 is-layout-flex wp-block-gallery-is-layout-flex\">\n<figure class=\"wp-block-image size-large\"><img decoding=\"async\" width=\"500\" height=\"281\" data-id=\"1076601\" src=\"https:\/\/dimensionturistica.com\/es\/wp-content\/uploads\/2025\/11\/3IGUALA.jpg\" alt=\"\" class=\"wp-image-1076601\" srcset=\"https:\/\/dimensionturistica.com\/es\/wp-content\/uploads\/2025\/11\/3IGUALA.jpg 500w, https:\/\/dimensionturistica.com\/es\/wp-content\/uploads\/2025\/11\/3IGUALA-300x169.jpg 300w\" sizes=\"(max-width: 500px) 100vw, 500px\" \/><\/figure>\n<\/figure>\n\n\n\n<p>Como parte del evento inaugural, se presentar\u00e1 un espectacular show de patinadores profesionales, acompa\u00f1ado de luces, m\u00fasica y coreograf\u00edas sobre hielo. Se instalar\u00e1n gradas para comodidad del p\u00fablico, asegurando una experiencia c\u00f3moda, familiar y memorable.<\/p>\n\n\n\n<p>Para garantizar la seguridad de todas las personas, la empresa responsable de la operaci\u00f3n cuenta con seguro de responsabilidad civil. Asimismo, voluntarios de la comunidad y personal del municipio apoyar\u00e1n diariamente en la operaci\u00f3n de la pista, y habr\u00e1 asistentes disponibles para ayudar a quienes no sepan patinar. Se estima una afluencia aproximada de 100,000 visitantes durante todo el periodo de funcionamiento.<\/p>\n\n\n\n<p>El horario de operaci\u00f3n ser\u00e1 de lunes a domingo, de 11:00 am a 10:00 pm, permitiendo que tanto habitantes como turistas disfruten de la atracci\u00f3n en distintos momentos del d\u00eda. La inversi\u00f3n destinada a esta iniciativa fue realizada sin descuidar en ning\u00fan momento otros rubros municipales, garantizando un equilibrio responsable entre entretenimiento y gesti\u00f3n p\u00fablicar.<\/p>\n\n\n\n<p>Este proyecto no solo busca ofrecer diversi\u00f3n, sino tambi\u00e9n impulsar el turismo local y fortalecer la econom\u00eda en temporada decembrina. La pista y el tobog\u00e1n se convertir\u00e1n en un punto de encuentro para las familias igualtecas, fomentando la convivencia y la uni\u00f3n comunitaria.<\/p>\n\n\n\n<figure class=\"wp-block-gallery has-nested-images columns-default is-cropped wp-block-gallery-4 is-layout-flex wp-block-gallery-is-layout-flex\">\n<figure class=\"wp-block-image size-large\"><img decoding=\"async\" width=\"500\" height=\"625\" data-id=\"1076603\" src=\"https:\/\/dimensionturistica.com\/es\/wp-content\/uploads\/2025\/11\/4IGUALA.jpg\" alt=\"\" class=\"wp-image-1076603\" srcset=\"https:\/\/dimensionturistica.com\/es\/wp-content\/uploads\/2025\/11\/4IGUALA.jpg 500w, https:\/\/dimensionturistica.com\/es\/wp-content\/uploads\/2025\/11\/4IGUALA-240x300.jpg 240w\" sizes=\"(max-width: 500px) 100vw, 500px\" \/><\/figure>\n<\/figure>\n\n\n\n<p>Como parte de las actividades de lanzamiento, el presidente municipal Erick Catal\u00e1n Rend\u00f3n convoca a los representantes de los medios de comunicaci\u00f3n a la Rueda de Prensa de Presentaci\u00f3n Oficial de la Pista de Hielo y el Tobog\u00e1n Gigante, donde se compartir\u00e1n los detalles de la instalaci\u00f3n, las actividades y el impacto positivo que tendr\u00e1 en la comunidad. La cita ser\u00e1 el martes 18 de noviembre de 2025 a las 11:00 horas, en el Domo de la Pista de Hielo, ubicado en la Explanada de las Tres Garant\u00edas. Iguala est\u00e1 lista para convertirse en el coraz\u00f3n de la alegr\u00eda decembrina. \u00a1No te pierdas la oportunidad de vivir la magia del invierno<\/p>\n","protected":false},"excerpt":{"rendered":"<p>La ciudad de Iguala se prepara para vivir una de las temporadas m\u00e1s m\u00e1gicas del a\u00f1o con la instalaci\u00f3n, por primera vez, de una gran Pista de Hielo y un Tobog\u00e1n Gigante en la emblem\u00e1tica Explanada de las Tres Garant\u00edas. Esta iniciativa del Gobierno Municipal, encabezado por el presidente Erick Catal\u00e1n Rend\u00f3n, busca ofrecer a [&hellip;]<\/p>\n","protected":false},"author":1,"featured_media":0,"comment_status":"open","ping_status":"closed","sticky":false,"template":"","format":"standard","meta":{"om_disable_all_campaigns":false,"jnews-multi-image_gallery":[],"jnews_single_post":{"format":"standard"},"jnews_primary_category":[],"jnews_social_meta":[],"footnotes":""},"categories":[39],"tags":[],"class_list":["post-1076597","post","type-post","status-publish","format-standard","hentry","category-viajes"],"_links":{"self":[{"href":"https:\/\/dimensionturistica.com\/es\/wp-json\/wp\/v2\/posts\/1076597","targetHints":{"allow":["GET"]}}],"collection":[{"href":"https:\/\/dimensionturistica.com\/es\/wp-json\/wp\/v2\/posts"}],"about":[{"href":"https:\/\/dimensionturistica.com\/es\/wp-json\/wp\/v2\/types\/post"}],"author":[{"embeddable":true,"href":"https:\/\/dimensionturistica.com\/es\/wp-json\/wp\/v2\/users\/1"}],"replies":[{"embeddable":true,"href":"https:\/\/dimensionturistica.com\/es\/wp-json\/wp\/v2\/comments?post=1076597"}],"version-history":[{"count":1,"href":"https:\/\/dimensionturistica.com\/es\/wp-json\/wp\/v2\/posts\/1076597\/revisions"}],"predecessor-version":[{"id":1076605,"href":"https:\/\/dimensionturistica.com\/es\/wp-json\/wp\/v2\/posts\/1076597\/revisions\/1076605"}],"wp:attachment":[{"href":"https:\/\/dimensionturistica.com\/es\/wp-json\/wp\/v2\/media?parent=1076597"}],"wp:term":[{"taxonomy":"category","embeddable":true,"href":"https:\/\/dimensionturistica.com\/es\/wp-json\/wp\/v2\/categories?post=1076597"},{"taxonomy":"post_tag","embeddable":true,"href":"https:\/\/dimensionturistica.com\/es\/wp-json\/wp\/v2\/tags?post=1076597"}],"curies":[{"name":"wp","href":"https:\/\/api.w.org\/{rel}","templated":true}]}}