{"id":1076587,"date":"2025-11-24T13:56:14","date_gmt":"2025-11-24T13:56:14","guid":{"rendered":"https:\/\/dimensionturistica.com\/es\/?p=1076587"},"modified":"2025-11-24T13:56:14","modified_gmt":"2025-11-24T13:56:14","slug":"daypass-com-anuncia-alianza-estrategica-con-sectur-para-impulsar-la-marca-mexico-y-la-movilidad-turistica","status":"publish","type":"post","link":"https:\/\/dimensionturistica.com\/es\/daypass-com-anuncia-alianza-estrategica-con-sectur-para-impulsar-la-marca-mexico-y-la-movilidad-turistica\/","title":{"rendered":"daypass.com anuncia alianza estrat\u00e9gica con Sectur para impulsar la Marca M\u00e9xico y la movilidad tur\u00edstica"},"content":{"rendered":"\n<figure class=\"wp-block-gallery has-nested-images columns-default is-cropped wp-block-gallery-1 is-layout-flex wp-block-gallery-is-layout-flex\">\n<figure class=\"wp-block-image size-large\"><img decoding=\"async\" width=\"500\" height=\"268\" data-id=\"1076588\" src=\"https:\/\/dimensionturistica.com\/es\/wp-content\/uploads\/2025\/11\/4DAY.jpg\" alt=\"\" class=\"wp-image-1076588\" srcset=\"https:\/\/dimensionturistica.com\/es\/wp-content\/uploads\/2025\/11\/4DAY.jpg 500w, https:\/\/dimensionturistica.com\/es\/wp-content\/uploads\/2025\/11\/4DAY-300x161.jpg 300w\" sizes=\"(max-width: 500px) 100vw, 500px\" \/><\/figure>\n<\/figure>\n\n\n\n<p>daypass.com, la agencia mexicana de viajes online (OTA por sus siglas en ingl\u00e9s) y plataforma l\u00edder en Latinoam\u00e9rica y Espa\u00f1a para reservar pases y servicios tur\u00edsticos de un d\u00eda en hoteles, clubes de playa, spas y otras experiencias, anuncia un acuerdo de colaboraci\u00f3n a largo plazo, con la Secretar\u00eda de Turismo (Sectur) de M\u00e9xico.<\/p>\n\n\n\n<p>La alianza busca impulsar la promoci\u00f3n estrat\u00e9gica y el posicionamiento internacional de la marca M\u00e9xico y de los Pueblos M\u00e1gicos y la creaci\u00f3n de la Colecci\u00f3n M\u00e9xico &#8211; daypass.com, una iniciativa que permitir\u00e1 que los Pueblos M\u00e1gicos puedan subir, gestionar y comercializar directamente sus experiencias tur\u00edsticas en un micrositio exclusivo dentro de la plataforma. Se espera beneficiar en una primera etapa a m\u00e1s de 10 Pueblos M\u00e1gicos, ofreciendo experiencias que ir\u00e1n renov\u00e1ndose a lo largo del a\u00f1o.<\/p>\n\n\n\n<figure class=\"wp-block-gallery has-nested-images columns-default is-cropped wp-block-gallery-2 is-layout-flex wp-block-gallery-is-layout-flex\">\n<figure class=\"wp-block-image size-large\"><img decoding=\"async\" width=\"500\" height=\"333\" data-id=\"1076593\" src=\"https:\/\/dimensionturistica.com\/es\/wp-content\/uploads\/2025\/11\/2DAY-1.jpg\" alt=\"\" class=\"wp-image-1076593\" srcset=\"https:\/\/dimensionturistica.com\/es\/wp-content\/uploads\/2025\/11\/2DAY-1.jpg 500w, https:\/\/dimensionturistica.com\/es\/wp-content\/uploads\/2025\/11\/2DAY-1-300x200.jpg 300w\" sizes=\"(max-width: 500px) 100vw, 500px\" \/><\/figure>\n<\/figure>\n\n\n\n<p>\u201cLa firma de este convenio consolida una alianza que moderniza la forma en que los Pueblos M\u00e1gicos se conectan con los viajeros, permitiendo que su autenticidad, riqueza cultural y vocaci\u00f3n tur\u00edstica se traduzcan en oportunidades reales de desarrollo\u201d asegura Marte Molina, Director General de Gesti\u00f3n Social de Destinos en Sectur.<\/p>\n\n\n\n<p>Daypass.com es un marketplace digital que conecta a viajeros y locales con experiencias \u00fanicas, aut\u00e9nticas, sostenibles e incluyentes de hospitalidad y turismo para disfrutar durante el d\u00eda, sin necesidad de hospedarse. La plataforma naci\u00f3 con la misi\u00f3n de impulsar la compra inmediata de experiencias y aumentar la visibilidad, el posicionamiento y el gasto tur\u00edstico a nivel local, nacional e internacional.<\/p>\n\n\n\n<p>\u201cEsta alianza representa un paso clave en nuestra visi\u00f3n de conectar a m\u00e1s personas con las experiencias de los lugares donde residen\u201d, destac\u00f3 Rafael G\u00f3mez, CEO &amp; Cofundador de daypass.com. \u201cEstamos convencidos que el turismo no es solo realizar grandes viajes, puede empezar con la experiencia de un solo d\u00eda en un pueblo m\u00e1gico, en un hotel, spa o resort en la ciudad en la que vives. Por esto, nos emociona promover las Marcas M\u00e9xico y Pueblos M\u00e1gicos y la creaci\u00f3n de la Colecci\u00f3n M\u00e9xico &#8211; daypass.com, al tiempo que destacamos de una forma innovadora y cercana a los prestadores de servicio, enfocada en el bienestar y la prosperidad compartida\u201d.<\/p>\n\n\n\n<figure class=\"wp-block-gallery has-nested-images columns-default is-cropped wp-block-gallery-3 is-layout-flex wp-block-gallery-is-layout-flex\">\n<figure class=\"wp-block-image size-large\"><img decoding=\"async\" width=\"500\" height=\"500\" data-id=\"1076594\" src=\"https:\/\/dimensionturistica.com\/es\/wp-content\/uploads\/2025\/11\/1DAY.jpg\" alt=\"\" class=\"wp-image-1076594\" srcset=\"https:\/\/dimensionturistica.com\/es\/wp-content\/uploads\/2025\/11\/1DAY.jpg 500w, https:\/\/dimensionturistica.com\/es\/wp-content\/uploads\/2025\/11\/1DAY-300x300.jpg 300w, https:\/\/dimensionturistica.com\/es\/wp-content\/uploads\/2025\/11\/1DAY-150x150.jpg 150w, https:\/\/dimensionturistica.com\/es\/wp-content\/uploads\/2025\/11\/1DAY-75x75.jpg 75w, https:\/\/dimensionturistica.com\/es\/wp-content\/uploads\/2025\/11\/1DAY-350x350.jpg 350w\" sizes=\"(max-width: 500px) 100vw, 500px\" \/><\/figure>\n<\/figure>\n\n\n\n<p>Con presencia en M\u00e9xico, Espa\u00f1a, Rep\u00fablica Dominicana y Colombia, daypass.com se ha consolidado como un aliado estrat\u00e9gico para el sector tur\u00edstico y los Pueblos M\u00e1gicos al ofrecer una soluci\u00f3n digital que permite vender en l\u00ednea y monetizar espacios infrautilizados, generando ingresos adicionales y atrayendo nuevos segmentos de clientes locales y viajeros.<\/p>\n\n\n\n<p>A trav\u00e9s de la plataforma, los usuarios pueden reservar experiencias memorables \u2014desde actividades hol\u00edsticas y wellness hasta acceso a albercas, balnearios, gimnasios, restaurantes y clubes de playa\u2014 disponibles en hoteles, resorts y servicios exclusivos&nbsp;&nbsp; en los Pueblos M\u00e1gicos.<\/p>\n\n\n\n<figure class=\"wp-block-gallery has-nested-images columns-default is-cropped wp-block-gallery-4 is-layout-flex wp-block-gallery-is-layout-flex\">\n<figure class=\"wp-block-image size-large\"><img decoding=\"async\" width=\"500\" height=\"281\" data-id=\"1076595\" src=\"https:\/\/dimensionturistica.com\/es\/wp-content\/uploads\/2025\/11\/3DAY.jpg\" alt=\"\" class=\"wp-image-1076595\" srcset=\"https:\/\/dimensionturistica.com\/es\/wp-content\/uploads\/2025\/11\/3DAY.jpg 500w, https:\/\/dimensionturistica.com\/es\/wp-content\/uploads\/2025\/11\/3DAY-300x169.jpg 300w\" sizes=\"(max-width: 500px) 100vw, 500px\" \/><\/figure>\n<\/figure>\n\n\n\n<p>Tres meses despu\u00e9s de su lanzamiento en la regi\u00f3n, la plataforma ya ha superado los 4000 day passes vendidos y cuenta con m\u00e1s de 500 hoteles activos y 950 planes disponibles. daypass.com espera cerrar el a\u00f1o con m\u00e1s de 800 hoteles e innovadoras experiencias.<\/p>\n\n\n\n<p>La alianza con Sectur marca el inicio de una nueva etapa de crecimiento para la compa\u00f1\u00eda, que busca posicionar a M\u00e9xico como l\u00edder mundial en turismo digital.<\/p>\n","protected":false},"excerpt":{"rendered":"<p>daypass.com, la agencia mexicana de viajes online (OTA por sus siglas en ingl\u00e9s) y plataforma l\u00edder en Latinoam\u00e9rica y Espa\u00f1a para reservar pases y servicios tur\u00edsticos de un d\u00eda en hoteles, clubes de playa, spas y otras experiencias, anuncia un acuerdo de colaboraci\u00f3n a largo plazo, con la Secretar\u00eda de Turismo (Sectur) de M\u00e9xico. La [&hellip;]<\/p>\n","protected":false},"author":1,"featured_media":0,"comment_status":"open","ping_status":"closed","sticky":false,"template":"","format":"standard","meta":{"om_disable_all_campaigns":false,"jnews-multi-image_gallery":[],"jnews_single_post":[],"jnews_primary_category":[],"jnews_social_meta":[],"footnotes":""},"categories":[39],"tags":[],"class_list":["post-1076587","post","type-post","status-publish","format-standard","hentry","category-viajes"],"_links":{"self":[{"href":"https:\/\/dimensionturistica.com\/es\/wp-json\/wp\/v2\/posts\/1076587","targetHints":{"allow":["GET"]}}],"collection":[{"href":"https:\/\/dimensionturistica.com\/es\/wp-json\/wp\/v2\/posts"}],"about":[{"href":"https:\/\/dimensionturistica.com\/es\/wp-json\/wp\/v2\/types\/post"}],"author":[{"embeddable":true,"href":"https:\/\/dimensionturistica.com\/es\/wp-json\/wp\/v2\/users\/1"}],"replies":[{"embeddable":true,"href":"https:\/\/dimensionturistica.com\/es\/wp-json\/wp\/v2\/comments?post=1076587"}],"version-history":[{"count":1,"href":"https:\/\/dimensionturistica.com\/es\/wp-json\/wp\/v2\/posts\/1076587\/revisions"}],"predecessor-version":[{"id":1076596,"href":"https:\/\/dimensionturistica.com\/es\/wp-json\/wp\/v2\/posts\/1076587\/revisions\/1076596"}],"wp:attachment":[{"href":"https:\/\/dimensionturistica.com\/es\/wp-json\/wp\/v2\/media?parent=1076587"}],"wp:term":[{"taxonomy":"category","embeddable":true,"href":"https:\/\/dimensionturistica.com\/es\/wp-json\/wp\/v2\/categories?post=1076587"},{"taxonomy":"post_tag","embeddable":true,"href":"https:\/\/dimensionturistica.com\/es\/wp-json\/wp\/v2\/tags?post=1076587"}],"curies":[{"name":"wp","href":"https:\/\/api.w.org\/{rel}","templated":true}]}}