{"id":1076567,"date":"2025-11-24T13:09:01","date_gmt":"2025-11-24T13:09:01","guid":{"rendered":"https:\/\/dimensionturistica.com\/es\/?p=1076567"},"modified":"2025-11-24T13:09:01","modified_gmt":"2025-11-24T13:09:01","slug":"un-vistazo-a-la-primer-gala-del-fondo-franca-en-doha","status":"publish","type":"post","link":"https:\/\/dimensionturistica.com\/es\/un-vistazo-a-la-primer-gala-del-fondo-franca-en-doha\/","title":{"rendered":"Un Vistazo a la Primer Gala del Fondo Franca en Doha"},"content":{"rendered":"<h3>Una Noche Brillante: La Gala del Franca Fund en Doha<\/h3>\n<p>La fascinaci\u00f3n por la moda se apoder\u00f3 de Doha en un evento sin precedentes que ha marcado un hito en el calendario de la alta costura mundial. La inaugural Gala del Franca Fund reuni\u00f3 a un elenco deslumbrante de dise\u00f1adores, celebridades y personalidades influyentes, convirti\u00e9ndose en el epicentro de la innovaci\u00f3n estil\u00edstica y la celebraci\u00f3n cultural. Este evento no solo fue un escaparate de moda, sino un testimonio del compromiso de la industria con la diversidad y la inclusi\u00f3n.<\/p>\n<h4>Celebrando el Legado de Franca Sozzani<\/h4>\n<p>Bajo el emblem\u00e1tico legado de la ic\u00f3nica editora de moda, Franca Sozzani, esta gala se erige como un puente entre las nuevas generaciones de creadores y el mundo de la moda establecido. La celebraci\u00f3n rend\u00eda homenaje a los valores que ella defendi\u00f3, con un enfoque en la creatividad, el empoderamiento y la sostenibilidad. Los asistentes, ataviados con piezas \u00fanicas, representaron no solo la est\u00e9tica del momento, sino tambi\u00e9n el sentido de comunidad que caracteriza a este \u00e1mbito.<\/p>\n<h4>Momentos Estelares: Una Pasarela de Estilo<\/h4>\n<p>La noche fue un desfile de elegancia, donde cada atuendo contaba una historia en s\u00ed mismo. Desde los trajes de alta costura hasta las propuestas m\u00e1s vanguardistas, los dise\u00f1adores aprovecharon la ocasi\u00f3n para mostrar su visi\u00f3n del futuro de la moda. Los estilismos, cargados de simbolismo, combinaban t\u00e9cnicas tradicionales con innovaciones contempor\u00e1neas, reflejando as\u00ed la rica herencia cultural de la regi\u00f3n.<\/p>\n<p>Entre los aspectos m\u00e1s destacados de la noche se encontraban las alfombras que destacaban patrones \u00fanicos y colores vibrantes, inspirados en la paisaj\u00edstica y la historia de Qatar. Esta fusi\u00f3n de tradici\u00f3n y modernidad atrap\u00f3 las miradas de todos los presentes, provocando admiraci\u00f3n a cada paso.<\/p>\n<h4>Impacto Social y Compromiso con el Futuro<\/h4>\n<p>M\u00e1s all\u00e1 de la espectacularidad est\u00e9tica, la gala sirvi\u00f3 como plataforma para abordar temas cruciales en la industria. Con la presentaci\u00f3n del Franca Fund, se establecen nuevas iniciativas para respaldar a dise\u00f1adores emergentes de todo el mundo, especialmente aquellos que provienen de contextos menos favorecidos. Este enfoque en el apoyo y el desarrollo de nuevas voces promete revolucionar el panorama de la moda en los a\u00f1os venideros.<\/p>\n<h4>Influencias de la Gala: Estilo que Trasciende Fronteras<\/h4>\n<p>El eco de la Gala del Franca Fund resonar\u00e1 mucho m\u00e1s all\u00e1 de su celebraci\u00f3n. Con una atenci\u00f3n medi\u00e1tica sin precedentes y una asistencia llenando las redes sociales de contenido impactante, este evento es un claro ejemplo de c\u00f3mo la moda puede ser un motor de cambio. Las im\u00e1genes y videos de la noche han capturado no solo estilos impresionantes, sino tambi\u00e9n un esp\u00edritu de colaboraci\u00f3n y unidad.<\/p>\n<p>Las tendencias presentadas, desde la paleta de colores hasta las siluetas propuestas, seguramente influir\u00e1n en lo que veremos en las pasarelas e incluso en las calles, redefiniendo la moda contempor\u00e1nea. La comunidad de creativos ha respondido con entusiasmo, proyectando una imagen de optimismo y aspiraciones para el futuro.<\/p>\n<h4>La Moda como Plataforma de Cambio<\/h4>\n<p>La Gala del Franca Fund no solo fue una celebraci\u00f3n de la moda, sino un llamado a la acci\u00f3n. La relevancia de este tipo de eventos se manifiesta en su capacidad para iniciar di\u00e1logos necesarios y crear un impacto duradero. En este sentido, la industria de la moda se reafirma como un espacio donde el arte y la responsabilidad social convergen, inspirando a futuras generaciones de dise\u00f1adores a so\u00f1ar en grande.<\/p>\n<p>La moda no es solo lo que usamos; es una forma de expresi\u00f3n que puede tener repercusiones reales en la sociedad. A medida que continuamos explorando y celebrando estas intersecciones, eventos como la Gala del Franca Fund se posicionan en la vanguardia de la innovaci\u00f3n y la transformaci\u00f3n cultural. La atenci\u00f3n del mundo est\u00e1 fijada en Doha, y el futuro de la moda nunca se ha visto tan prometedor.<\/p>\n<p><em> &#8221; Fuentes www.vogue.com &#8221; <\/em><\/p>\n","protected":false},"excerpt":{"rendered":"<p>Una Noche Brillante: La Gala del Franca Fund en Doha La fascinaci\u00f3n por la moda se apoder\u00f3 de Doha en un evento sin precedentes que ha marcado un hito en el calendario de la alta costura mundial. La inaugural Gala del Franca Fund reuni\u00f3 a un elenco deslumbrante de dise\u00f1adores, celebridades y personalidades influyentes, convirti\u00e9ndose [&hellip;]<\/p>\n","protected":false},"author":14,"featured_media":1076568,"comment_status":"open","ping_status":"closed","sticky":false,"template":"","format":"standard","meta":{"om_disable_all_campaigns":false,"jnews-multi-image_gallery":[],"jnews_single_post":[],"jnews_primary_category":[],"jnews_social_meta":[],"footnotes":""},"categories":[144872],"tags":[69359,99641,193,12173,70213,243490,75295,25759,37751,82288,203622],"class_list":["post-1076567","post","type-post","status-publish","format-standard","has-post-thumbnail","hentry","category-fashion","tag-celebration","tag-charity","tag-culture","tag-doha","tag-event","tag-franca-fund","tag-fundraising","tag-gala","tag-inaugural","tag-networking","tag-vogue-parties"],"_links":{"self":[{"href":"https:\/\/dimensionturistica.com\/es\/wp-json\/wp\/v2\/posts\/1076567","targetHints":{"allow":["GET"]}}],"collection":[{"href":"https:\/\/dimensionturistica.com\/es\/wp-json\/wp\/v2\/posts"}],"about":[{"href":"https:\/\/dimensionturistica.com\/es\/wp-json\/wp\/v2\/types\/post"}],"author":[{"embeddable":true,"href":"https:\/\/dimensionturistica.com\/es\/wp-json\/wp\/v2\/users\/14"}],"replies":[{"embeddable":true,"href":"https:\/\/dimensionturistica.com\/es\/wp-json\/wp\/v2\/comments?post=1076567"}],"version-history":[{"count":1,"href":"https:\/\/dimensionturistica.com\/es\/wp-json\/wp\/v2\/posts\/1076567\/revisions"}],"predecessor-version":[{"id":1076569,"href":"https:\/\/dimensionturistica.com\/es\/wp-json\/wp\/v2\/posts\/1076567\/revisions\/1076569"}],"wp:featuredmedia":[{"embeddable":true,"href":"https:\/\/dimensionturistica.com\/es\/wp-json\/wp\/v2\/media\/1076568"}],"wp:attachment":[{"href":"https:\/\/dimensionturistica.com\/es\/wp-json\/wp\/v2\/media?parent=1076567"}],"wp:term":[{"taxonomy":"category","embeddable":true,"href":"https:\/\/dimensionturistica.com\/es\/wp-json\/wp\/v2\/categories?post=1076567"},{"taxonomy":"post_tag","embeddable":true,"href":"https:\/\/dimensionturistica.com\/es\/wp-json\/wp\/v2\/tags?post=1076567"}],"curies":[{"name":"wp","href":"https:\/\/api.w.org\/{rel}","templated":true}]}}