{"id":1076507,"date":"2025-11-21T01:12:03","date_gmt":"2025-11-21T01:12:03","guid":{"rendered":"https:\/\/dimensionturistica.com\/es\/?p=1076507"},"modified":"2025-11-21T01:12:03","modified_gmt":"2025-11-21T01:12:03","slug":"el-impacto-del-clima-en-tus-planes-de-viaje-para-el-dia-de-accion-de-gracias","status":"publish","type":"post","link":"https:\/\/dimensionturistica.com\/es\/el-impacto-del-clima-en-tus-planes-de-viaje-para-el-dia-de-accion-de-gracias\/","title":{"rendered":"El impacto del clima en tus planes de viaje para el D\u00eda de Acci\u00f3n de Gracias."},"content":{"rendered":"<h3>Preparativos y Clima: Un Viaje Perfecto para Acci\u00f3n de Gracias<\/h3>\n<p>Con la llegada del D\u00eda de Acci\u00f3n de Gracias, muchos viajeros empiezan a planear sus escapadas, ya sea a casa de familiares o a destinos tur\u00edsticos. Pero un factor crucial que puede influir en esta experiencia es el clima. A medida que se acercan las festividades, es recomendable estar al tanto de las condiciones clim\u00e1ticas para optimizar tu viaje.<\/p>\n<p>El oto\u00f1o pinta paisajes encantadores en muchos lugares, pero tambi\u00e9n puede traer consigo sorpresas meteorol\u00f3gicas. Desde fuertes nevadas en el norte hasta lluvias en climas m\u00e1s templados, cada regi\u00f3n presenta sus propias particularidades. Por eso, es fundamental consultar pron\u00f3sticos y estar preparado para cualquier eventualidad.<\/p>\n<p>En ciudades como Nueva York, las temperaturas pueden variar considerablemente, con m\u00e1ximas que rondan los 10 grados Celsius. Una chaqueta abrigadora y un paraguas en el maletero podr\u00edan ser tus mejores aliados. Asimismo, el tr\u00e1fico aumenta dramaticalmente, as\u00ed que considera salir con antelaci\u00f3n o explorar opciones de transporte alternativo para evitar contratiempos.<\/p>\n<p>Por otro lado, si tu destino est\u00e1 en el sur, como Florida o California, la situaci\u00f3n es diferente; aunque el clima es generalmente m\u00e1s c\u00e1lido, tambi\u00e9n puede haber r\u00e1fagas de lluvia. Un buen consejo es empacar ropa ligera pero tambi\u00e9n un abrigo para las noches que puedan ser frescas.<\/p>\n<p>Adem\u00e1s de tener en cuenta las condiciones clim\u00e1ticas, no podemos olvidar el impacto del clima en la planificaci\u00f3n de actividades. Desde paseos al aire libre hasta cenas familiares, la elecci\u00f3n del d\u00eda puede ser crucial. Tener un plan B para actividades en interiores, como visitar museos o disfrutar de la gastronom\u00eda local, puede ser una excelente manera de maximizar tu experiencia, sin importar lo que decida hacer el clima.<\/p>\n<p>No olvides que el D\u00eda de Acci\u00f3n de Gracias es tambi\u00e9n una oportunidad perfecta para explorar nuevas tradiciones culinarias. Muchas localidades ofrecen celebraciones locales que incluyen ferias, mercados de agricultores y festivales gastron\u00f3micos. Investiga un poco sobre las costumbres regionales que puedes incluir en tu celebraci\u00f3n, y permite que el clima sirva como una inspiraci\u00f3n adicional para la planificaci\u00f3n de tu men\u00fa.<\/p>\n<p>Finalmente, recuerda que la temporada tambi\u00e9n trae consigo el esp\u00edritu de la festividad. Ya sea que viajes solo, con amigos o con familia, cada momento cuenta. La creaci\u00f3n de recuerdos es lo que le da verdadero sentido a esta \u00e9poca del a\u00f1o. As\u00ed que, concluyendo, mientras sigas de cerca las previsiones meteorol\u00f3gicas y ajustes tus planes en consecuencia, \u00a1prep\u00e1rate para disfrutar de un viaje inolvidable!<\/p>\n<p>Acci\u00f3n de Gracias es m\u00e1s que una fecha; es una celebraci\u00f3n de la vida y la comunidad. Aseg\u00farate de que cada detalle, desde el clima hasta las actividades escogidas, contribuya a un d\u00eda lleno de alegr\u00eda y gratitud. \u00a1Feliz viaje y feliz Acci\u00f3n de Gracias!<\/p>\n<p><em> &#8221; Fuentes cnnespanol.dimensionturistica.com.com &#8221; <\/em><\/p>\n","protected":false},"excerpt":{"rendered":"<p>Preparativos y Clima: Un Viaje Perfecto para Acci\u00f3n de Gracias Con la llegada del D\u00eda de Acci\u00f3n de Gracias, muchos viajeros empiezan a planear sus escapadas, ya sea a casa de familiares o a destinos tur\u00edsticos. Pero un factor crucial que puede influir en esta experiencia es el clima. A medida que se acercan las [&hellip;]<\/p>\n","protected":false},"author":4,"featured_media":1076508,"comment_status":"open","ping_status":"closed","sticky":false,"template":"","format":"standard","meta":{"om_disable_all_campaigns":false,"jnews-multi-image_gallery":[],"jnews_single_post":[],"jnews_primary_category":[],"jnews_social_meta":[],"footnotes":""},"categories":[39],"tags":[9584,257493,2486,37052,3657,7314,964,735,681],"class_list":["post-1076507","post","type-post","status-publish","format-standard","has-post-thumbnail","hentry","category-viajes","tag-accion-de-gracias","tag-afecto","tag-clima","tag-meteorologia","tag-planes","tag-prevision","tag-temporada","tag-tiempo","tag-viaje"],"_links":{"self":[{"href":"https:\/\/dimensionturistica.com\/es\/wp-json\/wp\/v2\/posts\/1076507","targetHints":{"allow":["GET"]}}],"collection":[{"href":"https:\/\/dimensionturistica.com\/es\/wp-json\/wp\/v2\/posts"}],"about":[{"href":"https:\/\/dimensionturistica.com\/es\/wp-json\/wp\/v2\/types\/post"}],"author":[{"embeddable":true,"href":"https:\/\/dimensionturistica.com\/es\/wp-json\/wp\/v2\/users\/4"}],"replies":[{"embeddable":true,"href":"https:\/\/dimensionturistica.com\/es\/wp-json\/wp\/v2\/comments?post=1076507"}],"version-history":[{"count":1,"href":"https:\/\/dimensionturistica.com\/es\/wp-json\/wp\/v2\/posts\/1076507\/revisions"}],"predecessor-version":[{"id":1076509,"href":"https:\/\/dimensionturistica.com\/es\/wp-json\/wp\/v2\/posts\/1076507\/revisions\/1076509"}],"wp:featuredmedia":[{"embeddable":true,"href":"https:\/\/dimensionturistica.com\/es\/wp-json\/wp\/v2\/media\/1076508"}],"wp:attachment":[{"href":"https:\/\/dimensionturistica.com\/es\/wp-json\/wp\/v2\/media?parent=1076507"}],"wp:term":[{"taxonomy":"category","embeddable":true,"href":"https:\/\/dimensionturistica.com\/es\/wp-json\/wp\/v2\/categories?post=1076507"},{"taxonomy":"post_tag","embeddable":true,"href":"https:\/\/dimensionturistica.com\/es\/wp-json\/wp\/v2\/tags?post=1076507"}],"curies":[{"name":"wp","href":"https:\/\/api.w.org\/{rel}","templated":true}]}}