{"id":1076186,"date":"2025-11-20T03:16:13","date_gmt":"2025-11-20T03:16:13","guid":{"rendered":"https:\/\/dimensionturistica.com\/es\/?p=1076186"},"modified":"2025-11-20T03:16:13","modified_gmt":"2025-11-20T03:16:13","slug":"los-colombianos-organizan-viajes-diversos-para-2026-y-aqui-estan-las-causas","status":"publish","type":"post","link":"https:\/\/dimensionturistica.com\/es\/los-colombianos-organizan-viajes-diversos-para-2026-y-aqui-estan-las-causas\/","title":{"rendered":"Los colombianos organizan viajes diversos para 2026 y aqu\u00ed est\u00e1n las causas."},"content":{"rendered":"<h3>Tendencias de Viaje: Lo que los Colombianos Est\u00e1n Planeando para el 2026<\/h3>\n<p>A medida que se aproxima el 2026, los colombianos est\u00e1n redibujando su mapa de aventuras. Las nuevas tendencias en turismo revelan un deseo palpable de explorar, experimentar y conectarse de forma m\u00e1s aut\u00e9ntica con los destinos elegidos. Ya no se trata solo de acumular sellos en el pasaporte; el enfoque ha cambiado hacia un viaje m\u00e1s significativo, alineado con las expectativas de un mundo post-pandemia.<\/p>\n<h4>Experiencias Aut\u00e9nticas y Sostenibles<\/h4>\n<p>Uno de los cambios m\u00e1s destacados en la mentalidad de los viajeros colombianos es la b\u00fasqueda de experiencias aut\u00e9nticas. Los destinos que ofrecen un contacto directo con la cultura local, tradiciones y gastronom\u00eda son cada vez m\u00e1s preferidos. En este sentido, el ecoturismo y el turismo comunitario est\u00e1n ganando terreno, dando la posibilidad de adentrarse en la vida cotidiana de las comunidades, pero tambi\u00e9n impulsando la econom\u00eda local de manera sostenible.<\/p>\n<p>La sostenibilidad se ha convertido en un aspecto esencial. Los viajeros buscan opciones que respeten el medio ambiente y favorezcan a las comunidades que visitan. Hoteles eco-amigables, tours que minimizan la huella de carbono y actividades que promueven la conservaci\u00f3n se han vuelto imprescindibles en los itinerarios.<\/p>\n<h4>Nuevos Destinos y Aventura<\/h4>\n<p>Si bien los destinos tradicionales como Cartagena y Medell\u00edn siguen siendo predilectos, los colombianos est\u00e1n comenzando a explorar lugares menos convencionales. Regiones como la Amazon\u00eda, el desierto de La Tatacoa o las playas de la Guajira est\u00e1n recibiendo un inter\u00e9s renovado. Esta b\u00fasqueda de aventuras tambi\u00e9n se traduce en un deseo de practicar deportes al aire libre, como senderismo, ciclismo y surf, conectando a los viajeros con la naturaleza como nunca antes.<\/p>\n<p>Las experiencias de turismo de aventura se complementan con la curiosidad por descubrir nuevas culturas. Una mezcla de historia, tradici\u00f3n y modernidad est\u00e1 atrayendo a quienes desean salir de su zona de confort.<\/p>\n<h4>Una Mayor Conexi\u00f3n Digital<\/h4>\n<p>La tecnolog\u00eda tambi\u00e9n est\u00e1 desempe\u00f1ando un papel fundamental en la planificaci\u00f3n de viajes. Con el auge de aplicaciones y plataformas digitales, los colombianos est\u00e1n aprovechando las herramientas en l\u00ednea para organizar sus escapadas de manera m\u00e1s eficiente. Desde la reserva de alojamiento hasta la planificaci\u00f3n de actividades, el uso de la tecnolog\u00eda ha permitido un acceso m\u00e1s sencillo a informaci\u00f3n diversificada y recursos \u00fatiles.<\/p>\n<p>El poder de las redes sociales sigue siendo un motor de inspiraci\u00f3n. Las recomendaciones de amigos, influencers y expertos en viajes se han convertido en fuentes de confianza a la hora de decidir sobre el pr\u00f3ximo destino.<\/p>\n<h4>El Valor del Tiempo<\/h4>\n<p>Otro factor a considerar es el valor del tiempo. Muchos colombianos est\u00e1n optando por escapadas m\u00e1s cortas pero m\u00e1s frecuentes, privilegiando la calidad de la experiencia sobre la cantidad. Un fin de semana prolongado en un destino cercano se est\u00e1 convirtiendo en la nueva norma, permitiendo explorar m\u00e1s lugares sin la necesidad de largas planificaciones. Esta tendencia refleja una sutil pero poderosa transformaci\u00f3n en la forma en que se percibe el tiempo de ocio.<\/p>\n<h4>Conclusi\u00f3n<\/h4>\n<p>El viaje de los colombianos hacia el 2026 muestra un panorama vibrante, lleno de posibilidades. Mientras las expectativas de los viajeros evolucionan, tambi\u00e9n lo hace la oferta de destinos y experiencias. Con un enfoque en la autenticidad, la sostenibilidad y la conectividad digital, el futuro del turismo en Colombia se presenta como una invitaci\u00f3n abierta a explorar un mundo diverso y lleno de riqueza cultural. El horizonte est\u00e1 repleto de oportunidades; solo queda empacar las maletas y dejarse llevar por la aventura que aguarda.<\/p>\n<p><em> &#8221; Fuentes www.infobae.com &#8221; <\/em><\/p>\n","protected":false},"excerpt":{"rendered":"<p>Tendencias de Viaje: Lo que los Colombianos Est\u00e1n Planeando para el 2026 A medida que se aproxima el 2026, los colombianos est\u00e1n redibujando su mapa de aventuras. Las nuevas tendencias en turismo revelan un deseo palpable de explorar, experimentar y conectarse de forma m\u00e1s aut\u00e9ntica con los destinos elegidos. Ya no se trata solo de [&hellip;]<\/p>\n","protected":false},"author":4,"featured_media":1076187,"comment_status":"open","ping_status":"closed","sticky":false,"template":"","format":"standard","meta":{"om_disable_all_campaigns":false,"jnews-multi-image_gallery":[],"jnews_single_post":[],"jnews_primary_category":[],"jnews_social_meta":[],"footnotes":""},"categories":[39],"tags":[55723,33487,68158,105749,78445,139965,257358,169730,771,100017,662,92080,1228,189,148377,144425,67290,63852,97794,11333,309,257359,55090,75481,12471,63882,69196,82288,112893,32909,124359,140414,260,204583,31328,216833,197492,53262,136091,1538,27944,169725,4645,70104,101717,152620,91750,2182,6765,47128,685,8948,544,8632,25747,545,113861,54072,18808],"class_list":["post-1076186","post","type-post","status-publish","format-standard","has-post-thumbnail","hentry","category-viajes","tag-55723","tag-active","tag-adventure","tag-camera","tag-casual","tag-caucasian","tag-cellphone","tag-cheerful","tag-colombia","tag-concept","tag-cultura","tag-daughter","tag-destinos","tag-family","tag-female","tag-girl","tag-happy","tag-hiking","tag-landscape","tag-leisure","tag-lifestyle","tag-mid-adult","tag-mobile","tag-mother","tag-motivos","tag-mountain","tag-nature","tag-networking","tag-north-american","tag-outdoor","tag-outside","tag-parent","tag-people","tag-photo","tag-planeacion","tag-portrait","tag-precipice","tag-scenic","tag-self","tag-selfie","tag-smartphone","tag-smiling","tag-social","tag-standing","tag-taking","tag-teen","tag-teenager","tag-tendencias","tag-tourism","tag-tourist","tag-travel","tag-trip","tag-turismo","tag-vacacionar","tag-vacation","tag-viajes","tag-view","tag-weekend","tag-woman"],"_links":{"self":[{"href":"https:\/\/dimensionturistica.com\/es\/wp-json\/wp\/v2\/posts\/1076186","targetHints":{"allow":["GET"]}}],"collection":[{"href":"https:\/\/dimensionturistica.com\/es\/wp-json\/wp\/v2\/posts"}],"about":[{"href":"https:\/\/dimensionturistica.com\/es\/wp-json\/wp\/v2\/types\/post"}],"author":[{"embeddable":true,"href":"https:\/\/dimensionturistica.com\/es\/wp-json\/wp\/v2\/users\/4"}],"replies":[{"embeddable":true,"href":"https:\/\/dimensionturistica.com\/es\/wp-json\/wp\/v2\/comments?post=1076186"}],"version-history":[{"count":1,"href":"https:\/\/dimensionturistica.com\/es\/wp-json\/wp\/v2\/posts\/1076186\/revisions"}],"predecessor-version":[{"id":1076188,"href":"https:\/\/dimensionturistica.com\/es\/wp-json\/wp\/v2\/posts\/1076186\/revisions\/1076188"}],"wp:featuredmedia":[{"embeddable":true,"href":"https:\/\/dimensionturistica.com\/es\/wp-json\/wp\/v2\/media\/1076187"}],"wp:attachment":[{"href":"https:\/\/dimensionturistica.com\/es\/wp-json\/wp\/v2\/media?parent=1076186"}],"wp:term":[{"taxonomy":"category","embeddable":true,"href":"https:\/\/dimensionturistica.com\/es\/wp-json\/wp\/v2\/categories?post=1076186"},{"taxonomy":"post_tag","embeddable":true,"href":"https:\/\/dimensionturistica.com\/es\/wp-json\/wp\/v2\/tags?post=1076186"}],"curies":[{"name":"wp","href":"https:\/\/api.w.org\/{rel}","templated":true}]}}