{"id":1076030,"date":"2025-11-19T20:48:23","date_gmt":"2025-11-19T20:48:23","guid":{"rendered":"https:\/\/dimensionturistica.com\/es\/?p=1076030"},"modified":"2025-11-19T20:48:23","modified_gmt":"2025-11-19T20:48:23","slug":"ado-celebra-14-anos-de-caravana-rosa-con-un-incremento-del-14-en-mastografias-gratuitas","status":"publish","type":"post","link":"https:\/\/dimensionturistica.com\/es\/ado-celebra-14-anos-de-caravana-rosa-con-un-incremento-del-14-en-mastografias-gratuitas\/","title":{"rendered":"ADO celebra 14 a\u00f1os de Caravana Rosa con un incremento del 14% en mastograf\u00edas gratuitas"},"content":{"rendered":"\n<figure class=\"wp-block-gallery has-nested-images columns-default is-cropped wp-block-gallery-1 is-layout-flex wp-block-gallery-is-layout-flex\">\n<figure class=\"wp-block-image size-large\"><img decoding=\"async\" width=\"500\" height=\"208\" data-id=\"1076031\" src=\"https:\/\/dimensionturistica.com\/es\/wp-content\/uploads\/2025\/11\/2ROSA.jpg\" alt=\"\" class=\"wp-image-1076031\" srcset=\"https:\/\/dimensionturistica.com\/es\/wp-content\/uploads\/2025\/11\/2ROSA.jpg 500w, https:\/\/dimensionturistica.com\/es\/wp-content\/uploads\/2025\/11\/2ROSA-300x125.jpg 300w\" sizes=\"(max-width: 500px) 100vw, 500px\" \/><\/figure>\n<\/figure>\n\n\n\n<p>ADO, empresa l\u00edder en transporte terrestre de pasajeros, llev\u00f3 a cabo el banderazo de Caravana Rosa 2025 en la terminal de ADO en C\u00e1rdenas, reafirmando su compromiso con la salud de las mujeres y con la detecci\u00f3n oportuna del c\u00e1ncer de mama.<\/p>\n\n\n\n<figure class=\"wp-block-gallery has-nested-images columns-default is-cropped wp-block-gallery-2 is-layout-flex wp-block-gallery-is-layout-flex\">\n<figure class=\"wp-block-image size-large\"><img decoding=\"async\" width=\"500\" height=\"281\" data-id=\"1076032\" src=\"https:\/\/dimensionturistica.com\/es\/wp-content\/uploads\/2025\/11\/4ROSA.jpg\" alt=\"\" class=\"wp-image-1076032\" srcset=\"https:\/\/dimensionturistica.com\/es\/wp-content\/uploads\/2025\/11\/4ROSA.jpg 500w, https:\/\/dimensionturistica.com\/es\/wp-content\/uploads\/2025\/11\/4ROSA-300x169.jpg 300w\" sizes=\"(max-width: 500px) 100vw, 500px\" \/><\/figure>\n<\/figure>\n\n\n\n<p>En su d\u00e9cimo cuarta edici\u00f3n, la iniciativa registra un incremento del 14% en mastograf\u00edas gratuitas respecto al a\u00f1o anterior, fortaleciendo as\u00ed el impacto positivo en comunidades del centro y sur del pa\u00eds.<\/p>\n\n\n\n<p>De acuerdo con datos del INEGI, en Tabasco se detectan aproximadamente 2 mil casos de c\u00e1ncer de mama cada a\u00f1o. Ante este panorama, Caravana Rosa busca acercar servicios de salud gratuitos y promover una cultura de detecci\u00f3n oportuna para miles de mujeres.<\/p>\n\n\n\n<figure class=\"wp-block-gallery has-nested-images columns-default is-cropped wp-block-gallery-3 is-layout-flex wp-block-gallery-is-layout-flex\">\n<figure class=\"wp-block-image size-large\"><img decoding=\"async\" width=\"500\" height=\"296\" data-id=\"1076033\" src=\"https:\/\/dimensionturistica.com\/es\/wp-content\/uploads\/2025\/11\/1ROSA.jpg\" alt=\"\" class=\"wp-image-1076033\" srcset=\"https:\/\/dimensionturistica.com\/es\/wp-content\/uploads\/2025\/11\/1ROSA.jpg 500w, https:\/\/dimensionturistica.com\/es\/wp-content\/uploads\/2025\/11\/1ROSA-300x178.jpg 300w\" sizes=\"(max-width: 500px) 100vw, 500px\" \/><\/figure>\n<\/figure>\n\n\n\n<p>\u201cCada a\u00f1o, Caravana Rosa nos recuerda que actuar oportunamente puede cambiar una historia. Hoy invitamos a todas las mujeres a dar ese paso por su salud y a quienes las rodean a acompa\u00f1arlas en el proceso. Detr\u00e1s de cada Pase Rosa hay una oportunidad de esperanza y de vida, y eso nos mueve a seguir recorriendo caminos con prop\u00f3sito\u201d, expres\u00f3 Sixto Javier Hern\u00e1ndez Zubieta, gerente general de ADO regi\u00f3n Villahermosa.<\/p>\n\n\n\n<p>En esta edici\u00f3n las mujeres de 40 a\u00f1os en adelante podr\u00e1n acudir a nuestra terminal de ADO en Villahermosa, a partir de hoy y hasta el mi\u00e9rcoles 5 de noviembre a la unidad m\u00f3vil de Caravana Rosa para realizarse su mastograf\u00eda gratuita.<\/p>\n\n\n\n<figure class=\"wp-block-gallery has-nested-images columns-default is-cropped wp-block-gallery-4 is-layout-flex wp-block-gallery-is-layout-flex\">\n<figure class=\"wp-block-image size-large\"><img decoding=\"async\" width=\"500\" height=\"333\" data-id=\"1076034\" src=\"https:\/\/dimensionturistica.com\/es\/wp-content\/uploads\/2025\/11\/55ROSA.jpg\" alt=\"\" class=\"wp-image-1076034\" srcset=\"https:\/\/dimensionturistica.com\/es\/wp-content\/uploads\/2025\/11\/55ROSA.jpg 500w, https:\/\/dimensionturistica.com\/es\/wp-content\/uploads\/2025\/11\/55ROSA-300x200.jpg 300w\" sizes=\"(max-width: 500px) 100vw, 500px\" \/><\/figure>\n<\/figure>\n\n\n\n<p>Para llevar a cabo esta Caravana Rosa se cont\u00f3 con el apoyo de FUCAM, Asistencia Total, y aliados del sector privado como Scania y Grisi, consolidando un esfuerzo conjunto que demuestra que el cuidado es una responsabilidad compartida.<\/p>\n\n\n\n<p>Una vez m\u00e1s, ADO, a trav\u00e9s de Caravana Rosa, reafirma su compromiso con la salud y el bienestar de las comunidades donde opera, consolid\u00e1ndose como una iniciativa que promueve una verdadera cultura de detecci\u00f3n oportuna.<\/p>\n","protected":false},"excerpt":{"rendered":"<p>ADO, empresa l\u00edder en transporte terrestre de pasajeros, llev\u00f3 a cabo el banderazo de Caravana Rosa 2025 en la terminal de ADO en C\u00e1rdenas, reafirmando su compromiso con la salud de las mujeres y con la detecci\u00f3n oportuna del c\u00e1ncer de mama. En su d\u00e9cimo cuarta edici\u00f3n, la iniciativa registra un incremento del 14% en [&hellip;]<\/p>\n","protected":false},"author":1,"featured_media":0,"comment_status":"open","ping_status":"closed","sticky":false,"template":"","format":"standard","meta":{"om_disable_all_campaigns":false,"jnews-multi-image_gallery":[],"jnews_single_post":[],"jnews_primary_category":[],"jnews_social_meta":[],"footnotes":""},"categories":[144872],"tags":[],"class_list":["post-1076030","post","type-post","status-publish","format-standard","hentry","category-fashion"],"_links":{"self":[{"href":"https:\/\/dimensionturistica.com\/es\/wp-json\/wp\/v2\/posts\/1076030","targetHints":{"allow":["GET"]}}],"collection":[{"href":"https:\/\/dimensionturistica.com\/es\/wp-json\/wp\/v2\/posts"}],"about":[{"href":"https:\/\/dimensionturistica.com\/es\/wp-json\/wp\/v2\/types\/post"}],"author":[{"embeddable":true,"href":"https:\/\/dimensionturistica.com\/es\/wp-json\/wp\/v2\/users\/1"}],"replies":[{"embeddable":true,"href":"https:\/\/dimensionturistica.com\/es\/wp-json\/wp\/v2\/comments?post=1076030"}],"version-history":[{"count":1,"href":"https:\/\/dimensionturistica.com\/es\/wp-json\/wp\/v2\/posts\/1076030\/revisions"}],"predecessor-version":[{"id":1076035,"href":"https:\/\/dimensionturistica.com\/es\/wp-json\/wp\/v2\/posts\/1076030\/revisions\/1076035"}],"wp:attachment":[{"href":"https:\/\/dimensionturistica.com\/es\/wp-json\/wp\/v2\/media?parent=1076030"}],"wp:term":[{"taxonomy":"category","embeddable":true,"href":"https:\/\/dimensionturistica.com\/es\/wp-json\/wp\/v2\/categories?post=1076030"},{"taxonomy":"post_tag","embeddable":true,"href":"https:\/\/dimensionturistica.com\/es\/wp-json\/wp\/v2\/tags?post=1076030"}],"curies":[{"name":"wp","href":"https:\/\/api.w.org\/{rel}","templated":true}]}}