{"id":1075907,"date":"2025-11-19T17:41:51","date_gmt":"2025-11-19T17:41:51","guid":{"rendered":"https:\/\/dimensionturistica.com\/es\/?p=1075907"},"modified":"2025-11-19T17:41:51","modified_gmt":"2025-11-19T17:41:51","slug":"las-mexicanas-integran-mas-cosmeticos-en-su-rutina-en-comparacion-con-el-resto-de-los-paises-latinoamericanos","status":"publish","type":"post","link":"https:\/\/dimensionturistica.com\/es\/las-mexicanas-integran-mas-cosmeticos-en-su-rutina-en-comparacion-con-el-resto-de-los-paises-latinoamericanos\/","title":{"rendered":"Las mexicanas integran m\u00e1s cosm\u00e9ticos en su rutina en comparaci\u00f3n con el resto de los pa\u00edses latinoamericanos."},"content":{"rendered":"\n<figure class=\"wp-block-gallery has-nested-images columns-default is-cropped wp-block-gallery-1 is-layout-flex wp-block-gallery-is-layout-flex\">\n<figure class=\"wp-block-image size-large\"><img decoding=\"async\" width=\"400\" height=\"400\" data-id=\"1075908\" src=\"https:\/\/dimensionturistica.com\/es\/wp-content\/uploads\/2025\/11\/1AVON.jpg\" alt=\"\" class=\"wp-image-1075908\" srcset=\"https:\/\/dimensionturistica.com\/es\/wp-content\/uploads\/2025\/11\/1AVON.jpg 400w, https:\/\/dimensionturistica.com\/es\/wp-content\/uploads\/2025\/11\/1AVON-300x300.jpg 300w, https:\/\/dimensionturistica.com\/es\/wp-content\/uploads\/2025\/11\/1AVON-150x150.jpg 150w, https:\/\/dimensionturistica.com\/es\/wp-content\/uploads\/2025\/11\/1AVON-75x75.jpg 75w, https:\/\/dimensionturistica.com\/es\/wp-content\/uploads\/2025\/11\/1AVON-350x350.jpg 350w\" sizes=\"(max-width: 400px) 100vw, 400px\" \/><\/figure>\n<\/figure>\n\n\n\n<p>Avon present\u00f3 los resultados del estudio S\u00e1catela Duda \u201cEl Futuro de la Belleza\u201d que revela c\u00f3mo las mujeres mexicanas est\u00e1n evolucionando su forma de cuidar la piel y consumir productos de belleza.<\/p>\n\n\n\n<p>Uno de los hallazgos m\u00e1s relevantes es que M\u00e9xico destaca en la regi\u00f3n de Am\u00e9rica Latina como el pa\u00eds con mayor proporci\u00f3n de mujeres que usan cuatro o m\u00e1s productos (42%), se\u00f1al de una b\u00fasqueda de personalizaci\u00f3n y demanda de eficacia. Sin embargo, el contexto econ\u00f3mico tambi\u00e9n impacta: 9 de cada 10 mexicanas han ajustado su rutina por el costo de vida, optando por productos multifunci\u00f3n (46%) y la b\u00fasqueda de art\u00edculos con descuentos (44%) como estrategia inteligente para mantener el&nbsp; autocuidado.<\/p>\n\n\n\n<figure class=\"wp-block-gallery has-nested-images columns-default is-cropped wp-block-gallery-2 is-layout-flex wp-block-gallery-is-layout-flex\">\n<figure class=\"wp-block-image size-large\"><img decoding=\"async\" width=\"500\" height=\"333\" data-id=\"1075909\" src=\"https:\/\/dimensionturistica.com\/es\/wp-content\/uploads\/2025\/11\/3AVON.jpg\" alt=\"\" class=\"wp-image-1075909\" srcset=\"https:\/\/dimensionturistica.com\/es\/wp-content\/uploads\/2025\/11\/3AVON.jpg 500w, https:\/\/dimensionturistica.com\/es\/wp-content\/uploads\/2025\/11\/3AVON-300x200.jpg 300w\" sizes=\"(max-width: 500px) 100vw, 500px\" \/><\/figure>\n<\/figure>\n\n\n\n<p>El bienestar y la prevenci\u00f3n son hoy las principales motivaciones: 59% busca sentirse bien y 53% prevenir el envejecimiento, apostando por una piel saludable y joven a largo plazo. Adem\u00e1s, la mitad de las mujeres consideradas en el estudio comenz\u00f3 a cuidar su piel antes de los 30 a\u00f1os, lo que muestra una adopci\u00f3n temprana de h\u00e1bitos conscientes. En t\u00e9rminos de conocimiento, 45% dice saber sobre los ingredientes y cu\u00e1ndo usarlos, mientras 41% se declara \u201cmedianamente informada\u201d. Las mexicanas buscan productos basados en evidencia, por ello, el 54% pide asesor\u00eda de manera presencial, sobre un 44% que consulta fuentes digitales.<\/p>\n\n\n\n<figure class=\"wp-block-gallery has-nested-images columns-default is-cropped wp-block-gallery-3 is-layout-flex wp-block-gallery-is-layout-flex\">\n<figure class=\"wp-block-image size-large\"><img decoding=\"async\" width=\"500\" height=\"333\" data-id=\"1075910\" src=\"https:\/\/dimensionturistica.com\/es\/wp-content\/uploads\/2025\/11\/2AVON.jpg\" alt=\"\" class=\"wp-image-1075910\" srcset=\"https:\/\/dimensionturistica.com\/es\/wp-content\/uploads\/2025\/11\/2AVON.jpg 500w, https:\/\/dimensionturistica.com\/es\/wp-content\/uploads\/2025\/11\/2AVON-300x200.jpg 300w\" sizes=\"(max-width: 500px) 100vw, 500px\" \/><\/figure>\n<\/figure>\n\n\n\n<p>\u201cLas consumidoras mexicanas est\u00e1n redefiniendo la belleza desde el bienestar, el conocimiento y la intenci\u00f3n. Hoy buscan productos que se adapten a su estilo de vida, sean efectivos y reflejen sus valores. En Avon, creemos que el futuro de la belleza est\u00e1 en esa mezcla de innovaci\u00f3n, accesibilidad y prop\u00f3sito\u201d, afirm\u00f3 Ahinoam Uscanga, Gerente de Categor\u00eda Maquillaje y cuidado facial para Avon.<\/p>\n\n\n\n<figure class=\"wp-block-gallery has-nested-images columns-default is-cropped wp-block-gallery-4 is-layout-flex wp-block-gallery-is-layout-flex\">\n<figure class=\"wp-block-image size-large\"><img decoding=\"async\" width=\"500\" height=\"629\" data-id=\"1075911\" src=\"https:\/\/dimensionturistica.com\/es\/wp-content\/uploads\/2025\/11\/9AVON.jpg\" alt=\"\" class=\"wp-image-1075911\" srcset=\"https:\/\/dimensionturistica.com\/es\/wp-content\/uploads\/2025\/11\/9AVON.jpg 500w, https:\/\/dimensionturistica.com\/es\/wp-content\/uploads\/2025\/11\/9AVON-238x300.jpg 238w\" sizes=\"(max-width: 500px) 100vw, 500px\" \/><\/figure>\n<\/figure>\n\n\n\n<p>Belleza con prop\u00f3sito: la sostenibilidad como decisi\u00f3n de compra. El compromiso ambiental crece, pero con matices. 79% de las mexicanas comprar\u00eda productos sustentables, aunque solo 41% estar\u00eda dispuesta a pagar m\u00e1s. Las motivaciones van m\u00e1s all\u00e1 del marketing: apoyar marcas con buenas pr\u00e1cticas (34%) y contribuir al cambio se perciben como formas de acci\u00f3n personal. No obstante, las consumidoras tambi\u00e9n son claras: la responsabilidad de la sostenibilidad debe recaer en las marcas, no en los bolsillos de las mujeres.<\/p>\n\n\n\n<figure class=\"wp-block-gallery has-nested-images columns-default is-cropped wp-block-gallery-5 is-layout-flex wp-block-gallery-is-layout-flex\">\n<figure class=\"wp-block-image size-large\"><img decoding=\"async\" width=\"500\" height=\"333\" data-id=\"1075912\" src=\"https:\/\/dimensionturistica.com\/es\/wp-content\/uploads\/2025\/11\/8AVON.jpg\" alt=\"\" class=\"wp-image-1075912\" srcset=\"https:\/\/dimensionturistica.com\/es\/wp-content\/uploads\/2025\/11\/8AVON.jpg 500w, https:\/\/dimensionturistica.com\/es\/wp-content\/uploads\/2025\/11\/8AVON-300x200.jpg 300w\" sizes=\"(max-width: 500px) 100vw, 500px\" \/><\/figure>\n<\/figure>\n\n\n\n<p>Una nueva era: belleza consciente, sin artificios, que hoy combina eficacia, transparencia y prop\u00f3sito. Ya no se trata solo de verse bien, sino de sentirse bien y confiar en lo que se usa. Las marcas que logren conectar desde la autenticidad y la coherencia ser\u00e1n las que definan el futuro del cuidado de la piel.<\/p>\n\n\n\n<figure class=\"wp-block-gallery has-nested-images columns-default is-cropped wp-block-gallery-6 is-layout-flex wp-block-gallery-is-layout-flex\">\n<figure class=\"wp-block-image size-large\"><img decoding=\"async\" width=\"500\" height=\"333\" data-id=\"1075913\" src=\"https:\/\/dimensionturistica.com\/es\/wp-content\/uploads\/2025\/11\/5AVON.jpg\" alt=\"\" class=\"wp-image-1075913\" srcset=\"https:\/\/dimensionturistica.com\/es\/wp-content\/uploads\/2025\/11\/5AVON.jpg 500w, https:\/\/dimensionturistica.com\/es\/wp-content\/uploads\/2025\/11\/5AVON-300x200.jpg 300w\" sizes=\"(max-width: 500px) 100vw, 500px\" \/><\/figure>\n<\/figure>\n\n\n\n<p>Y ah\u00ed es donde entra \u201cObvio que Avon\u201d: una iniciativa que rescata lo evidente \u2014la confianza ganada, los resultados visibles y el valor real de productos que funcionan\u2014. Porque cuando algo rinde, cuida y tiene un precio justo, la elecci\u00f3n es clara. Avon reafirma su lugar como una marca de decisi\u00f3n inteligente (smart choice), que entiende a las mujeres y les ofrece lo que buscan: innovaci\u00f3n accesible, beneficios garantizados y una belleza que se siente tan bien como se ve.<\/p>\n","protected":false},"excerpt":{"rendered":"<p>Avon present\u00f3 los resultados del estudio S\u00e1catela Duda \u201cEl Futuro de la Belleza\u201d que revela c\u00f3mo las mujeres mexicanas est\u00e1n evolucionando su forma de cuidar la piel y consumir productos de belleza. Uno de los hallazgos m\u00e1s relevantes es que M\u00e9xico destaca en la regi\u00f3n de Am\u00e9rica Latina como el pa\u00eds con mayor proporci\u00f3n de [&hellip;]<\/p>\n","protected":false},"author":1,"featured_media":0,"comment_status":"open","ping_status":"closed","sticky":false,"template":"","format":"standard","meta":{"om_disable_all_campaigns":false,"jnews-multi-image_gallery":[],"jnews_single_post":[],"jnews_primary_category":[],"jnews_social_meta":[],"footnotes":""},"categories":[144872],"tags":[],"class_list":["post-1075907","post","type-post","status-publish","format-standard","hentry","category-fashion"],"_links":{"self":[{"href":"https:\/\/dimensionturistica.com\/es\/wp-json\/wp\/v2\/posts\/1075907","targetHints":{"allow":["GET"]}}],"collection":[{"href":"https:\/\/dimensionturistica.com\/es\/wp-json\/wp\/v2\/posts"}],"about":[{"href":"https:\/\/dimensionturistica.com\/es\/wp-json\/wp\/v2\/types\/post"}],"author":[{"embeddable":true,"href":"https:\/\/dimensionturistica.com\/es\/wp-json\/wp\/v2\/users\/1"}],"replies":[{"embeddable":true,"href":"https:\/\/dimensionturistica.com\/es\/wp-json\/wp\/v2\/comments?post=1075907"}],"version-history":[{"count":1,"href":"https:\/\/dimensionturistica.com\/es\/wp-json\/wp\/v2\/posts\/1075907\/revisions"}],"predecessor-version":[{"id":1075914,"href":"https:\/\/dimensionturistica.com\/es\/wp-json\/wp\/v2\/posts\/1075907\/revisions\/1075914"}],"wp:attachment":[{"href":"https:\/\/dimensionturistica.com\/es\/wp-json\/wp\/v2\/media?parent=1075907"}],"wp:term":[{"taxonomy":"category","embeddable":true,"href":"https:\/\/dimensionturistica.com\/es\/wp-json\/wp\/v2\/categories?post=1075907"},{"taxonomy":"post_tag","embeddable":true,"href":"https:\/\/dimensionturistica.com\/es\/wp-json\/wp\/v2\/tags?post=1075907"}],"curies":[{"name":"wp","href":"https:\/\/api.w.org\/{rel}","templated":true}]}}