{"id":1075888,"date":"2025-11-19T17:20:03","date_gmt":"2025-11-19T17:20:03","guid":{"rendered":"https:\/\/dimensionturistica.com\/es\/?p=1075888"},"modified":"2025-11-19T17:20:03","modified_gmt":"2025-11-19T17:20:03","slug":"coca-cola-inicia-la-temporada-navidena-con-una-campana-llena-de-momentos-inspiradores-y-experiencias-atractivas","status":"publish","type":"post","link":"https:\/\/dimensionturistica.com\/es\/coca-cola-inicia-la-temporada-navidena-con-una-campana-llena-de-momentos-inspiradores-y-experiencias-atractivas\/","title":{"rendered":"Coca-Cola inicia la temporada navide\u00f1a con una campa\u00f1a llena de momentos inspiradores y experiencias atractivas"},"content":{"rendered":"\n<p><\/p>\n\n\n\n<figure class=\"wp-block-gallery has-nested-images columns-default is-cropped wp-block-gallery-1 is-layout-flex wp-block-gallery-is-layout-flex\">\n<figure class=\"wp-block-image size-large\"><img decoding=\"async\" width=\"500\" height=\"335\" data-id=\"1075889\" src=\"https:\/\/dimensionturistica.com\/es\/wp-content\/uploads\/2025\/11\/1coca.jpg\" alt=\"\" class=\"wp-image-1075889\" srcset=\"https:\/\/dimensionturistica.com\/es\/wp-content\/uploads\/2025\/11\/1coca.jpg 500w, https:\/\/dimensionturistica.com\/es\/wp-content\/uploads\/2025\/11\/1coca-300x201.jpg 300w\" sizes=\"(max-width: 500px) 100vw, 500px\" \/><\/figure>\n<\/figure>\n\n\n\n<p>Coca-Cola presenta su querida campa\u00f1a navide\u00f1a para ayudar a los consumidores a refrescar su esp\u00edritu Navide\u00f1o y garantizar que las fiestas est\u00e9n llenas de momentos inspiradores para todos. Este a\u00f1o, Coca-Cola lanza la campa\u00f1a \u201cToma una Coca-Cola. Vive el Esp\u00edritu Navide\u00f1o\u201d para inspirar la conexi\u00f3n humana, convirtiendo el ajetreo de la temporada navide\u00f1a en momentos de pausa, ayudando a las personas a experimentar una verdadera alegr\u00eda con cada sorbo<\/p>\n\n\n\n<p>Para dar inicio al Esp\u00edritu Navide\u00f1o, la campa\u00f1a de este a\u00f1o estrenar\u00e1 un nuevo comercial de televisi\u00f3n en M\u00e9xico, nombrado \u201cUn recuerdo Navide\u00f1o\u201d. Este conmovedor video muestra a una madre ocupada planeando y preparando las fiestas. Pero despu\u00e9s de refrescarse y sentirse animada con un trago de Coca-Cola bien fr\u00eda, descubre un adorno m\u00e1gico que le recuerda la verdadera esencia de la Navidad.<\/p>\n\n\n\n<figure class=\"wp-block-gallery has-nested-images columns-default is-cropped wp-block-gallery-2 is-layout-flex wp-block-gallery-is-layout-flex\">\n<figure class=\"wp-block-image size-large\"><img decoding=\"async\" width=\"1023\" height=\"447\" data-id=\"1075890\" src=\"https:\/\/dimensionturistica.com\/es\/wp-content\/uploads\/2025\/11\/1-24.webp\" alt=\"\" class=\"wp-image-1075890\" srcset=\"https:\/\/dimensionturistica.com\/es\/wp-content\/uploads\/2025\/11\/1-24.webp 1023w, https:\/\/dimensionturistica.com\/es\/wp-content\/uploads\/2025\/11\/1-24-300x131.webp 300w, https:\/\/dimensionturistica.com\/es\/wp-content\/uploads\/2025\/11\/1-24-768x336.webp 768w, https:\/\/dimensionturistica.com\/es\/wp-content\/uploads\/2025\/11\/1-24-750x328.webp 750w\" sizes=\"(max-width: 1023px) 100vw, 1023px\" \/><\/figure>\n<\/figure>\n\n\n\n<p>&#8220;Como una fiesta m\u00e1s que especial en Am\u00e9rica Latina, la Navidad est\u00e1 hecha por y para las personas. Nuestra campa\u00f1a navide\u00f1a de este a\u00f1o est\u00e1 dise\u00f1ada para transformar el ajetreo de las fiestas en momentos de pausa para experimentar la verdadera alegr\u00eda con los seres queridos, mientras celebramos a las personas responsables de crear la magia que sentimos en el aire&#8221;, dice Louis Balat, presidente de Coca-Cola M\u00e9xico.&nbsp; &#8220;En M\u00e9xico hemos preparado actividades especiales cuyo objetivo es unir a las personas para celebrar el Esp\u00edritu de la Navidad en unidad, creando comunidad y momentos de frescura&#8221;.<\/p>\n\n\n\n<p>Coca-Cola contin\u00faa reforzando su estatus ic\u00f3nico como una bebida que no puede faltar en las festividades, convirti\u00e9ndose en la preferida para todas las celebraciones navide\u00f1as y momentos inspiradores. Fomentando la conexi\u00f3n humana, las Caravanas Navide\u00f1as de Coca-Cola tambi\u00e9n regresar\u00e1n este a\u00f1o. Las Caravanas traer\u00e1n experiencias inmersivas a las comunidades, uniendo a las personas para disfrutar del Esp\u00edritu Navide\u00f1o en el pa\u00eds. Los consumidores podr\u00e1n conocer m\u00e1s detalles sobre las mismas a trav\u00e9s de las redes sociales oficiales de la marca.<\/p>\n\n\n\n<figure class=\"wp-block-gallery has-nested-images columns-default is-cropped wp-block-gallery-3 is-layout-flex wp-block-gallery-is-layout-flex\">\n<figure class=\"wp-block-image size-large\"><img decoding=\"async\" width=\"500\" height=\"281\" data-id=\"1075891\" src=\"https:\/\/dimensionturistica.com\/es\/wp-content\/uploads\/2025\/11\/2coca.jpg\" alt=\"\" class=\"wp-image-1075891\" srcset=\"https:\/\/dimensionturistica.com\/es\/wp-content\/uploads\/2025\/11\/2coca.jpg 500w, https:\/\/dimensionturistica.com\/es\/wp-content\/uploads\/2025\/11\/2coca-300x169.jpg 300w\" sizes=\"(max-width: 500px) 100vw, 500px\" \/><\/figure>\n<\/figure>\n\n\n\n<p>Dise\u00f1adas para evocar la emoci\u00f3n y la nostalgia de las Navidades pasadas, las Caravanas Navide\u00f1as de Coca-Cola, regresan como un habilitador para compartir momentos en familia, seres queridos y festejar a las comunidades, para disfrutar de un espacio de alegr\u00eda juntos, record\u00e1ndole a las personas lo que realmente es importante en esta temporada.&nbsp; Estas experiencias buscan generar una relevancia local a\u00fan m\u00e1s poderosa al aprovechar las asociaciones locales y comprometerse con las comunidades locales para promover contenido a\u00fan m\u00e1s aut\u00e9ntico y personalizado.<\/p>\n\n\n\n<p>Los elementos clave de la campa\u00f1a de Navidad de este a\u00f1o tambi\u00e9n incluyen:<\/p>\n\n\n\n<p>\u00b7&nbsp;&nbsp;&nbsp;&nbsp; Comercial Navide\u00f1o: El conmovedor cortometraje \u201cUn Recuerdo Navide\u00f1o\u201d muestra a una madre ocupada planeando y preparando las fiestas. Tras tomar un sorbo de Coca-Cola bien fr\u00eda, descubre un adorno m\u00e1gico que le recuerda el verdadero significado de la Navidad.<\/p>\n\n\n\n<p>\u00b7&nbsp;&nbsp;&nbsp;&nbsp;&nbsp; Caravanas de Navidad de Coca-Cola: Los legendarios camiones de Coca-Cola est\u00e1n de regreso, en caravanas de todo el mundo que unir\u00e1n a las comunidades en una celebraci\u00f3n festiva de alegr\u00eda navide\u00f1a para compartir momentos especiales entre seres queridos. Invitamos a todos a consultar nuestras redes sociales para conocer las fechas y ubicaciones de las caravanas.<\/p>\n\n\n\n<p>\u00b7&nbsp;&nbsp; Art\u00edculos coleccionables: Este a\u00f1o vuelven las ic\u00f3nicas villas navide\u00f1as con cinco modelos diferentes coleccionables para poder resaltar el esp\u00edritu de las festividades en los hogares de M\u00e9xico. Estas se pueden encontrar en distintas tienditas de la esquina, en tu hogar by Coca-Cola y autoservicios participantes. Est\u00e1n sujetas a disponibilidad y\/o hasta agotar existencias.<\/p>\n\n\n\n<figure class=\"wp-block-gallery has-nested-images columns-default is-cropped wp-block-gallery-4 is-layout-flex wp-block-gallery-is-layout-flex\">\n<figure class=\"wp-block-image size-large\"><img decoding=\"async\" width=\"500\" height=\"281\" data-id=\"1075892\" src=\"https:\/\/dimensionturistica.com\/es\/wp-content\/uploads\/2025\/11\/4COCA.jpg\" alt=\"\" class=\"wp-image-1075892\" srcset=\"https:\/\/dimensionturistica.com\/es\/wp-content\/uploads\/2025\/11\/4COCA.jpg 500w, https:\/\/dimensionturistica.com\/es\/wp-content\/uploads\/2025\/11\/4COCA-300x169.jpg 300w\" sizes=\"(max-width: 500px) 100vw, 500px\" \/><\/figure>\n<\/figure>\n\n\n\n<p>\u00b7&nbsp;&nbsp;&nbsp; \u201cAbuelita\u201d, nuestra Ayudante Navide\u00f1a Coca-Cola: un chatbot de WhatsApp impulsado por IA donde los consumidores pueden encontrar d\u00f3nde y cu\u00e1ndo ser\u00e1n lasCaravanas de Navidad en su ciudad y disfrutar de la experiencia Mi Papel M\u00e1gico. Estar\u00e1 disponible a partir del 17 de noviembre.<\/p>\n\n\n\n<p>\u00b7&nbsp;&nbsp;&nbsp; Mi Papel M\u00e1gico: Una experiencia en la que los consumidores pueden crear papel de regalo personalizado, ilustrado con versiones de dibujos animados de ellos mismos. Te invitamos a estar pendiente de nuestras redes sociales y canales oficiales para conocer m\u00e1s detalles relacionados a esta experiencia.<\/p>\n\n\n\n<figure class=\"wp-block-gallery has-nested-images columns-default is-cropped wp-block-gallery-5 is-layout-flex wp-block-gallery-is-layout-flex\">\n<figure class=\"wp-block-image size-large\"><img decoding=\"async\" width=\"1024\" height=\"487\" data-id=\"1075893\" src=\"https:\/\/dimensionturistica.com\/es\/wp-content\/uploads\/2025\/11\/6-5-1024x487-1.jpg\" alt=\"\" class=\"wp-image-1075893\" srcset=\"https:\/\/dimensionturistica.com\/es\/wp-content\/uploads\/2025\/11\/6-5-1024x487-1.jpg 1024w, https:\/\/dimensionturistica.com\/es\/wp-content\/uploads\/2025\/11\/6-5-1024x487-1-300x143.jpg 300w, https:\/\/dimensionturistica.com\/es\/wp-content\/uploads\/2025\/11\/6-5-1024x487-1-768x365.jpg 768w, https:\/\/dimensionturistica.com\/es\/wp-content\/uploads\/2025\/11\/6-5-1024x487-1-750x357.jpg 750w\" sizes=\"(max-width: 1024px) 100vw, 1024px\" \/><\/figure>\n<\/figure>\n\n\n\n<p>&#8220;Este a\u00f1o, la ic\u00f3nica campa\u00f1a navide\u00f1a de Coca-Cola busca fomentar el merecido descanso para todos aquellos que trabajan incansablemente entre los bastidores para crear la magia de las fiestas&#8221;, dijo Islam ElDessouky, vicepresidente de Estrategia Creativa Global y Contenido de Coca-Cola. &#8220;Sobre la base de la campa\u00f1a del a\u00f1o pasado, esta evoluci\u00f3n encarna nuestro compromiso de elevar la conexi\u00f3n humana y los momentos inspiradores, especialmente durante la temporada navide\u00f1a&#8221;.<\/p>\n","protected":false},"excerpt":{"rendered":"<p>Coca-Cola presenta su querida campa\u00f1a navide\u00f1a para ayudar a los consumidores a refrescar su esp\u00edritu Navide\u00f1o y garantizar que las fiestas est\u00e9n llenas de momentos inspiradores para todos. Este a\u00f1o, Coca-Cola lanza la campa\u00f1a \u201cToma una Coca-Cola. Vive el Esp\u00edritu Navide\u00f1o\u201d para inspirar la conexi\u00f3n humana, convirtiendo el ajetreo de la temporada navide\u00f1a en momentos [&hellip;]<\/p>\n","protected":false},"author":1,"featured_media":0,"comment_status":"open","ping_status":"closed","sticky":false,"template":"","format":"standard","meta":{"om_disable_all_campaigns":false,"jnews-multi-image_gallery":[],"jnews_single_post":{"format":"standard"},"jnews_primary_category":[],"jnews_social_meta":[],"footnotes":""},"categories":[40],"tags":[],"class_list":["post-1075888","post","type-post","status-publish","format-standard","hentry","category-industria"],"_links":{"self":[{"href":"https:\/\/dimensionturistica.com\/es\/wp-json\/wp\/v2\/posts\/1075888","targetHints":{"allow":["GET"]}}],"collection":[{"href":"https:\/\/dimensionturistica.com\/es\/wp-json\/wp\/v2\/posts"}],"about":[{"href":"https:\/\/dimensionturistica.com\/es\/wp-json\/wp\/v2\/types\/post"}],"author":[{"embeddable":true,"href":"https:\/\/dimensionturistica.com\/es\/wp-json\/wp\/v2\/users\/1"}],"replies":[{"embeddable":true,"href":"https:\/\/dimensionturistica.com\/es\/wp-json\/wp\/v2\/comments?post=1075888"}],"version-history":[{"count":1,"href":"https:\/\/dimensionturistica.com\/es\/wp-json\/wp\/v2\/posts\/1075888\/revisions"}],"predecessor-version":[{"id":1075894,"href":"https:\/\/dimensionturistica.com\/es\/wp-json\/wp\/v2\/posts\/1075888\/revisions\/1075894"}],"wp:attachment":[{"href":"https:\/\/dimensionturistica.com\/es\/wp-json\/wp\/v2\/media?parent=1075888"}],"wp:term":[{"taxonomy":"category","embeddable":true,"href":"https:\/\/dimensionturistica.com\/es\/wp-json\/wp\/v2\/categories?post=1075888"},{"taxonomy":"post_tag","embeddable":true,"href":"https:\/\/dimensionturistica.com\/es\/wp-json\/wp\/v2\/tags?post=1075888"}],"curies":[{"name":"wp","href":"https:\/\/api.w.org\/{rel}","templated":true}]}}