{"id":1075871,"date":"2025-11-19T16:58:18","date_gmt":"2025-11-19T16:58:18","guid":{"rendered":"https:\/\/dimensionturistica.com\/es\/?p=1075871"},"modified":"2025-11-19T16:58:18","modified_gmt":"2025-11-19T16:58:18","slug":"conoce-todos-los-detalles-de-la-edicion-14-del-festival-de-cine-feratum","status":"publish","type":"post","link":"https:\/\/dimensionturistica.com\/es\/conoce-todos-los-detalles-de-la-edicion-14-del-festival-de-cine-feratum\/","title":{"rendered":"Conoce todos los detalles de la edici\u00f3n 14 del Festival de Cine Feratum"},"content":{"rendered":"\n<figure class=\"wp-block-gallery has-nested-images columns-default is-cropped wp-block-gallery-1 is-layout-flex wp-block-gallery-is-layout-flex\">\n<figure class=\"wp-block-image size-large\"><img decoding=\"async\" width=\"534\" height=\"240\" data-id=\"1075873\" src=\"https:\/\/dimensionturistica.com\/es\/wp-content\/uploads\/2025\/11\/2CINE.jpg\" alt=\"\" class=\"wp-image-1075873\" srcset=\"https:\/\/dimensionturistica.com\/es\/wp-content\/uploads\/2025\/11\/2CINE.jpg 534w, https:\/\/dimensionturistica.com\/es\/wp-content\/uploads\/2025\/11\/2CINE-300x135.jpg 300w\" sizes=\"(max-width: 534px) 100vw, 534px\" \/><\/figure>\n<\/figure>\n\n\n\n<p>El Festival Internacional de Cine Fant\u00e1stico, FERATUM, presenta&nbsp; los detalles de su 14\u00aa edici\u00f3n, que se realizar\u00e1 del 6 al 9 de noviembre de 2025 en el Pueblo M\u00e1gico de P\u00e1tzcuaro, consolid\u00e1ndose como uno de los principales festivales de cine de g\u00e9nero en Am\u00e9rica Latina.<\/p>\n\n\n\n<p>Celebra este a\u00f1o con una tem\u00e1tica en torno a los monstruos marinos: criaturas que han dejado una huella profunda en el imaginario del cine mundial.<\/p>\n\n\n\n<p>Durante la conferencia de prensa, Miguel \u00c1ngel Mar\u00edn, director y fundador de FERATUM, reafirm\u00f3 el compromiso del festival con la promoci\u00f3n, exhibici\u00f3n y apoyo a cineastas tanto emergentes como consolidados del cine de terror y fantas\u00eda, con un \u00e9nfasis especial en el talento mexicano.<\/p>\n\n\n\n<p>Este a\u00f1o, el festival rinde homenaje al cine nacional, otorgando a producciones mexicanas los espacios de apertura y clausura. La pel\u00edcula Seres, \u00f3pera prima de Sandro Arceo, ser\u00e1 la encargada de inaugurar la edici\u00f3n con su estreno mundial. Protagonizada por Dolores Heredia y Romanni Villica\u00f1a, esta historia de ciencia ficci\u00f3n nace de una experiencia personal del director: su encuentro con una mujer mayor en situaci\u00f3n de abandono, v\u00ednculo que inspir\u00f3 una profunda reflexi\u00f3n sobre la soledad, la empat\u00eda y los lazos invisibles que conectan a las personas; dando origen a una pel\u00edcula cargada de humanidad y misterio.<\/p>\n\n\n\n<p>Por su parte, la clausura estar\u00e1 a cargo de Estela, dirigida por Adri\u00e1n Araujo, proyecci\u00f3n que adem\u00e1s rinde homenaje p\u00f3stumo a su director. El filme narra la historia de Susana y Jorge, una pareja que se muda a una casa junto a un lago en busca de tranquilidad para tener un hijo, sin imaginar que ella comenzar\u00e1 a sentir la presencia de una ni\u00f1a que habita en el lugar. M\u00e1s all\u00e1 del terror sobrenatural, Estela es una exploraci\u00f3n \u00edntima sobre la p\u00e9rdida, el abandono y el amor incondicional por la vida.<\/p>\n\n\n\n<p>As\u00ed como el estreno del cortometraje &#8220;NO A TODOS LOS MUERTOS SE LES FESTEJA&#8221;, de Luis Angel Villa (YAYO)&nbsp; ganador al mejor guion en la competencia Plataforma en corto, en la pasada edici\u00f3n de Feratum.<\/p>\n\n\n\n<p>Dentro de las novedades de este a\u00f1o, FERATUM lanza el FERATUM PITCH HUB, en colaboraci\u00f3n con el equipo de Pitch Friendly, un espacio dedicado al desarrollo de proyectos cinematogr\u00e1ficos cuyo objetivo es profesionalizar a guionistas, directores y productores, brind\u00e1ndoles las herramientas necesarias para presentar sus propuestas de manera s\u00f3lida y competitiva. El Pitch Hub incluye un taller impartido por el reconocido escritor Pato Saiz. En la jornada final, los participantes presentar\u00e1n sus proyectos ante personalidades de la industria cinematogr\u00e1fica y representantes de casas productoras, donde tendr\u00e1n la oportunidad de obtener premios y apoyos para impulsar sus proyectos, en esta edici\u00f3n los participantes podr\u00e1n obtener apoyos de compa\u00f1\u00edas productoras: Tulip pictures, Lemon Estudios, el festival Cine Mujer, y del mercado audiovisual Ventana Sur.<\/p>\n\n\n\n<figure class=\"wp-block-gallery has-nested-images columns-default is-cropped wp-block-gallery-2 is-layout-flex wp-block-gallery-is-layout-flex\">\n<figure class=\"wp-block-image size-large\"><img decoding=\"async\" width=\"500\" height=\"375\" data-id=\"1075880\" src=\"https:\/\/dimensionturistica.com\/es\/wp-content\/uploads\/2025\/11\/1cine.jpg\" alt=\"\" class=\"wp-image-1075880\" srcset=\"https:\/\/dimensionturistica.com\/es\/wp-content\/uploads\/2025\/11\/1cine.jpg 500w, https:\/\/dimensionturistica.com\/es\/wp-content\/uploads\/2025\/11\/1cine-300x225.jpg 300w\" sizes=\"(max-width: 500px) 100vw, 500px\" \/><\/figure>\n<\/figure>\n\n\n\n<p>Mar\u00edn coment\u00f3 tambi\u00e9n sobre su participaci\u00f3n en la pasada edici\u00f3n del Festival de Sitges en Espa\u00f1a, reforz\u00f3 su alianza con dicho certamen a trav\u00e9s del FanPitch, un espacio dentro de la secci\u00f3n de industria donde se presentan proyectos en desarrollo,. Miguel \u00c1ngel Mar\u00edn, director de FERATUM, form\u00f3 parte del jurado escuchando propuestas de diversos pa\u00edses y finalmente otorg\u00f3 el Premio Residencia FERATUM 2026 al proyecto La Huida, de Irene Jim\u00e9nez y Johan Mart\u00ednez, que ser\u00e1 dirigido por Paul Urkijo. Cabe destacar que, como parte de esta colaboraci\u00f3n con Sitges, un proyecto de FERATUM tambi\u00e9n se present\u00f3 en el FanPitch, este a\u00f1o, fue el turno de Solo los monstruos, de M\u00f3nica Mateo, fortaleciendo as\u00ed los lazos entre ambos festivales y promoviendo el intercambio internacional de talento.<\/p>\n\n\n\n<p>Otro de los anuncios presentados por el festival fue la alianza con VENTANA SUR \u2013 VS FANTASTIC, uno de los mercados audiovisuales m\u00e1s importantes de Latinoam\u00e9rica, que se realiza en Argentina y Uruguay a trav\u00e9s de este acuerdo, ambas organizaciones impulsar\u00e1n un intercambio de premios para proyectos en desarrollo, los cuales ser\u00e1n presentados en sus respectivos programas, con apoyos de movilidad y oportunidades de conexi\u00f3n con otros festivales internacionales.<\/p>\n\n\n\n<p>Entre los anuncios m\u00e1s destacados de esta edici\u00f3n, el festival celebra la incorporaci\u00f3n de Cin\u00e9polis, la cadena de exhibici\u00f3n m\u00e1s importante del pa\u00eds, como sede oficial del festival presentada por Sala de Arte Cin\u00e9polis, en su complejo de P\u00e1tzcuaro; donde se proyectar\u00e1 la selecci\u00f3n oficial de largometrajes en competencia. Esta colaboraci\u00f3n simboliza la uni\u00f3n entre la industria y la cultura cinematogr\u00e1fica, ampliando el alcance del cine fant\u00e1stico a un p\u00fablico hacia nuevas audiencias.<\/p>\n\n\n\n<p>Por su parte, la directora de programaci\u00f3n Feratum, Naoura Broquet present\u00f3 la programaci\u00f3n y pel\u00edculas en competencia, ofreciendo una selecci\u00f3n de lo mejor del&nbsp; cine fant\u00e1stico internacional, con propuestas originales dise\u00f1adas para todos los amantes del g\u00e9nero con una selecci\u00f3n de 76 t\u00edtulos nacionales e internacionales, entre ellos, participan 58 cortometrajes, as\u00ed como 19 largometrajes mexicanos e internacionales. La programaci\u00f3n incluye producciones de 22 pa\u00edses que deleitar\u00e1n a la audiencia a una experiencia multicultural y \u00fanica en el g\u00e9nero.<\/p>\n\n\n\n<p>Secci\u00f3n Alucarda \u2013 Competencia Mexicana de Largometraje de Ficci\u00f3n<\/p>\n\n\n\n<p>Seres \u2013 Sandro Arceo Espinosa \u2013 M\u00e9xico \u2013 2024 &#8211; PREMIER MUNDIAL. Un joven ingeniero que intenta reparar a su androide amada mientras enfrenta su soledad y descubre el verdadero sentido de la empat\u00eda. Protagonizada por Dolores Heredia y Romanni Villica\u00f1a.<\/p>\n\n\n\n<p>Estela \u2013 Adri\u00e1n Araujo \u2013 M\u00e9xico \/ Espa\u00f1a \u2013 2024 &#8211; PREMIER M\u00c9XICO. Un drama de terror y suspenso que sigue a una pareja que busca iniciar una nueva vida junto a un lago, pero la llegada de lo sobrenatural transforma su hogar.<\/p>\n\n\n\n<p>Ella Vive en la Escuela \u2013 Samuel Crist\u00f3bal Montes de Oca Le\u00f3n \u2013 60 min \u2013 2025 PREMIER MUNDIAL &#8211; Coming of age donde lo sobrenatural se mezcla con los miedos propios de la adolescencia.<\/p>\n\n\n\n<p>Estridor \u2013 Julio Hern\u00e1ndez M\u00fajica \u2013 M\u00e9xico \u2013 2025 &#8211; PREMIER MUNDIAL. Un relato de horror psicol\u00f3gico sobre una joven que acepta cuidar a una mujer parapl\u00e9jica en una casa donde una entidad maligna ronda los pasillos.<\/p>\n\n\n\n<p>No Dejes a los Ni\u00f1os Solos \u2013 Emilio Portes \u2013 M\u00e9xico \u2013 2025. Esta pel\u00edcula llega a FERATUM despu\u00e9s de pisar varios de los festivales m\u00e1s importantes de g\u00e9nero como: Rotterdam, BIFF Bruselas, Fantaspoa, FICG Festival de cine en Guadalajara, Macabro, Scream Fest, y recientemente en el festival de Sitges. Una joven viuda, se ve obligada a dejar a sus hijos a solas por unas cuantas horas sin saber que ALGO les har\u00e1 creer, a cada quien por separado, que su hermano lo quiere matar para volverse el hijo \u00fanico y favorito.<\/p>\n\n\n\n<p>Secci\u00f3n Muestra de Largometraje Mexicano de Ficci\u00f3n<\/p>\n\n\n\n<p>#Rats \u2013 Carlos Trujano \u2013 M\u00e9xico &#8211;&nbsp; una producci\u00f3n poblana de gran creatividad. Este thriller dram\u00e1tico explora c\u00f3mo las redes sociales influyen en la percepci\u00f3n p\u00fablica y expone la corrupci\u00f3n de las instituciones culturales<\/p>\n\n\n\n<p>Verano Trippin \u2013 Morena Fern\u00e1ndez Quinteris \u2013 Argentina- PREMIER M\u00c9XICO &#8211; Este drama coming-of-age sigue a dos adolescentes que venden marihuana para escapar de su pueblo en la Patagonia<\/p>\n\n\n\n<p>Zinnia \u2013 Noel D\u00edaz, Claudio Moreno- M\u00e9xico&nbsp; \u2013 PREMIER M\u00c9XICO- Zinnia, una mujer ciega de nacimiento, esconde una espada en su bast\u00f3n para defenderse.<\/p>\n\n\n\n<p>Confines Fant\u00e1sticos: Competencia Internacional e Iberoamericana de Largometraje<\/p>\n\n\n\n<p>Adorable Humans \u2013 Anders Jon, Michael Kunov, Kasper Juhl, Michael Panduro \u2013 Dinamarca \u2013 2025 &#8211; PREMIER M\u00c9XICO. Cuatro relatos interconectados inspirados en cuentos de Hans Christian Andersen con un tono de horror psicol\u00f3gico y fantas\u00eda contempor\u00e1nea.<\/p>\n\n\n\n<p>Bi\u00f3nica \u2013 Sebasti\u00e1n Perillo \u2013 Argentina \u2013 2024- Una mujer cuadripl\u00e9jica se somete a un proceso experimental de reconstrucci\u00f3n mediante inteligencia artificial, desatando un thriller \u00e9tico y filos\u00f3fico sobre los l\u00edmites de la humanidad.<\/p>\n\n\n\n<p>Deus Irae \u2013 Pedro Cristiani \u2013 Argentina \u2013 2023\/2024 &#8211; Un tr\u00edo de sacerdotes excomulgados se dedica a exorcizar demonios, en un intenso thriller sobrenatural que cuestiona la frontera entre la fe y la oscuridad.<\/p>\n\n\n\n<p>El Ritual de Lily \u2013 Manu Herrera \u2013 Espa\u00f1a \u2013 2025. Un grupo de amigas realiza un ritual de brujer\u00eda en el equinoccio de oto\u00f1o que pronto se convierte en una pesadilla.<\/p>\n\n\n\n<p>La Virgen de la Tosquera \u2013 Laura Casab\u00e9 \u2013 Argentina \/ Espa\u00f1a \u2013 2025 &#8211; F\u00e1bula adolescente ambientada en el convulso verano argentino de 2001 mezcla terror g\u00f3tico y drama social, donde el miedo habita en los deseos reprimidos.<\/p>\n\n\n\n<p>Nico \u2013 Salom\u00f3n Reyes \u2013 Uruguay \u2013 2025 &#8211; PREMIER M\u00c9XICO &#8211; Una madre re\u00fane a su familia en el bosque donde muri\u00f3 su hijo tres a\u00f1os atr\u00e1s, para realizar un ritual que podr\u00eda traerlo de vuelta. Terror sobrenatural con tintes rituales y atm\u00f3sfera inquietante.<\/p>\n\n\n\n<p>Retratos del Apocalipsis \u2013 Fabi\u00e1n Forte, Nicanor Loreti, Luca Castello \u2013 Argentina \u2013 2024 &#8211; Cuatro historias de zombies interconectadas que muestran la ca\u00edda de Buenos Aires en clave de comedia y horror, con humor negro y cr\u00edtica social.<\/p>\n\n\n\n<p>Shaman \u2013 Antonio Negret \u2013 Ecuador \/ USA \u2013 2025 &#8211; Una misionera en Ecuador enfrenta el conflicto entre la fe occidental y las creencias ind\u00edgenas cuando su hijo es pose\u00eddo por una entidad ancestral. Un potente choque espiritual entre dos mundos.<\/p>\n\n\n\n<p>The Rows \u2013 Seth Daly \u2013 USA \u2013 2025 &#8211; PREMIER M\u00c9XICO &#8211; Una ni\u00f1a despierta en un campo de ma\u00edz sin recordar c\u00f3mo lleg\u00f3 ah\u00ed. Perseguida por asesinos enmascarados.<\/p>\n\n\n\n<p>We Put the World to Sleep \u2013 Adrian \u021aofei \u2013 Rumania \/ Turqu\u00eda \u2013 2025 &#8211; PREMIER M\u00c9XICO &#8211; Dos actores se sumergen tanto en su pel\u00edcula apocal\u00edptica que terminan queriendo provocar el fin del mundo en la vida real.<\/p>\n\n\n\n<p>Welcome to Kittytown \u2013 Douglas James Luciuk \u2013 Canad\u00e1 \u2013 2024 -PREMIER M\u00c9XICO &#8211; Una historia postapocal\u00edptica donde dos hombres buscan refugio en un mundo devastado.<\/p>\n\n\n\n<p>Para conocer toda la programaci\u00f3n de este a\u00f1o, cortometrajes, fichas t\u00e9cnicas, cartel y sinopsis accede a www.www.feratumfilmfest.com<\/p>\n\n\n\n<p>En esta edici\u00f3n, contaremos con un distinguido jurado compuesto por expertos que evaluar\u00e1n las diferentes secciones competitivas del festival, quienes aportar\u00e1n su visi\u00f3n cr\u00edtica a las obras presentadas. El jurado est\u00e1 conformado por: Alejandra C\u00e1rdenas, Juan Carlos Lazo y \u00c1lvaro Gonz\u00e1lez Kuhn en la secci\u00f3n de largometraje mexicano; Valentina Lell\u00edn, Dami\u00e1n Carretero e Isaac Toussier en la secci\u00f3n de largometraje \u201cConfines Fant\u00e1sticos\u201d; Carlos Morett, Daniel Escobedo y Javier Attridge en la secci\u00f3n de cortometraje mexicano; D\u00eddac Gimeno, Cristiano Sousa y Adri\u00e1n G, de la Pe\u00f1a en la secci\u00f3n de cortometraje internacional; Leopoldo Aguilar, Jorge A. Estrada y Heriberto Manzanares en la secci\u00f3n de cortometraje de animaci\u00f3n.<\/p>\n\n\n\n<p>Actividades<\/p>\n\n\n\n<p>Este a\u00f1o, FERATUM suma a sus actividades de formaci\u00f3n y desarrollo cinematogr\u00e1fico el panel \u201cLa distribuci\u00f3n de cine: el monstruo m\u00e1s temido\u201d,&nbsp; conformado por distribuidores de cine independiente; Fernando Montes de Oca (Benuca Films), Alvaro Gonz\u00e1lez Kuhn y Adriana Ortega (Cinenauta) compartir\u00e1n su experiencia abordando los retos, estrategias y oportunidades que enfrentan las pel\u00edculas independientes en su camino hacia las salas y plataformas.<\/p>\n\n\n\n<p>La &nbsp;tradicional marcha de las bestias &nbsp;2025<\/p>\n\n\n\n<p>Como cada a\u00f1o, se invita al p\u00fablico a liberar a sus criaturas interiores y sumarse a la legendaria \u201cMarcha de las Bestias\u201d, que se llevar\u00e1 a cabo el 7 de noviembre a las 18:00 horas, recorriendo las principales calles del centro hist\u00f3rico de P\u00e1tzcuaro. Considerado uno de los eventos m\u00e1s esperados y espectaculares del festival, este desfile transforma la ciudad en un reino de fantas\u00eda y horror: demonios, seres mitol\u00f3gicos, monstruos cl\u00e1sicos y personajes del cine fant\u00e1stico acompa\u00f1ados de m\u00fasica y antorchas toman las calles en un carnaval nocturno.<\/p>\n\n\n\n<p>Durante su 14\u00aa edici\u00f3n, FERATUM transforma a P\u00e1tzcuaro en el epicentro mundial del cine fant\u00e1stico, un escenario donde la tradici\u00f3n, el misterio y lo sobrenatural se funden con la magia del s\u00e9ptimo arte. Este pueblo m\u00e1gico, envuelto en historia y leyendas, recibe a cineastas, actores y fan\u00e1ticos de todo el mundo, consolid\u00e1ndose como el lugar perfecto para celebrar lo enigm\u00e1tico, lo m\u00edtico y lo oscuro.<\/p>\n\n\n\n<p>Durante la conferencia estuvieron presentes los realizadores y talentos que dar\u00e1n vida a esta edici\u00f3n dedicada al horror acu\u00e1tico y al cine fant\u00e1stico contempor\u00e1neo.<\/p>\n\n\n\n<p>El guionista y productor Pato Saiz present\u00f3 el proyecto Pitch Friendly, una iniciativa de vinculaci\u00f3n creativa entre escritores y productores: \u201cNuestra intenci\u00f3n con Pitch Friendly es crear una especie de Tinder narrativo que conecte a productores que buscan nuevas historias con guionistas que tienen ideas frescas. Muchas veces un gran proyecto nunca llega a existir porque le falta una estrategia de venta; nosotros ayudamos a ponerle la m\u00e1scara y el machete, para que algo aparentemente inofensivo se convierta en el asesino perfecto\u201d, explic\u00f3<\/p>\n\n\n\n<p>El festival tambi\u00e9n cont\u00f3 con la presencia del director Sandro Arceo Espinosa, responsable de la pel\u00edcula inaugural Seres, quien comparti\u00f3: \u201cSeres es un retrato \u00edntimo sobre las desconexiones humanas y c\u00f3mo la tecnolog\u00eda se alimenta de ellas. Es un gran honor inaugurar FERATUM con esta historia protagonizada por Dolores Heredia y Romanni Villica\u00f1a, y presentarla en su premier mundial. Ojal\u00e1 el p\u00fablico se reconozca en esas grietas invisibles que nos separan.\u201d<\/p>\n\n\n\n<p>Asimismo, estuvieron presentes Meteora Fontana y Cristian Gamero, protagonistas de Estela, \u00f3pera prima del fallecido Adri\u00e1n Araujo<\/p>\n","protected":false},"excerpt":{"rendered":"<p>El Festival Internacional de Cine Fant\u00e1stico, FERATUM, presenta&nbsp; los detalles de su 14\u00aa edici\u00f3n, que se realizar\u00e1 del 6 al 9 de noviembre de 2025 en el Pueblo M\u00e1gico de P\u00e1tzcuaro, consolid\u00e1ndose como uno de los principales festivales de cine de g\u00e9nero en Am\u00e9rica Latina. Celebra este a\u00f1o con una tem\u00e1tica en torno a los [&hellip;]<\/p>\n","protected":false},"author":1,"featured_media":0,"comment_status":"open","ping_status":"closed","sticky":false,"template":"","format":"standard","meta":{"om_disable_all_campaigns":false,"jnews-multi-image_gallery":[],"jnews_single_post":[],"jnews_primary_category":[],"jnews_social_meta":[],"footnotes":""},"categories":[40],"tags":[],"class_list":["post-1075871","post","type-post","status-publish","format-standard","hentry","category-industria"],"_links":{"self":[{"href":"https:\/\/dimensionturistica.com\/es\/wp-json\/wp\/v2\/posts\/1075871","targetHints":{"allow":["GET"]}}],"collection":[{"href":"https:\/\/dimensionturistica.com\/es\/wp-json\/wp\/v2\/posts"}],"about":[{"href":"https:\/\/dimensionturistica.com\/es\/wp-json\/wp\/v2\/types\/post"}],"author":[{"embeddable":true,"href":"https:\/\/dimensionturistica.com\/es\/wp-json\/wp\/v2\/users\/1"}],"replies":[{"embeddable":true,"href":"https:\/\/dimensionturistica.com\/es\/wp-json\/wp\/v2\/comments?post=1075871"}],"version-history":[{"count":1,"href":"https:\/\/dimensionturistica.com\/es\/wp-json\/wp\/v2\/posts\/1075871\/revisions"}],"predecessor-version":[{"id":1075881,"href":"https:\/\/dimensionturistica.com\/es\/wp-json\/wp\/v2\/posts\/1075871\/revisions\/1075881"}],"wp:attachment":[{"href":"https:\/\/dimensionturistica.com\/es\/wp-json\/wp\/v2\/media?parent=1075871"}],"wp:term":[{"taxonomy":"category","embeddable":true,"href":"https:\/\/dimensionturistica.com\/es\/wp-json\/wp\/v2\/categories?post=1075871"},{"taxonomy":"post_tag","embeddable":true,"href":"https:\/\/dimensionturistica.com\/es\/wp-json\/wp\/v2\/tags?post=1075871"}],"curies":[{"name":"wp","href":"https:\/\/api.w.org\/{rel}","templated":true}]}}