{"id":1075801,"date":"2025-11-19T15:14:10","date_gmt":"2025-11-19T15:14:10","guid":{"rendered":"https:\/\/dimensionturistica.com\/es\/?p=1075801"},"modified":"2025-11-19T15:14:10","modified_gmt":"2025-11-19T15:14:10","slug":"skal-ciudad-de-mexico-invita-a-organismos-afines-al-turismo-para-que-se-conviertan-en-socios-activos","status":"publish","type":"post","link":"https:\/\/dimensionturistica.com\/es\/skal-ciudad-de-mexico-invita-a-organismos-afines-al-turismo-para-que-se-conviertan-en-socios-activos\/","title":{"rendered":"Sk\u00e5l Ciudad de M\u00e9xico invita a organismos afines al turismo para que se conviertan en socios activos"},"content":{"rendered":"\n<p><\/p>\n\n\n\n<figure class=\"wp-block-gallery has-nested-images columns-default is-cropped wp-block-gallery-1 is-layout-flex wp-block-gallery-is-layout-flex\">\n<figure class=\"wp-block-image size-large\"><img decoding=\"async\" width=\"500\" height=\"139\" data-id=\"1075816\" src=\"https:\/\/dimensionturistica.com\/es\/wp-content\/uploads\/2025\/11\/1SKAL.jpg\" alt=\"\" class=\"wp-image-1075816\" srcset=\"https:\/\/dimensionturistica.com\/es\/wp-content\/uploads\/2025\/11\/1SKAL.jpg 500w, https:\/\/dimensionturistica.com\/es\/wp-content\/uploads\/2025\/11\/1SKAL-300x83.jpg 300w\" sizes=\"(max-width: 500px) 100vw, 500px\" \/><\/figure>\n<\/figure>\n\n\n\n<p><strong>Por Victoria Gonz\u00e1lez Prado<\/strong><\/p>\n\n\n\n<p>Sk\u00e5l Ciudad de M\u00e9xico, agrupaci\u00f3n que dirige Cristina V\u00e1zquez, junto con el Comit\u00e9 de Desarrollo de Membres\u00edas, convoc\u00f3 a continuar fortaleciendo la asociaci\u00f3n por lo que invit\u00f3 a los socios Sk\u00e5llegas a invitar a miembros de organismos afines al turismo para que se conviertan en socios activos y lograr as\u00ed fortalecer Sk\u00e5l Ciudad de M\u00e9xico.<\/p>\n\n\n\n<figure class=\"wp-block-gallery has-nested-images columns-default is-cropped wp-block-gallery-2 is-layout-flex wp-block-gallery-is-layout-flex\">\n<figure class=\"wp-block-image size-large\"><img decoding=\"async\" width=\"654\" height=\"1024\" data-id=\"1075817\" src=\"https:\/\/dimensionturistica.com\/es\/wp-content\/uploads\/2025\/11\/2-654x1024.jpg\" alt=\"\" class=\"wp-image-1075817\" srcset=\"https:\/\/dimensionturistica.com\/es\/wp-content\/uploads\/2025\/11\/2-654x1024.jpg 654w, https:\/\/dimensionturistica.com\/es\/wp-content\/uploads\/2025\/11\/2-192x300.jpg 192w, https:\/\/dimensionturistica.com\/es\/wp-content\/uploads\/2025\/11\/2.jpg 700w\" sizes=\"(max-width: 654px) 100vw, 654px\" \/><\/figure>\n<\/figure>\n\n\n\n<p>Cristina V\u00e0zquez, al hacer uso de la palabra, agradeci\u00f3 a Isabel, Jose Carlos y Daniel Dopazo, ser los anfitriones en representaci\u00f3n del sk\u00e5lega Carlos Dopazo y as\u00ed dio la bienvenida a todos para luego recordar la importancia de pertenecer al organismo, las ventajas de itneractuar con Sk\u00e5llegas de todo el mundo y la garantia de confianza que brinda la agrupaci\u00f3n. &nbsp;<\/p>\n\n\n\n<figure class=\"wp-block-gallery has-nested-images columns-default is-cropped wp-block-gallery-3 is-layout-flex wp-block-gallery-is-layout-flex\">\n<figure class=\"wp-block-image size-large\"><img decoding=\"async\" width=\"616\" height=\"1024\" data-id=\"1075818\" src=\"https:\/\/dimensionturistica.com\/es\/wp-content\/uploads\/2025\/11\/1-616x1024.jpg\" alt=\"\" class=\"wp-image-1075818\" srcset=\"https:\/\/dimensionturistica.com\/es\/wp-content\/uploads\/2025\/11\/1-616x1024.jpg 616w, https:\/\/dimensionturistica.com\/es\/wp-content\/uploads\/2025\/11\/1-180x300.jpg 180w, https:\/\/dimensionturistica.com\/es\/wp-content\/uploads\/2025\/11\/1.jpg 700w\" sizes=\"(max-width: 616px) 100vw, 616px\" \/><\/figure>\n<\/figure>\n\n\n\n<p>La presidente de Sk\u00e5l Ciudad de M\u00e9xico se\u00f1al\u00f3 que los miembros de la asociaci\u00f3n brindan experiencia y conocimiento a los nuevos socios con la intenci\u00f3n de beneficiar a la industria tur\u00edstica del pa\u00eds, que, sin duda, es muy importante para la econom\u00eda nacional\u201d.<\/p>\n\n\n\n<figure class=\"wp-block-gallery has-nested-images columns-default is-cropped wp-block-gallery-4 is-layout-flex wp-block-gallery-is-layout-flex\">\n<figure class=\"wp-block-image size-large\"><img decoding=\"async\" width=\"500\" height=\"868\" data-id=\"1075819\" src=\"https:\/\/dimensionturistica.com\/es\/wp-content\/uploads\/2025\/11\/4.jpg\" alt=\"\" class=\"wp-image-1075819\" srcset=\"https:\/\/dimensionturistica.com\/es\/wp-content\/uploads\/2025\/11\/4.jpg 500w, https:\/\/dimensionturistica.com\/es\/wp-content\/uploads\/2025\/11\/4-173x300.jpg 173w\" sizes=\"(max-width: 500px) 100vw, 500px\" \/><\/figure>\n<\/figure>\n\n\n\n<p>Por ello, Cristina invit\u00f3 a los profesionales del turismo a ser socios y dijo: \u201cagradezco su presencia en esta reuni\u00f3n de presentaci\u00f3n de Sk\u00e5l. Su compa\u00f1\u00eda y apoyo son fundamentales para difundir los valores y objetivos de nuestra organizaci\u00f3n, y para dar a conocer las oportunidades que ofrece esta gran red global de empresarios y profesionales l\u00edderes del turismo.<\/p>\n\n\n\n<p>Asimismo, se refiri\u00f3 a las conferencias de capacitaci\u00f3n y apoyo solidario mediante el Fondo Florimond Volckaert (fundador de Sk\u00e5l Internacional), acciones de sostenibilidad y el Congreso Mundial que se realiza cada a\u00f1o. Reuniones que benefician a todos los integrantes de Sk\u00e5l Ciudad de M\u00e9xico.<\/p>\n\n\n\n<figure class=\"wp-block-gallery has-nested-images columns-default is-cropped wp-block-gallery-5 is-layout-flex wp-block-gallery-is-layout-flex\">\n<figure class=\"wp-block-image size-large\"><img decoding=\"async\" width=\"500\" height=\"281\" data-id=\"1075821\" src=\"https:\/\/dimensionturistica.com\/es\/wp-content\/uploads\/2025\/11\/3SKAL.jpg\" alt=\"\" class=\"wp-image-1075821\" srcset=\"https:\/\/dimensionturistica.com\/es\/wp-content\/uploads\/2025\/11\/3SKAL.jpg 500w, https:\/\/dimensionturistica.com\/es\/wp-content\/uploads\/2025\/11\/3SKAL-300x169.jpg 300w\" sizes=\"(max-width: 500px) 100vw, 500px\" \/><\/figure>\n<\/figure>\n\n\n\n<p>De igual forma, reiter\u00f3: \u201csu grata compa\u00f1\u00eda y apoyo son fundamentales, queremos que m\u00e1s personas conozcan las oportunidades que ofrece esta gran red global de empresarios y profesionales l\u00edderes del turismo para que se asocien y empiecen a<\/p>\n\n\n\n<p>conocer los grandes beneficios.<\/p>\n\n\n\n<p>As\u00ed, dio pas\u00f3 a Julio Laguna, vicepresidente de Sk\u00e5l Ciudad de M\u00e9xico,&nbsp;quien dio a conocer detalles de la asociaci\u00f3n y record\u00f3: \u201cSk\u00e5l es una organizaci\u00f3n fundada en 1934 que cuenta con 12 mil 600 miembros y m\u00e1s de 300 clubes en 84 pa\u00edses. En M\u00e9xico nuestro club surgi\u00f3 en 1950 y ha evolucionado como una red diversa, joven e incluyente que impulsa la colaboraci\u00f3n en todas las \u00e1reas del turismo.<\/p>\n\n\n\n<p>\u201cContamos con m\u00e1s de 80 asociados. Fuimos el primer Club Sk\u00e5l de los 27 que hay en M\u00e9xico, en elegir una presidente. Somos la \u00fanica organizaci\u00f3n mundial que abarca todas las \u00e1reas del turismo, directores y gerentes de la industria tur\u00edstica, promoviendo el profesionalismo y el desarrollo del sector. Tienen cabida spas, atracciones, museos y gastronom\u00eda, aerol\u00edneas, cruceros, ferrocarriles, agencias de viajes, organizadores de ventos, DMCs, mayoristas, consultores, aseguradoras, aeropuertos, agencias de viajes, apartamentos tur\u00edsticos.<\/p>\n\n\n\n<figure class=\"wp-block-gallery has-nested-images columns-default is-cropped wp-block-gallery-6 is-layout-flex wp-block-gallery-is-layout-flex\">\n<figure class=\"wp-block-image size-large\"><img decoding=\"async\" width=\"500\" height=\"373\" data-id=\"1075822\" src=\"https:\/\/dimensionturistica.com\/es\/wp-content\/uploads\/2025\/11\/2SKAL.jpg\" alt=\"\" class=\"wp-image-1075822\" srcset=\"https:\/\/dimensionturistica.com\/es\/wp-content\/uploads\/2025\/11\/2SKAL.jpg 500w, https:\/\/dimensionturistica.com\/es\/wp-content\/uploads\/2025\/11\/2SKAL-300x224.jpg 300w\" sizes=\"(max-width: 500px) 100vw, 500px\" \/><\/figure>\n<\/figure>\n\n\n\n<p>\u201cTambi\u00e9n,&nbsp; tour operadores, asociaciones hoteleras, asociaciones de l\u00edneas a\u00e9reas, atracciones tur\u00edsticas, autobuses, cadenas hoteleras, campings,&nbsp; ciudades de vacaciones, centros de congresos y convenciones, clubes de golf, consultor\u00edas tur\u00edsticas, cruceros y transbordadores mar\u00edtimos,&nbsp;&nbsp; formaci\u00f3n en turismo, gesti\u00f3n de destinos tur\u00edsticos, IATA, medios, moteles, operaciones de navegaci\u00f3n, organizaciones tur\u00edsticas, organizadores profesionales de congresos\/eventos, proveedores de empresas tur\u00edsticas (bienes, servicios y tecnolog\u00eda), restaurantes, sistemas de<\/p>\n\n\n\n<p>reservas, travel brokers, turismo deportivo, turismo m\u00e9dico y veh\u00edculos de alquiler.<\/p>\n\n\n\n<p>Laguna destac\u00f3 que los miembros de Sk\u00e5l Ciudad de M\u00e9xico se re\u00fanen mensualmente para discutir temas de inter\u00e9s, compartir experiencias y generar oportunidades de negocio en ambiente de confianza y camarader\u00eda. Nuestro lema es hacer negocios entre amigos, en el que primero somos amigos y luego hacemos negocio, reflejando el esp\u00edritu de colaboraci\u00f3n que distingue al Club. &nbsp;<\/p>\n\n\n\n<p>\u201cSer parte de Sk\u00e5l es oportunidad \u00fanica para conectar con los l\u00edderes de la industria tur\u00edstica y fortalecer la red de negocios a nivel global, dentro de un entorno profesional y de amistad, &nbsp;<\/p>\n\n\n\n<figure class=\"wp-block-gallery has-nested-images columns-default is-cropped wp-block-gallery-7 is-layout-flex wp-block-gallery-is-layout-flex\">\n<figure class=\"wp-block-image size-large\"><img decoding=\"async\" width=\"500\" height=\"300\" data-id=\"1075823\" src=\"https:\/\/dimensionturistica.com\/es\/wp-content\/uploads\/2025\/11\/4SKAL.jpg\" alt=\"\" class=\"wp-image-1075823\" srcset=\"https:\/\/dimensionturistica.com\/es\/wp-content\/uploads\/2025\/11\/4SKAL.jpg 500w, https:\/\/dimensionturistica.com\/es\/wp-content\/uploads\/2025\/11\/4SKAL-300x180.jpg 300w\" sizes=\"(max-width: 500px) 100vw, 500px\" \/><\/figure>\n<\/figure>\n\n\n\n<p>Coment\u00f3 que Sk\u00e5l Internacional mantiene afiliaciones y fuertes lazos de uni\u00f3n con varias orgnizacionesa afines decididas a ayudar a impular el cambio global y a cooperar estrechamente en asuntos de inter\u00e9s mutuo con el fin de alcanzar objetivos comunes y, adem\u00e1s, es miembro afiliado de ONU Turismo desde 1984 y ha sido<\/p>\n\n\n\n<p>miembro de la Junta Directiva de Miembros afiliados entre 2019 y 2021.<\/p>\n\n\n\n<p>Ser parte de Sk\u00e5l permite a los socios mantenerse actulizados sobre las tendencias mundiales tur\u00edsticas a traves de Newsletters, revistas online, p\u00e1gina web, redes sociales y la App de Sk\u00e5l.<\/p>\n\n\n\n<p>Por otro lado, Julio Laguna, se refiri\u00f3 a los premios Sk\u00e5l International Sustainable Tourism, \u201creconocen la excelencia en sostenibilidad en toda la industria tur\u00edstica mundial. Estos fueron creados en 2002 para promover el turismo responsible y destacan las iniciativas innovadoras y de impato que equilibran la sostenibilidad mediaoambiental, social y econ\u00f3mica\u201d, concluy\u00f3.<\/p>\n\n\n\n<p>Isabel Dopazo, al hacer uso de la palabra invit\u00f3 a todos los ah\u00ed reunidos a disfrutar la reuni\u00f3n y dijo, a nombre de mi esposo Carlos, que en esta ocasi\u00f3n no pudo acudir y es miembro activo de Sk\u00e5l, les doy la m\u00e1s cordial bienvenida a todos los socios, La terraza donde estamos es de muy reciente construcci\u00f3n y se ha convertido en lugar de reuni\u00f3n de muchos hu\u00e9spedes y tambi\u00e9n sitio de encuentros privados.<\/p>\n\n\n\n<p>Los invito a disfrutar.<\/p>\n\n\n\n<figure class=\"wp-block-gallery has-nested-images columns-default is-cropped wp-block-gallery-8 is-layout-flex wp-block-gallery-is-layout-flex\">\n<figure class=\"wp-block-image size-large\"><img decoding=\"async\" width=\"500\" height=\"920\" data-id=\"1075824\" src=\"https:\/\/dimensionturistica.com\/es\/wp-content\/uploads\/2025\/11\/8SKAL.jpg\" alt=\"\" class=\"wp-image-1075824\" srcset=\"https:\/\/dimensionturistica.com\/es\/wp-content\/uploads\/2025\/11\/8SKAL.jpg 500w, https:\/\/dimensionturistica.com\/es\/wp-content\/uploads\/2025\/11\/8SKAL-163x300.jpg 163w\" sizes=\"(max-width: 500px) 100vw, 500px\" \/><\/figure>\n<\/figure>\n\n\n\n<p>De igual forma, Jos\u00e9 Carlos Dopazo Jr., dijo: agradezco a Cristina V\u00e1zquez, presidente de Sk\u00e5l Ciudad de M\u00e9xico por estar hoy aqu\u00ed con socios e invitados. Esta es y ser\u00e1 siempre su casa, luego se refiri\u00f3 a las bondades del hotel ubicado estrat\u00e9gicamente en el centro de la ciudad.<\/p>\n\n\n\n<p>Todas las habitaciones cuentan wifi y est\u00e1n dise\u00f1adas para viajeros que necesitan trabajar o relajarse despu\u00e9s de un d\u00eda explorando algunos sitios de la capital o el centro.<\/p>\n\n\n\n<p>Aqu\u00ed contamos con gimnasio equipado con \u00e1rea de hidrataci\u00f3n y toallas. Desayuno Americano de cortes\u00eda o, si lo prefieren servicio a la habitaci\u00f3n. Estamos muy cerca de Avenida Ju\u00e1rez, la Alameda Central, la calle Madero, el Palacio de Bellas Artes, el Teatro Hidalgo, el Teatro Metropolitan y la Torre Latinoamericana.<\/p>\n","protected":false},"excerpt":{"rendered":"<p>Por Victoria Gonz\u00e1lez Prado Sk\u00e5l Ciudad de M\u00e9xico, agrupaci\u00f3n que dirige Cristina V\u00e1zquez, junto con el Comit\u00e9 de Desarrollo de Membres\u00edas, convoc\u00f3 a continuar fortaleciendo la asociaci\u00f3n por lo que invit\u00f3 a los socios Sk\u00e5llegas a invitar a miembros de organismos afines al turismo para que se conviertan en socios activos y lograr as\u00ed fortalecer [&hellip;]<\/p>\n","protected":false},"author":1,"featured_media":0,"comment_status":"open","ping_status":"closed","sticky":false,"template":"","format":"standard","meta":{"om_disable_all_campaigns":false,"jnews-multi-image_gallery":[],"jnews_single_post":{"format":"standard"},"jnews_primary_category":[],"jnews_social_meta":[],"footnotes":""},"categories":[39],"tags":[],"class_list":["post-1075801","post","type-post","status-publish","format-standard","hentry","category-viajes"],"_links":{"self":[{"href":"https:\/\/dimensionturistica.com\/es\/wp-json\/wp\/v2\/posts\/1075801","targetHints":{"allow":["GET"]}}],"collection":[{"href":"https:\/\/dimensionturistica.com\/es\/wp-json\/wp\/v2\/posts"}],"about":[{"href":"https:\/\/dimensionturistica.com\/es\/wp-json\/wp\/v2\/types\/post"}],"author":[{"embeddable":true,"href":"https:\/\/dimensionturistica.com\/es\/wp-json\/wp\/v2\/users\/1"}],"replies":[{"embeddable":true,"href":"https:\/\/dimensionturistica.com\/es\/wp-json\/wp\/v2\/comments?post=1075801"}],"version-history":[{"count":1,"href":"https:\/\/dimensionturistica.com\/es\/wp-json\/wp\/v2\/posts\/1075801\/revisions"}],"predecessor-version":[{"id":1075825,"href":"https:\/\/dimensionturistica.com\/es\/wp-json\/wp\/v2\/posts\/1075801\/revisions\/1075825"}],"wp:attachment":[{"href":"https:\/\/dimensionturistica.com\/es\/wp-json\/wp\/v2\/media?parent=1075801"}],"wp:term":[{"taxonomy":"category","embeddable":true,"href":"https:\/\/dimensionturistica.com\/es\/wp-json\/wp\/v2\/categories?post=1075801"},{"taxonomy":"post_tag","embeddable":true,"href":"https:\/\/dimensionturistica.com\/es\/wp-json\/wp\/v2\/tags?post=1075801"}],"curies":[{"name":"wp","href":"https:\/\/api.w.org\/{rel}","templated":true}]}}