{"id":1075464,"date":"2025-11-19T00:26:00","date_gmt":"2025-11-19T00:26:00","guid":{"rendered":"https:\/\/dimensionturistica.com\/es\/?p=1075464"},"modified":"2025-11-19T00:26:00","modified_gmt":"2025-11-19T00:26:00","slug":"deseos-de-peregrinacion-del-papa-leon-xiv-fatima-mexico-peru-argentina-y-uruguay","status":"publish","type":"post","link":"https:\/\/dimensionturistica.com\/es\/deseos-de-peregrinacion-del-papa-leon-xiv-fatima-mexico-peru-argentina-y-uruguay\/","title":{"rendered":"Deseos de peregrinaci\u00f3n del Papa Le\u00f3n XIV: F\u00e1tima, M\u00e9xico, Per\u00fa, Argentina y Uruguay."},"content":{"rendered":"<h3>Un Viaje a las Ra\u00edces de la Fe: Los Destinos que Inspiran al Papado<\/h3>\n<p>En el vasto y variado panorama de los viajes, algunos destinos destacan no solo por su belleza natural, sino por su profunda carga espiritual. Uno de los l\u00edderes m\u00e1s influyentes del mundo, y sin duda una figura clave en el \u00e1mbito religioso, tiene su propia lista de lugares que anhela visitar. Con un enfoque en la devoci\u00f3n y el legado, se iluminan varios destinos que podr\u00edan atraer tanto a los peregrinos como a los viajeros curiosos.<\/p>\n<h4>F\u00e1tima: Un Santuario de Esperanza<\/h4>\n<p>F\u00e1tima, Portugal, es un lugar que encapsula el fervor de la fe cristiana. Este peque\u00f1o pueblo, que se ha convertido en un centro de peregrinaci\u00f3n mundial, atrae a millones cada a\u00f1o que vienen a rendir homenaje a las apariciones de la Virgen Mar\u00eda. Las impresionantes bas\u00edlicas y el aura de paz que se respira en el santuario hacen de F\u00e1tima un lugar donde la oraci\u00f3n y la reflexi\u00f3n florecen. Cada rinc\u00f3n cuenta una historia, y cada visitante se lleva consigo un pedacito de esperanza.<\/p>\n<h4>M\u00e9xico: Color, Cultura y Espiritualidad<\/h4>\n<p>M\u00e9xico, con su rica herencia cultural y su vibrante diversidad, es otro de los destinos so\u00f1ado por el actual Papa. Volcanes majestuosos y ciudades coloniales hacen que este pa\u00eds sea un cofre de tesoros hist\u00f3ricos y espirituales. Desde la Bas\u00edlica de Guadalupe, donde se venera la imagen de la Virgen de Guadalupe, hasta las impresionantes ruinas mayas en el sur, M\u00e9xico ofrece un viaje que entrelaza la historia con la fe. Los festejos, las tradiciones y la calidez de su gente son un reflejo del amor por la vida que caracteriza a esta naci\u00f3n.<\/p>\n<h4>Per\u00fa: La Magnificencia de los Andes<\/h4>\n<p>Per\u00fa no solo es c\u00e9lebre por Machu Picchu, sino tambi\u00e9n por la profunda espiritualidad que impregna sus comunidades ind\u00edgenas. Las tradiciones andinas, que honran la tierra y la naturaleza, se entrelazan con una rica herencia cat\u00f3lica, creando una sinfon\u00eda de creencias que resuena en el coraz\u00f3n de quienes visitan. Ciudades como Cusco, donde culturas ancestrales y la influencia espa\u00f1ola coexisten, son un testimonio de la historia y la fe que los visitantes pueden explorar.<\/p>\n<h4>Argentina y Uruguay: El Sanctuario del Cono Sur<\/h4>\n<p>Argentina, un pa\u00eds de contrastes con su enorme atractivo natural y su vibrante vida urbana, tambi\u00e9n figura en la lista. Con paisajes que van desde los glaciares en el sur hasta las cataratas del Iguaz\u00fa en el norte, Argentina es un destino que inspira asombro y humildad ante la grandeza de la creaci\u00f3n. A su lado, Uruguay, con su costa serena y su rica tradici\u00f3n de encuentro y di\u00e1logo, a\u00f1ade un toque de calidez y reflexi\u00f3n. La combinaci\u00f3n de ambos pa\u00edses ofrece una experiencia \u00fanica que podr\u00eda resonar profundamente con quienes buscan reconectar su espiritualidad en un contexto contempor\u00e1neo.<\/p>\n<h3>Un Llamado a la Reflexi\u00f3n<\/h3>\n<p>La lista de destinos deseados por una figura de autoridad espiritual nos invita no solo a viajar f\u00edsicamente, sino tambi\u00e9n a explorar nuestro interior. Cada uno de estos lugares, con su historia y cultura, es una oportunidad para la contemplaci\u00f3n y el crecimiento personal. En un mundo cada vez m\u00e1s conectado, el viaje hacia la fe y la espiritualidad se convierte en un camino relevante para muchos.<\/p>\n<p>Explorar estos destinos es sumergirse en un viaje que trasciende las fronteras del turismo tradicional; es una b\u00fasqueda de significado que puede resonar en cada uno de nosotros, independientemente de nuestras creencias. A medida que planificamos nuestra propia aventura, pregunt\u00e9monos: \u00bfqu\u00e9 significado tiene cada lugar que visitamos en nuestro viaje personal hacia la conexi\u00f3n y la espiritualidad?<\/p>\n<p><em> &#8221; Fuentes www.aciprensa.com &#8221; <\/em><\/p>\n","protected":false},"excerpt":{"rendered":"<p>Un Viaje a las Ra\u00edces de la Fe: Los Destinos que Inspiran al Papado En el vasto y variado panorama de los viajes, algunos destinos destacan no solo por su belleza natural, sino por su profunda carga espiritual. Uno de los l\u00edderes m\u00e1s influyentes del mundo, y sin duda una figura clave en el \u00e1mbito [&hellip;]<\/p>\n","protected":false},"author":4,"featured_media":1075465,"comment_status":"open","ping_status":"closed","sticky":false,"template":"","format":"standard","meta":{"om_disable_all_campaigns":false,"jnews-multi-image_gallery":[],"jnews_single_post":[],"jnews_primary_category":[],"jnews_social_meta":[],"footnotes":""},"categories":[39],"tags":[768,45142,51876,17983,769,162007,222938,767,1919,3422,545,13855],"class_list":["post-1075464","post","type-post","status-publish","format-standard","has-post-thumbnail","hentry","category-viajes","tag-argentina","tag-deseos","tag-fatima","tag-iglesia-catolica","tag-mexico","tag-noticias-catolicas","tag-papa-leon-xiv","tag-peru","tag-uruguay","tag-vaticano","tag-viajes","tag-viajes-papales"],"_links":{"self":[{"href":"https:\/\/dimensionturistica.com\/es\/wp-json\/wp\/v2\/posts\/1075464","targetHints":{"allow":["GET"]}}],"collection":[{"href":"https:\/\/dimensionturistica.com\/es\/wp-json\/wp\/v2\/posts"}],"about":[{"href":"https:\/\/dimensionturistica.com\/es\/wp-json\/wp\/v2\/types\/post"}],"author":[{"embeddable":true,"href":"https:\/\/dimensionturistica.com\/es\/wp-json\/wp\/v2\/users\/4"}],"replies":[{"embeddable":true,"href":"https:\/\/dimensionturistica.com\/es\/wp-json\/wp\/v2\/comments?post=1075464"}],"version-history":[{"count":1,"href":"https:\/\/dimensionturistica.com\/es\/wp-json\/wp\/v2\/posts\/1075464\/revisions"}],"predecessor-version":[{"id":1075466,"href":"https:\/\/dimensionturistica.com\/es\/wp-json\/wp\/v2\/posts\/1075464\/revisions\/1075466"}],"wp:featuredmedia":[{"embeddable":true,"href":"https:\/\/dimensionturistica.com\/es\/wp-json\/wp\/v2\/media\/1075465"}],"wp:attachment":[{"href":"https:\/\/dimensionturistica.com\/es\/wp-json\/wp\/v2\/media?parent=1075464"}],"wp:term":[{"taxonomy":"category","embeddable":true,"href":"https:\/\/dimensionturistica.com\/es\/wp-json\/wp\/v2\/categories?post=1075464"},{"taxonomy":"post_tag","embeddable":true,"href":"https:\/\/dimensionturistica.com\/es\/wp-json\/wp\/v2\/tags?post=1075464"}],"curies":[{"name":"wp","href":"https:\/\/api.w.org\/{rel}","templated":true}]}}