{"id":1075431,"date":"2025-11-18T23:32:58","date_gmt":"2025-11-18T23:32:58","guid":{"rendered":"https:\/\/dimensionturistica.com\/es\/?p=1075431"},"modified":"2025-11-18T23:32:58","modified_gmt":"2025-11-18T23:32:58","slug":"la-sociedad-civil-de-latinoamerica-se-hace-presente-en-la-cop-11-de-la-oms-para-el-control-del-tabaco","status":"publish","type":"post","link":"https:\/\/dimensionturistica.com\/es\/la-sociedad-civil-de-latinoamerica-se-hace-presente-en-la-cop-11-de-la-oms-para-el-control-del-tabaco\/","title":{"rendered":"La Sociedad civil de Latinoam\u00e9rica se hace presente en la COP 11 de la OMS para el Control del Tabaco"},"content":{"rendered":"\n<figure class=\"wp-block-gallery has-nested-images columns-default is-cropped wp-block-gallery-1 is-layout-flex wp-block-gallery-is-layout-flex\">\n<figure class=\"wp-block-image size-large\"><img decoding=\"async\" width=\"500\" height=\"159\" data-id=\"1075432\" src=\"https:\/\/dimensionturistica.com\/es\/wp-content\/uploads\/2025\/11\/5CIRRA.jpg\" alt=\"\" class=\"wp-image-1075432\" srcset=\"https:\/\/dimensionturistica.com\/es\/wp-content\/uploads\/2025\/11\/5CIRRA.jpg 500w, https:\/\/dimensionturistica.com\/es\/wp-content\/uploads\/2025\/11\/5CIRRA-300x95.jpg 300w\" sizes=\"(max-width: 500px) 100vw, 500px\" \/><\/figure>\n<\/figure>\n\n\n\n<p>Sociedad civil de Latinoam\u00e9rica se hace presente en la Und\u00e9cima Conferencia de las Partes del Convenio Marco de la OMS para el Control del Tabaco<\/p>\n\n\n\n<p>Representantes de organizaciones de la sociedad civil de la regi\u00f3n y a nivel global, llevaron a cabo protestas, performances y din\u00e1micas para pedir a los gobiernos no permitir la interferencia de la industria tabacalera.<\/p>\n\n\n\n<p>Las delegaciones de Uruguay y M\u00e9xico resaltan en la COP11 dejan claro su posicionamiento respeto a la necesidad de defender la salud p\u00fablica y detener a la industria tabacalera.<\/p>\n\n\n\n<p>Activistas de salud p\u00fablica alertaron sobre el discurso de St. Kitts and Nevis que intervino durante esta COP 11 intentando posicionar el concepto de falsa reducci\u00f3n de da\u00f1os, el cu\u00e1l ha sido difundido por las tabacaleras.<\/p>\n\n\n\n<p>Regi\u00f3n de Am\u00e9rica Latina y el Caribe a 18 de noviembre de 2025. Inici\u00f3 la Und\u00e9cima Conferencia de las Partes (COP11) del Convenio Marco de la OMS para el Control del Tabaco (CMCT), en Ginebra, Suiza y la sociedad civil de Latinoam\u00e9rica se hizo presente con protestas, performances y din\u00e1micas para pedir a los gobiernos que no permitan la interferencia de la industria tabacalera, ya que cualquier tipo de colaboraci\u00f3n con estas corporaciones estar\u00eda violando el CMCT.<\/p>\n\n\n\n<figure class=\"wp-block-gallery has-nested-images columns-default is-cropped wp-block-gallery-2 is-layout-flex wp-block-gallery-is-layout-flex\">\n<figure class=\"wp-block-image size-large\"><img decoding=\"async\" width=\"500\" height=\"333\" data-id=\"1075433\" src=\"https:\/\/dimensionturistica.com\/es\/wp-content\/uploads\/2025\/11\/2CIRRA.jpg\" alt=\"\" class=\"wp-image-1075433\" srcset=\"https:\/\/dimensionturistica.com\/es\/wp-content\/uploads\/2025\/11\/2CIRRA.jpg 500w, https:\/\/dimensionturistica.com\/es\/wp-content\/uploads\/2025\/11\/2CIRRA-300x200.jpg 300w\" sizes=\"(max-width: 500px) 100vw, 500px\" \/><\/figure>\n<\/figure>\n\n\n\n<p>En la explanada que est\u00e1 frente a las Naciones Unidas de Ginebra representantes de organizaciones de la sociedad civil de la regi\u00f3n y a nivel global, entre las que se encuentran&nbsp; ACT Brasil, Campa\u00f1a para Ni\u00f1os Libres de Humo de Tabaco, Centro de promoci\u00f3n en salud y asistencia familia de Honduras, Coalici\u00f3n Am\u00e9rica Saludable, Coorporate Accountability, FIC Bolivia, Fundaci\u00f3n Ana\u00e1s, OMIS Uruguay, CREA, Salud Justa Mx, entre otras, llevaron a cabo protestas, performances y din\u00e1micas para pedir a los gobiernos no permitir&nbsp; la interferencia de la industria tabacalera ya que cualquier tipo de colaboraci\u00f3n con estas corporaciones estar\u00eda violando el CMCT<\/p>\n\n\n\n<p>Por su parte Ramiro L\u00f3pez Elizalde, Subsecretario de Pol\u00edticas de Salud y Bienestar Poblacional y Jefe de la Delegaci\u00f3n de M\u00e9xico resalt\u00f3 &#8220;La salud p\u00fablica requiere de decisiones valientes. All\u00e1 afuera millones de personas est\u00e1n siendo persuadidas cada d\u00eda para consumir productos que matan. Por eso no podemos tener discusiones circulares, mientras la industria tabacalera se reorganiza, se disfraza y avanza. Nos venden adicci\u00f3n, ilusi\u00f3n y ahora, una vez m\u00e1s, el enga\u00f1oso riesgo reducido. Hoy las ni\u00f1as y los ni\u00f1os son su blanco predilecto para captar consumidores en edades tempranas: cigarrillos electr\u00f3nicos, bolsas de nicotina, dispositivos en aerosol que prometen modernidad pero entregan enfermedad. Cada gobierno que cede a la industria no solo traiciona a su pueblo, nos traiciona a todos, por eso les invito a que construyamos un frente com\u00fan internacional que no se deje de dividir por intereses comerciales. Defender la salud p\u00fablica exige firmeza, no ret\u00f3rica. Hoy aqu\u00ed en Ginebra hagamos historia, dejemos de debatir palabras y convirtamos este momento en un punto de inflexi\u00f3n para la salud p\u00fablica\u201d.<\/p>\n\n\n\n<p>La Ministra de salud p\u00fablica del Uruguay y jefa de delegaci\u00f3n Cristina Lustemberg, dijo &#8220;Proteger la salud humana frente al tabaco es tambi\u00e9n proteger los ecosistemas. No puede haber justicia clim\u00e1tica sin justicia sanitaria, debemos dar protagonismo real a los j\u00f3venes, ellos est\u00e1n liderando la defensa del planeta, denunciando la manipulaci\u00f3n de la industria y reclam\u00e1ndonos a los adultos coherencia. No los llamemos s\u00f3lo a participar, llam\u00e9mosles a decidir porque son ellos quienes heredar\u00e1n las consecuencias de nuestras decisiones o de nuestra inacci\u00f3n. El CMCT viene demostrando que la cooperaci\u00f3n global puede vencer a la inercia pol\u00edtica y a los intereses econ\u00f3micos m\u00e1s poderosos.&#8221;<\/p>\n\n\n\n<p>Por su parte, los activistas de salud p\u00fablica alertaron sobre el discurso de St. Kitts and Nevis que intervino durante esta COP 11 intentando posicionar el concepto de falsa reducci\u00f3n de da\u00f1os, el cu\u00e1l ha sido difundido por las tabacaleras. No es la primera vez que realiza este tipo de intervenciones, esto ha sucedido en eventos internacionales de alto nivel y durante la COP 10 donde el pa\u00eds mostr\u00f3 posiciones cercanas a la ret\u00f3rica de la industria tabacalera.<\/p>\n\n\n\n<figure class=\"wp-block-gallery has-nested-images columns-default is-cropped wp-block-gallery-3 is-layout-flex wp-block-gallery-is-layout-flex\">\n<figure class=\"wp-block-image size-large\"><img decoding=\"async\" width=\"500\" height=\"496\" data-id=\"1075434\" src=\"https:\/\/dimensionturistica.com\/es\/wp-content\/uploads\/2025\/11\/1CIRRA.jpg\" alt=\"\" class=\"wp-image-1075434\" srcset=\"https:\/\/dimensionturistica.com\/es\/wp-content\/uploads\/2025\/11\/1CIRRA.jpg 500w, https:\/\/dimensionturistica.com\/es\/wp-content\/uploads\/2025\/11\/1CIRRA-300x298.jpg 300w, https:\/\/dimensionturistica.com\/es\/wp-content\/uploads\/2025\/11\/1CIRRA-150x150.jpg 150w, https:\/\/dimensionturistica.com\/es\/wp-content\/uploads\/2025\/11\/1CIRRA-75x75.jpg 75w\" sizes=\"(max-width: 500px) 100vw, 500px\" \/><\/figure>\n<\/figure>\n\n\n\n<p>Al cierre del d\u00eda 1 de la COP, la sociedad civil de todo el mundo representada en la Global Alliance for Tobacco Control (GATC) otorg\u00f3 el premio Orqu\u00eddea a la delegaci\u00f3n de M\u00e9xico, una distinci\u00f3n que reconoce a pa\u00edses que demuestran durante la Conferencia un compromiso firme en la lucha contra la industria del tabaco. Nueva Zelanda, por el contrario, recibi\u00f3 el Cenicero debido a que intent\u00f3 presentar su actual plan de control del tabaco como un \u00e9xito cuando, en realidad, desde la COP10 han revertido reformas pioneras a nivel mundial, saboteado las aspiraciones de los pueblos ind\u00edgenas de lograr un pa\u00eds libre de tabaco, registrando alarmantes tasas de vapeo entre los j\u00f3venes y cayendo del segundo lugar al puesto 53 en el \u00cdndice Global de Interferencia de la Industria Tabacalera 2025.<\/p>\n","protected":false},"excerpt":{"rendered":"<p>Sociedad civil de Latinoam\u00e9rica se hace presente en la Und\u00e9cima Conferencia de las Partes del Convenio Marco de la OMS para el Control del Tabaco Representantes de organizaciones de la sociedad civil de la regi\u00f3n y a nivel global, llevaron a cabo protestas, performances y din\u00e1micas para pedir a los gobiernos no permitir la interferencia [&hellip;]<\/p>\n","protected":false},"author":1,"featured_media":0,"comment_status":"open","ping_status":"closed","sticky":false,"template":"","format":"standard","meta":{"om_disable_all_campaigns":false,"jnews-multi-image_gallery":[],"jnews_single_post":{"format":"standard"},"jnews_primary_category":[],"jnews_social_meta":[],"footnotes":""},"categories":[256419],"tags":[],"class_list":["post-1075431","post","type-post","status-publish","format-standard","hentry","category-tecnologia"],"_links":{"self":[{"href":"https:\/\/dimensionturistica.com\/es\/wp-json\/wp\/v2\/posts\/1075431","targetHints":{"allow":["GET"]}}],"collection":[{"href":"https:\/\/dimensionturistica.com\/es\/wp-json\/wp\/v2\/posts"}],"about":[{"href":"https:\/\/dimensionturistica.com\/es\/wp-json\/wp\/v2\/types\/post"}],"author":[{"embeddable":true,"href":"https:\/\/dimensionturistica.com\/es\/wp-json\/wp\/v2\/users\/1"}],"replies":[{"embeddable":true,"href":"https:\/\/dimensionturistica.com\/es\/wp-json\/wp\/v2\/comments?post=1075431"}],"version-history":[{"count":1,"href":"https:\/\/dimensionturistica.com\/es\/wp-json\/wp\/v2\/posts\/1075431\/revisions"}],"predecessor-version":[{"id":1075435,"href":"https:\/\/dimensionturistica.com\/es\/wp-json\/wp\/v2\/posts\/1075431\/revisions\/1075435"}],"wp:attachment":[{"href":"https:\/\/dimensionturistica.com\/es\/wp-json\/wp\/v2\/media?parent=1075431"}],"wp:term":[{"taxonomy":"category","embeddable":true,"href":"https:\/\/dimensionturistica.com\/es\/wp-json\/wp\/v2\/categories?post=1075431"},{"taxonomy":"post_tag","embeddable":true,"href":"https:\/\/dimensionturistica.com\/es\/wp-json\/wp\/v2\/tags?post=1075431"}],"curies":[{"name":"wp","href":"https:\/\/api.w.org\/{rel}","templated":true}]}}