{"id":1075342,"date":"2025-11-18T20:32:57","date_gmt":"2025-11-18T20:32:57","guid":{"rendered":"https:\/\/dimensionturistica.com\/es\/?p=1075342"},"modified":"2025-11-18T20:32:57","modified_gmt":"2025-11-18T20:32:57","slug":"llenemos-a-nuestros-turistas-de-magia-josefina-rodriguez-palabras-dela-tirular-de-la-sectur-al-inaugurar-7a-edicion-del-tianguis-nacional-de-pueblos-magicos-2025","status":"publish","type":"post","link":"https:\/\/dimensionturistica.com\/es\/llenemos-a-nuestros-turistas-de-magia-josefina-rodriguez-palabras-dela-tirular-de-la-sectur-al-inaugurar-7a-edicion-del-tianguis-nacional-de-pueblos-magicos-2025\/","title":{"rendered":"Llenemos a nuestros turistas de magia: Josefina Rodr\u00edguez palabras dela tirular de la SECTUR al inaugurar 7a edici\u00f3n del Tianguis Nacional de Pueblos M\u00e1gicos 2025"},"content":{"rendered":"\n<figure class=\"wp-block-gallery has-nested-images columns-default is-cropped wp-block-gallery-1 is-layout-flex wp-block-gallery-is-layout-flex\">\n<figure class=\"wp-block-image size-large\"><img decoding=\"async\" width=\"491\" height=\"180\" data-id=\"1075343\" src=\"https:\/\/dimensionturistica.com\/es\/wp-content\/uploads\/2025\/11\/1HIDALGO.jpg\" alt=\"\" class=\"wp-image-1075343\" srcset=\"https:\/\/dimensionturistica.com\/es\/wp-content\/uploads\/2025\/11\/1HIDALGO.jpg 491w, https:\/\/dimensionturistica.com\/es\/wp-content\/uploads\/2025\/11\/1HIDALGO-300x110.jpg 300w\" sizes=\"(max-width: 491px) 100vw, 491px\" \/><\/figure>\n<\/figure>\n\n\n\n<p>La secretaria de Turismo del Gobierno de M\u00e9xico, Josefina Rodr\u00edguez Zamora y el gobernador de Hidalgo, Julio Menchaca Salazar, encabezaron la inauguraci\u00f3n de la 7a edicion del Tianguis Nacional de Pueblos M\u00e1gicos 2025.<\/p>\n\n\n\n<p>Acompa\u00f1ados por la secretaria de Turismo de Hidalgo, Elizabeth Quintanar G\u00f3mez, resaltaron que esta edici\u00f3n marca un hecho hist\u00f3rico: por primera vez se realiza dentro de un Pueblo M\u00e1gico y abre sus puertas al p\u00fablico en general, acercando directamente a visitantes y familias la riqueza cultural y tur\u00edstica del pa\u00eds.<\/p>\n\n\n\n<figure class=\"wp-block-gallery has-nested-images columns-default is-cropped wp-block-gallery-2 is-layout-flex wp-block-gallery-is-layout-flex\">\n<figure class=\"wp-block-image size-large\"><img decoding=\"async\" width=\"500\" height=\"749\" data-id=\"1075344\" src=\"https:\/\/dimensionturistica.com\/es\/wp-content\/uploads\/2025\/11\/2HIDALGO.jpg\" alt=\"\" class=\"wp-image-1075344\" srcset=\"https:\/\/dimensionturistica.com\/es\/wp-content\/uploads\/2025\/11\/2HIDALGO.jpg 500w, https:\/\/dimensionturistica.com\/es\/wp-content\/uploads\/2025\/11\/2HIDALGO-200x300.jpg 200w\" sizes=\"(max-width: 500px) 100vw, 500px\" \/><\/figure>\n<\/figure>\n\n\n\n<p>La titular de la Secretar\u00eda de Turismo (Sectur) destac\u00f3 que esta edici\u00f3n simboliza la uni\u00f3n de comunidades, la diversidad del pa\u00eds y el papel del turismo como herramienta de prosperidad para miles de familias.<\/p>\n\n\n\n<p>\u201cEste tianguis tiene una magia especial, no s\u00f3lo genera ventas a touroperadores y hoteles, tambi\u00e9n genera una palabra clave que nuestra presidenta, la primera mujer y una gran embajadora tur\u00edstica, la doctora Claudia Sheinbaum Pardo, ha impulsado: Prosperidad Compartida\u201d expres\u00f3.<\/p>\n\n\n\n<p>Refiri\u00f3 que hacer de la m\u00e1xima fiesta de los Pueblos M\u00e1gicos un evento abierto al p\u00fablico, permite que las y los visitantes de todos los estados conozcan de primera mano la riqueza cultural que caracteriza a las 177 localidades con este nombramiento.<\/p>\n\n\n\n<p>En este encuentro, a\u00f1adi\u00f3, el p\u00fablico podr\u00e1 recorrer pabellones artesanales, gastron\u00f3micos y culturales, adem\u00e1s de espacios dedicados a promover los productos \u201cHechos en M\u00e9xico\u201d con el prop\u00f3sito de fortalecer el consumo local y la identidad nacional.<\/p>\n\n\n\n<figure class=\"wp-block-gallery has-nested-images columns-default is-cropped wp-block-gallery-3 is-layout-flex wp-block-gallery-is-layout-flex\">\n<figure class=\"wp-block-image size-large\"><img decoding=\"async\" width=\"500\" height=\"333\" data-id=\"1075345\" src=\"https:\/\/dimensionturistica.com\/es\/wp-content\/uploads\/2025\/11\/4HIDALGO.jpg\" alt=\"\" class=\"wp-image-1075345\" srcset=\"https:\/\/dimensionturistica.com\/es\/wp-content\/uploads\/2025\/11\/4HIDALGO.jpg 500w, https:\/\/dimensionturistica.com\/es\/wp-content\/uploads\/2025\/11\/4HIDALGO-300x200.jpg 300w\" sizes=\"(max-width: 500px) 100vw, 500px\" \/><\/figure>\n<\/figure>\n\n\n\n<p>\u201cAbramos nuestros pueblos, abramos nuestras almas, pero sobre todo llen\u00e9mosles a nuestros turistas el coraz\u00f3n, porque un Pueblo M\u00e1gico llena el alma. \u00a1M\u00e9xico est\u00e1 de moda!, vivamos este Tianguis Nacional de Pueblos M\u00e1gicos del 13 al 16 de noviembre\u201d concluy\u00f3.<\/p>\n\n\n\n<p>En su oportunidad, el gobernador de Hidalgo, Julio Menechaca Salazar, resalt\u00f3 que la realizaci\u00f3n del Tianguis de Pueblos M\u00e1gicos refleja la fortaleza y capacidad de recuperaci\u00f3n del pueblo de M\u00e9xico y de Hidalgo, as\u00ed como el compromiso de continuar impulsando el desarrollo econ\u00f3mico y social.<\/p>\n\n\n\n<p>Subray\u00f3 que Real del Monte, sede de esta edici\u00f3n, representa la diversidad y riqueza del pa\u00eds al conjugar belleza esc\u00e9nica, historia y gastronom\u00eda con el impulso a la actividad econ\u00f3mica.<\/p>\n\n\n\n<figure class=\"wp-block-gallery has-nested-images columns-default is-cropped wp-block-gallery-4 is-layout-flex wp-block-gallery-is-layout-flex\">\n<figure class=\"wp-block-image size-large\"><img decoding=\"async\" width=\"500\" height=\"666\" data-id=\"1075346\" src=\"https:\/\/dimensionturistica.com\/es\/wp-content\/uploads\/2025\/11\/9HIDALGO.jpg\" alt=\"\" class=\"wp-image-1075346\" srcset=\"https:\/\/dimensionturistica.com\/es\/wp-content\/uploads\/2025\/11\/9HIDALGO.jpg 500w, https:\/\/dimensionturistica.com\/es\/wp-content\/uploads\/2025\/11\/9HIDALGO-225x300.jpg 225w\" sizes=\"(max-width: 500px) 100vw, 500px\" \/><\/figure>\n<\/figure>\n\n\n\n<p>Refrend\u00f3 su compromiso para que esta edici\u00f3n del Tianguis Nacional de Pueblos M\u00e1gicos -que generar\u00e1 empleo, movimiento econ\u00f3mico y bienestar en los hogares- sea la mejor realizada hasta ahora y consolidar, desde la entidad, el fortalecimiento del turismo como motor de desarrollo para M\u00e9xico.<\/p>\n\n\n\n<p>Por otra parte, la secretaria de Turismo de Hidalgo, Elizabeth Quintanar G\u00f3mez, coment\u00f3 que esta celebraci\u00f3n representa un encuentro pleno para el sector, al reunir a las 32 entidades del pa\u00eds y a los 177 Pueblos M\u00e1gicos en un espacio que refleja la riqueza cultural, hist\u00f3rica y tur\u00edstica de M\u00e9xico.<\/p>\n\n\n\n<p>\u201cLes invito a que aprovechemos este evento para compartir la grandeza de nuestros Pueblos M\u00e1gicos e invitarles a que vivan, descubran y, sobre todo, se enamoren de Real del Monte, en donde todos los d\u00edas les recibimos con los brazos abiertos\u201d coment\u00f3.<\/p>\n\n\n\n<p>El Tianguis re\u00fane este a\u00f1o una amplia oferta que incluye el pabell\u00f3n de Pueblos M\u00e1gicos, con representaci\u00f3n de los 177 destinos y un espacio dedicado a la inclusi\u00f3n; un pabell\u00f3n artesanal con la participaci\u00f3n de 100 artesanos respaldados por las secretar\u00edas de Bienestar, Econom\u00eda y Agricultura; y un pabell\u00f3n gastron\u00f3mico donde convergen los 32 estados del pa\u00eds con 45 platillos nacionales, adem\u00e1s de propuestas culinarias de seis municipios hidalguenses.<\/p>\n\n\n\n<p>Tambi\u00e9n est\u00e1 presente la medicina tradicional, representada por municipios de Hidalgo y estados invitados, as\u00ed como productores locales de caf\u00e9, miel, pulcal, nopal, quesos y aceite de olivo, entre otros.<\/p>\n\n\n\n<p>La agenda cultural contempla la participaci\u00f3n de m\u00e1s de 400 artistas provenientes de 13 estados e incluye tambi\u00e9n Jornadas Acad\u00e9micas dirigidas a representantes de Pueblos M\u00e1gicos, con especialistas de instituciones y empresas como BBVA, Meta, Airbnb, Turibus, M\u00e9xico Desconocido y Daypass.com, quienes compartir\u00e1n herramientas de digitalizaci\u00f3n tur\u00edstica, comercializaci\u00f3n de experiencias y estrategias de promoci\u00f3n inteligente.<\/p>\n\n\n\n<figure class=\"wp-block-gallery has-nested-images columns-default is-cropped wp-block-gallery-5 is-layout-flex wp-block-gallery-is-layout-flex\">\n<figure class=\"wp-block-image size-large\"><img decoding=\"async\" width=\"500\" height=\"333\" data-id=\"1075347\" src=\"https:\/\/dimensionturistica.com\/es\/wp-content\/uploads\/2025\/11\/6HIDALGO.jpg\" alt=\"\" class=\"wp-image-1075347\" srcset=\"https:\/\/dimensionturistica.com\/es\/wp-content\/uploads\/2025\/11\/6HIDALGO.jpg 500w, https:\/\/dimensionturistica.com\/es\/wp-content\/uploads\/2025\/11\/6HIDALGO-300x200.jpg 300w\" sizes=\"(max-width: 500px) 100vw, 500px\" \/><\/figure>\n<\/figure>\n\n\n\n<p>Adem\u00e1s, Nicaragua participa como Pa\u00eds Invitado de Honor con un espacio dentro del \u00e1rea de Pueblos M\u00e1gicos, donde exhibe su gastronom\u00eda, artesan\u00edas y expresiones culturales.<\/p>\n\n\n\n<p>Durante la inauguraci\u00f3n se cont\u00f3 con la presencia de la ministra de Turismo de Nicaragua, Mara Vanessa Stotti; del embajador de Nicaragua en M\u00e9xico, Excmo. Juan Carlos Guti\u00e9rrez Madrigal; del presidente de la Asetur, Bernardo Cueto Riestra; del presidente de Concanaco Servytur, Octavio de la Torre de St\u00e9ffano; de la presidenta nacional de Comit\u00e9s Ciudadanos de Pueblos M\u00e1gicos, Virginia S\u00e1nchez Gordillo; del presidente municipal de Mineral del Monte, Edmundo M\u00e9ndez Tejeda; as\u00ed como de las y los secretarios de Turismo de los estados; presidentas y presidentes municipales del estado de Hidalgo; presidentas y presidentes municipales de Pueblos M\u00e1gicos; diputadas y diputados; funcionarias y funcionarios de los diferentes \u00f3rdenes de gobierno; representantes de c\u00e1maras y asociaciones empresariales; prestadores de servicios tur\u00edsticos, entre otros.<\/p>\n","protected":false},"excerpt":{"rendered":"<p>La secretaria de Turismo del Gobierno de M\u00e9xico, Josefina Rodr\u00edguez Zamora y el gobernador de Hidalgo, Julio Menchaca Salazar, encabezaron la inauguraci\u00f3n de la 7a edicion del Tianguis Nacional de Pueblos M\u00e1gicos 2025. Acompa\u00f1ados por la secretaria de Turismo de Hidalgo, Elizabeth Quintanar G\u00f3mez, resaltaron que esta edici\u00f3n marca un hecho hist\u00f3rico: por primera vez [&hellip;]<\/p>\n","protected":false},"author":1,"featured_media":0,"comment_status":"open","ping_status":"closed","sticky":false,"template":"","format":"standard","meta":{"om_disable_all_campaigns":false,"jnews-multi-image_gallery":[],"jnews_single_post":{"format":"standard"},"jnews_primary_category":[],"jnews_social_meta":[],"footnotes":""},"categories":[39],"tags":[],"class_list":["post-1075342","post","type-post","status-publish","format-standard","hentry","category-viajes"],"_links":{"self":[{"href":"https:\/\/dimensionturistica.com\/es\/wp-json\/wp\/v2\/posts\/1075342","targetHints":{"allow":["GET"]}}],"collection":[{"href":"https:\/\/dimensionturistica.com\/es\/wp-json\/wp\/v2\/posts"}],"about":[{"href":"https:\/\/dimensionturistica.com\/es\/wp-json\/wp\/v2\/types\/post"}],"author":[{"embeddable":true,"href":"https:\/\/dimensionturistica.com\/es\/wp-json\/wp\/v2\/users\/1"}],"replies":[{"embeddable":true,"href":"https:\/\/dimensionturistica.com\/es\/wp-json\/wp\/v2\/comments?post=1075342"}],"version-history":[{"count":1,"href":"https:\/\/dimensionturistica.com\/es\/wp-json\/wp\/v2\/posts\/1075342\/revisions"}],"predecessor-version":[{"id":1075348,"href":"https:\/\/dimensionturistica.com\/es\/wp-json\/wp\/v2\/posts\/1075342\/revisions\/1075348"}],"wp:attachment":[{"href":"https:\/\/dimensionturistica.com\/es\/wp-json\/wp\/v2\/media?parent=1075342"}],"wp:term":[{"taxonomy":"category","embeddable":true,"href":"https:\/\/dimensionturistica.com\/es\/wp-json\/wp\/v2\/categories?post=1075342"},{"taxonomy":"post_tag","embeddable":true,"href":"https:\/\/dimensionturistica.com\/es\/wp-json\/wp\/v2\/tags?post=1075342"}],"curies":[{"name":"wp","href":"https:\/\/api.w.org\/{rel}","templated":true}]}}