{"id":1075314,"date":"2025-11-18T19:59:29","date_gmt":"2025-11-18T19:59:29","guid":{"rendered":"https:\/\/dimensionturistica.com\/es\/?p=1075314"},"modified":"2025-11-18T19:59:29","modified_gmt":"2025-11-18T19:59:29","slug":"posadas-fortalece-su-presencia-en-el-sureste-con-la-apertura-del-nuevo-fiesta-inn-express-cancun-cumbres","status":"publish","type":"post","link":"https:\/\/dimensionturistica.com\/es\/posadas-fortalece-su-presencia-en-el-sureste-con-la-apertura-del-nuevo-fiesta-inn-express-cancun-cumbres\/","title":{"rendered":"Posadas fortalece su presencia en el sureste con la apertura del nuevo Fiesta Inn Express Canc\u00fan Cumbres"},"content":{"rendered":"\n<p>Fiesta Inn Express Canc\u00fan Cumbres cuenta con 141 habitaciones que combinan dise\u00f1o contempor\u00e1neo, funcionalidad y un ambiente c\u00e1lido que caracteriza a la mar Posadas, la cadena l\u00edder en hoteler\u00eda en M\u00e9xico, contin\u00faa fortaleciendo su presencia en el sureste del pa\u00eds con la apertura del nuevo Fiesta Inn Express Canc\u00fan Cumbres, con el que la compa\u00f1\u00eda alcanza 14 hoteles bajo este concepto y m\u00e1s de 75 bajo la marca Fiesta Inn (incluyendo Fiesta Inn, Fiesta Inn Suites y Fiesta Inn Express), sumando m\u00e1s de 11 mil habitaciones en operaci\u00f3n.<\/p>\n\n\n\n<figure class=\"wp-block-gallery has-nested-images columns-default is-cropped wp-block-gallery-1 is-layout-flex wp-block-gallery-is-layout-flex\">\n<figure class=\"wp-block-image size-large\"><img decoding=\"async\" width=\"474\" height=\"78\" data-id=\"1075323\" src=\"https:\/\/dimensionturistica.com\/es\/wp-content\/uploads\/2025\/11\/1POSADAS-1.jpg\" alt=\"\" class=\"wp-image-1075323\" srcset=\"https:\/\/dimensionturistica.com\/es\/wp-content\/uploads\/2025\/11\/1POSADAS-1.jpg 474w, https:\/\/dimensionturistica.com\/es\/wp-content\/uploads\/2025\/11\/1POSADAS-1-300x49.jpg 300w\" sizes=\"(max-width: 474px) 100vw, 474px\" \/><\/figure>\n<\/figure>\n\n\n\n<p>Dise\u00f1ado para el viajero que busca eficiencia, comodidad y una experiencia moderna,&nbsp;<strong>Fiesta Inn Express Canc\u00fan Cumbres<\/strong>&nbsp;pertenece a la categor\u00eda midscale e integra los valores de funcionalidad y calidez que distinguen a la marca.<\/p>\n\n\n\n<p>Seg\u00fan datos de la Secretar\u00eda de Turismo de Quintana Roo, el estado alcanzar\u00e1 al cierre del a\u00f1o una cifra cercana a&nbsp;<strong>20 millones de turistas<\/strong>&nbsp;y una&nbsp;<strong>ocupaci\u00f3n hotelera promedio del 70%<\/strong>. Este crecimiento se ver\u00e1 impulsado por las temporadas de&nbsp;<strong>D\u00eda de Muertos<\/strong>&nbsp;y&nbsp;<strong>Thanksgiving<\/strong>, que atraen a un gran n\u00famero de visitantes nacionales e internacionales. En este panorama, la apertura de&nbsp;<strong>Fiesta Inn Express Canc\u00fan Cumbres<\/strong>&nbsp;representa una&nbsp;<strong>propuesta estrat\u00e9gica para atender la creciente demanda de hospedaje<\/strong>&nbsp;en el destino.<\/p>\n\n\n\n<figure class=\"wp-block-gallery has-nested-images columns-default is-cropped wp-block-gallery-2 is-layout-flex wp-block-gallery-is-layout-flex\">\n<figure class=\"wp-block-image size-large\"><img decoding=\"async\" width=\"500\" height=\"333\" data-id=\"1075325\" src=\"https:\/\/dimensionturistica.com\/es\/wp-content\/uploads\/2025\/11\/2POSADAS.jpg\" alt=\"\" class=\"wp-image-1075325\" srcset=\"https:\/\/dimensionturistica.com\/es\/wp-content\/uploads\/2025\/11\/2POSADAS.jpg 500w, https:\/\/dimensionturistica.com\/es\/wp-content\/uploads\/2025\/11\/2POSADAS-300x200.jpg 300w\" sizes=\"(max-width: 500px) 100vw, 500px\" \/><\/figure>\n<\/figure>\n\n\n\n<p>Ubicado en&nbsp;<strong>Plaza Canc\u00fan Cumbres<\/strong>, a solo unos minutos del aeropuerto internacional y con acceso directo a zonas corporativas, centros comerciales y espacios de convenciones, el hotel es una excelente opci\u00f3n para quienes desean aprovechar al m\u00e1ximo su estancia en la ciudad.<\/p>\n\n\n\n<figure class=\"wp-block-gallery has-nested-images columns-default is-cropped wp-block-gallery-3 is-layout-flex wp-block-gallery-is-layout-flex\">\n<figure class=\"wp-block-image size-large\"><img decoding=\"async\" width=\"500\" height=\"330\" data-id=\"1075328\" src=\"https:\/\/dimensionturistica.com\/es\/wp-content\/uploads\/2025\/11\/7POSADASA.jpg\" alt=\"\" class=\"wp-image-1075328\" srcset=\"https:\/\/dimensionturistica.com\/es\/wp-content\/uploads\/2025\/11\/7POSADASA.jpg 500w, https:\/\/dimensionturistica.com\/es\/wp-content\/uploads\/2025\/11\/7POSADASA-300x198.jpg 300w\" sizes=\"(max-width: 500px) 100vw, 500px\" \/><\/figure>\n<\/figure>\n\n\n\n<p><strong>Adri\u00e1n Correa, director de Operaciones Midscale &amp; Economy de Posadas,<\/strong>&nbsp;asegur\u00f3: \u201cEstamos muy felices con esta apertura, misma que forma parte de nuestro compromiso de brindar m\u00e1s y mejores opciones para los viajeros, haciendo del mundo un mejor lugar para viajar. Estamos convencidos que Fiesta Inn Express Canc\u00fan Cumbres se convertir\u00e1 en uno de los hoteles predilectos de los viajeros debido a su ubicaci\u00f3n privilegiada y conectividad, adem\u00e1s de ser un polo para crear una red de crecimiento econ\u00f3mico y social para la ciudad\u201d.<\/p>\n\n\n\n<figure class=\"wp-block-gallery has-nested-images columns-default is-cropped wp-block-gallery-4 is-layout-flex wp-block-gallery-is-layout-flex\">\n<figure class=\"wp-block-image size-large\"><img decoding=\"async\" width=\"500\" height=\"333\" data-id=\"1075326\" src=\"https:\/\/dimensionturistica.com\/es\/wp-content\/uploads\/2025\/11\/4POSADAS.jpg\" alt=\"\" class=\"wp-image-1075326\" srcset=\"https:\/\/dimensionturistica.com\/es\/wp-content\/uploads\/2025\/11\/4POSADAS.jpg 500w, https:\/\/dimensionturistica.com\/es\/wp-content\/uploads\/2025\/11\/4POSADAS-300x200.jpg 300w\" sizes=\"(max-width: 500px) 100vw, 500px\" \/><\/figure>\n<\/figure>\n\n\n\n<p>El hotel ofrece&nbsp;<strong>desayuno incluido<\/strong>, con opciones frescas y nutritivas que inspiran a comenzar el d\u00eda con energ\u00eda. Sus&nbsp;<strong>salas de juntas<\/strong>&nbsp;brindan privacidad, conectividad y comodidad para realizar reuniones o presentaciones en un entorno profesional y acogedor.<\/p>\n\n\n\n<figure class=\"wp-block-gallery has-nested-images columns-default is-cropped wp-block-gallery-5 is-layout-flex wp-block-gallery-is-layout-flex\">\n<figure class=\"wp-block-image size-large\"><img decoding=\"async\" width=\"500\" height=\"333\" data-id=\"1075327\" src=\"https:\/\/dimensionturistica.com\/es\/wp-content\/uploads\/2025\/11\/6POSADAS.jpg\" alt=\"\" class=\"wp-image-1075327\" srcset=\"https:\/\/dimensionturistica.com\/es\/wp-content\/uploads\/2025\/11\/6POSADAS.jpg 500w, https:\/\/dimensionturistica.com\/es\/wp-content\/uploads\/2025\/11\/6POSADAS-300x200.jpg 300w\" sizes=\"(max-width: 500px) 100vw, 500px\" \/><\/figure>\n<\/figure>\n\n\n\n<p>Con esta apertura,&nbsp;<strong>Fiesta Inn Express Canc\u00fan Cumbres<\/strong>&nbsp;refuerza el posicionamiento de&nbsp;<strong>Fiesta Inn<\/strong>&nbsp;como una marca de referencia en el segmento midscale de negocios y viajes pr\u00e1cticos, al tiempo que fortalece la presencia de&nbsp;<strong>Posadas<\/strong>&nbsp;en el sureste del pa\u00eds.<\/p>\n","protected":false},"excerpt":{"rendered":"<p>Fiesta Inn Express Canc\u00fan Cumbres cuenta con 141 habitaciones que combinan dise\u00f1o contempor\u00e1neo, funcionalidad y un ambiente c\u00e1lido que caracteriza a la mar Posadas, la cadena l\u00edder en hoteler\u00eda en M\u00e9xico, contin\u00faa fortaleciendo su presencia en el sureste del pa\u00eds con la apertura del nuevo Fiesta Inn Express Canc\u00fan Cumbres, con el que la compa\u00f1\u00eda [&hellip;]<\/p>\n","protected":false},"author":1,"featured_media":0,"comment_status":"open","ping_status":"closed","sticky":false,"template":"","format":"standard","meta":{"om_disable_all_campaigns":false,"jnews-multi-image_gallery":[],"jnews_single_post":[],"jnews_primary_category":[],"jnews_social_meta":[],"footnotes":""},"categories":[39],"tags":[],"class_list":["post-1075314","post","type-post","status-publish","format-standard","hentry","category-viajes"],"_links":{"self":[{"href":"https:\/\/dimensionturistica.com\/es\/wp-json\/wp\/v2\/posts\/1075314","targetHints":{"allow":["GET"]}}],"collection":[{"href":"https:\/\/dimensionturistica.com\/es\/wp-json\/wp\/v2\/posts"}],"about":[{"href":"https:\/\/dimensionturistica.com\/es\/wp-json\/wp\/v2\/types\/post"}],"author":[{"embeddable":true,"href":"https:\/\/dimensionturistica.com\/es\/wp-json\/wp\/v2\/users\/1"}],"replies":[{"embeddable":true,"href":"https:\/\/dimensionturistica.com\/es\/wp-json\/wp\/v2\/comments?post=1075314"}],"version-history":[{"count":1,"href":"https:\/\/dimensionturistica.com\/es\/wp-json\/wp\/v2\/posts\/1075314\/revisions"}],"predecessor-version":[{"id":1075329,"href":"https:\/\/dimensionturistica.com\/es\/wp-json\/wp\/v2\/posts\/1075314\/revisions\/1075329"}],"wp:attachment":[{"href":"https:\/\/dimensionturistica.com\/es\/wp-json\/wp\/v2\/media?parent=1075314"}],"wp:term":[{"taxonomy":"category","embeddable":true,"href":"https:\/\/dimensionturistica.com\/es\/wp-json\/wp\/v2\/categories?post=1075314"},{"taxonomy":"post_tag","embeddable":true,"href":"https:\/\/dimensionturistica.com\/es\/wp-json\/wp\/v2\/tags?post=1075314"}],"curies":[{"name":"wp","href":"https:\/\/api.w.org\/{rel}","templated":true}]}}