{"id":1075267,"date":"2025-11-18T17:48:46","date_gmt":"2025-11-18T17:48:46","guid":{"rendered":"https:\/\/dimensionturistica.com\/es\/?p=1075267"},"modified":"2025-11-18T17:48:46","modified_gmt":"2025-11-18T17:48:46","slug":"brillo-esmeralda-dentro-del-estreno-vibrante-en-nueva-york-de-wicked-para-siempre","status":"publish","type":"post","link":"https:\/\/dimensionturistica.com\/es\/brillo-esmeralda-dentro-del-estreno-vibrante-en-nueva-york-de-wicked-para-siempre\/","title":{"rendered":"\u00a1Brillo Esmeralda! Dentro del Estreno Vibrante en Nueva York de Wicked: Para Siempre."},"content":{"rendered":"<h3>Un Paseo por la Moda y el Teatro: La Premiere de Wicked en Nueva York<\/h3>\n<p>En el vibrante coraz\u00f3n de Nueva York, el estreno de &#8220;Wicked&#8221; no solo fue un evento teatral, sino una explosi\u00f3n de estilo y creatividad que captur\u00f3 la atenci\u00f3n de los amantes de la moda. Las estrellas del espect\u00e1culo y un elenco de celebridades se congregaron para celebrar esta adaptaci\u00f3n m\u00e1gica, demostrando que el arte y la moda a menudo se entrelazan en una danza espectacular.<\/p>\n<p>La alfombra roja fue el escenario perfecto para ver una sinfon\u00eda de atuendos que reflejaban tanto la personalidad de los asistentes como el esp\u00edritu del espect\u00e1culo. Desde cl\u00e1sicos elegantes hasta ensembles vanguardistas, cada elecci\u00f3n de vestuario hablaba de la individualidad y del talento de quienes las portaban. El color verde, en homenaje a la emblem\u00e1tica bruja de Oz, predomin\u00f3 en muchas de las elecciones de estilo, simbolizando tanto el poder como la transgresi\u00f3n.<\/p>\n<p>Entre las figuras destacadas, las actrices brillaron con prendas de alta costura que combinaban detalles \u00fanicos y cortes audaces. Los vestidos, elaborados con tejidos lujosos, exhibieron una paleta de colores rica y energ\u00e9tica, aludiendo a la magia del musical. Los complementos, meticulosamente seleccionados, terminaron de dar vida a cada look, resaltando la importancia de la atenci\u00f3n al detalle en el arte de la moda.<\/p>\n<p>Adem\u00e1s de los atuendos deslumbrantes, se observ\u00f3 una notable variedad de tendencias que capturan la imaginaci\u00f3n, desde la moda sostenible hasta colaboraciones de dise\u00f1o innovadoras. Las elecciones conscientes en vestuario reflejan un movimiento creciente hacia pr\u00e1cticas m\u00e1s responsables en la industria, un cambio notable que resuena con los valores contempor\u00e1neos de los asistentes.<\/p>\n<p>La interacci\u00f3n entre los invitados fue igualmente fascinante; las celebridades no solo posaron para las c\u00e1maras, sino que tambi\u00e9n compartieron risas y momentos genuinos. Este tipo de conexi\u00f3n transforma un simple evento en una experiencia memorable y resalta el papel de la moda como un medio de expresi\u00f3n art\u00edstica.<\/p>\n<p>Las redes sociales estallaron en elogios tras el evento. Los hashtags relacionados con el estreno se multiplicaron, y las im\u00e1genes de los looks ic\u00f3nicos circularon r\u00e1pidamente, convirtiendo a los asistentes en verdaderos \u00edconos de estilo instant\u00e1neo. La moda, en este contexto, m\u00e1s que un mero accesorio, se convirti\u00f3 en parte integral de la narrativa que rodea a &#8220;Wicked&#8221;.<\/p>\n<p>Este evento no solo destaca el renacimiento del estilo teatral en la cultura contempor\u00e1nea, sino que tambi\u00e9n demuestra la capacidad de la moda para contar historias m\u00e1s all\u00e1 de las pasarelas. Cada look fue un cap\u00edtulo en una historia de fantas\u00eda, desaf\u00edo y expresi\u00f3n personal, invitando al p\u00fablico a sumergirse en el estilo que rodea a esta aclamada producci\u00f3n.<\/p>\n<p>En resumen, el estreno de &#8220;Wicked&#8221; en Nueva York no fue solo una noche de entretenimiento; se erigi\u00f3 como una celebraci\u00f3n del talento, la moda y la magia que ambos mundos pueden conjurar juntos. Este encuentro de creatividad y estilo promete seguir inspirando y deslumbrando a quienes buscan no solo un espect\u00e1culo, sino una experiencia completa.<\/p>\n<p><em> &#8221; Fuentes www.vogue.com &#8221; <\/em><\/p>\n","protected":false},"excerpt":{"rendered":"<p>Un Paseo por la Moda y el Teatro: La Premiere de Wicked en Nueva York En el vibrante coraz\u00f3n de Nueva York, el estreno de &#8220;Wicked&#8221; no solo fue un evento teatral, sino una explosi\u00f3n de estilo y creatividad que captur\u00f3 la atenci\u00f3n de los amantes de la moda. Las estrellas del espect\u00e1culo y un [&hellip;]<\/p>\n","protected":false},"author":14,"featured_media":1075268,"comment_status":"open","ping_status":"closed","sticky":false,"template":"","format":"standard","meta":{"om_disable_all_campaigns":false,"jnews-multi-image_gallery":[],"jnews_single_post":[],"jnews_primary_category":[],"jnews_social_meta":[],"footnotes":""},"categories":[144872],"tags":[8352,198691,211967,225,257055,38005,10526,257054,434,203622,228045],"class_list":["post-1075267","post","type-post","status-publish","format-standard","has-post-thumbnail","hentry","category-fashion","tag-broadway","tag-elegance","tag-emerald-city","tag-entertainment","tag-for-good","tag-high-energy","tag-musical","tag-new-york-premiere","tag-theater","tag-vogue-parties","tag-wicked"],"_links":{"self":[{"href":"https:\/\/dimensionturistica.com\/es\/wp-json\/wp\/v2\/posts\/1075267","targetHints":{"allow":["GET"]}}],"collection":[{"href":"https:\/\/dimensionturistica.com\/es\/wp-json\/wp\/v2\/posts"}],"about":[{"href":"https:\/\/dimensionturistica.com\/es\/wp-json\/wp\/v2\/types\/post"}],"author":[{"embeddable":true,"href":"https:\/\/dimensionturistica.com\/es\/wp-json\/wp\/v2\/users\/14"}],"replies":[{"embeddable":true,"href":"https:\/\/dimensionturistica.com\/es\/wp-json\/wp\/v2\/comments?post=1075267"}],"version-history":[{"count":1,"href":"https:\/\/dimensionturistica.com\/es\/wp-json\/wp\/v2\/posts\/1075267\/revisions"}],"predecessor-version":[{"id":1075269,"href":"https:\/\/dimensionturistica.com\/es\/wp-json\/wp\/v2\/posts\/1075267\/revisions\/1075269"}],"wp:featuredmedia":[{"embeddable":true,"href":"https:\/\/dimensionturistica.com\/es\/wp-json\/wp\/v2\/media\/1075268"}],"wp:attachment":[{"href":"https:\/\/dimensionturistica.com\/es\/wp-json\/wp\/v2\/media?parent=1075267"}],"wp:term":[{"taxonomy":"category","embeddable":true,"href":"https:\/\/dimensionturistica.com\/es\/wp-json\/wp\/v2\/categories?post=1075267"},{"taxonomy":"post_tag","embeddable":true,"href":"https:\/\/dimensionturistica.com\/es\/wp-json\/wp\/v2\/tags?post=1075267"}],"curies":[{"name":"wp","href":"https:\/\/api.w.org\/{rel}","templated":true}]}}