{"id":1074840,"date":"2025-11-17T22:54:47","date_gmt":"2025-11-17T22:54:47","guid":{"rendered":"https:\/\/dimensionturistica.com\/es\/?p=1074840"},"modified":"2025-11-17T22:54:47","modified_gmt":"2025-11-17T22:54:47","slug":"la-secretaria-de-turismo-del-estado-de-nuevo-leon-firmo-un-memorandum-de-entendimiento-con-la-korea-tourism-organization-kto","status":"publish","type":"post","link":"https:\/\/dimensionturistica.com\/es\/la-secretaria-de-turismo-del-estado-de-nuevo-leon-firmo-un-memorandum-de-entendimiento-con-la-korea-tourism-organization-kto\/","title":{"rendered":"La Secretar\u00eda de Turismo del Estado de Nuevo Le\u00f3n firm\u00f3 un Memor\u00e1ndum de Entendimiento con la Korea Tourism Organization (KTO)"},"content":{"rendered":"\n<figure class=\"wp-block-gallery has-nested-images columns-default is-cropped wp-block-gallery-1 is-layout-flex wp-block-gallery-is-layout-flex\">\n<figure class=\"wp-block-image size-large\"><img decoding=\"async\" width=\"500\" height=\"401\" data-id=\"1074841\" src=\"https:\/\/dimensionturistica.com\/es\/wp-content\/uploads\/2025\/11\/1NUEVO.jpg\" alt=\"\" class=\"wp-image-1074841\" srcset=\"https:\/\/dimensionturistica.com\/es\/wp-content\/uploads\/2025\/11\/1NUEVO.jpg 500w, https:\/\/dimensionturistica.com\/es\/wp-content\/uploads\/2025\/11\/1NUEVO-300x241.jpg 300w\" sizes=\"(max-width: 500px) 100vw, 500px\" \/><\/figure>\n<\/figure>\n\n\n\n<p>Durante la \u201cNoche del Turismo de Corea\u201d, realizada en el Hotel Presidente InterContinental Mexico City, la Secretar\u00eda de Turismo de Nuevo Le\u00f3n formaliz\u00f3 una alianza estrat\u00e9gica con la Korea Tourism Organization (KTO) a trav\u00e9s de la firma de un Memor\u00e1ndum de Entendimiento (MOU) para fortalecer la cooperaci\u00f3n tur\u00edstica y promover nuevas oportunidades de colaboraci\u00f3n en los sectores m\u00e9dico, de bienestar y cultural.<\/p>\n\n\n\n<figure class=\"wp-block-gallery has-nested-images columns-default is-cropped wp-block-gallery-2 is-layout-flex wp-block-gallery-is-layout-flex\">\n<figure class=\"wp-block-image size-large\"><img decoding=\"async\" width=\"500\" height=\"333\" data-id=\"1074842\" src=\"https:\/\/dimensionturistica.com\/es\/wp-content\/uploads\/2025\/11\/3NYEVO.jpg\" alt=\"\" class=\"wp-image-1074842\" srcset=\"https:\/\/dimensionturistica.com\/es\/wp-content\/uploads\/2025\/11\/3NYEVO.jpg 500w, https:\/\/dimensionturistica.com\/es\/wp-content\/uploads\/2025\/11\/3NYEVO-300x200.jpg 300w\" sizes=\"(max-width: 500px) 100vw, 500px\" \/><\/figure>\n<\/figure>\n\n\n\n<p>El encuentro reuni\u00f3 a representantes del sector tur\u00edstico, m\u00e9dico, de bienestar, educativo y empresarial de M\u00e9xico y Corea, encabezados por Kim Jong-hoon, vicepresidente de la Korea Tourism Organization, y Sang-Hee Lee, c\u00f3nsul general de la Rep\u00fablica de Corea en M\u00e9xico.<\/p>\n\n\n\n<figure class=\"wp-block-gallery has-nested-images columns-default is-cropped wp-block-gallery-3 is-layout-flex wp-block-gallery-is-layout-flex\">\n<figure class=\"wp-block-image size-large\"><img decoding=\"async\" width=\"500\" height=\"333\" data-id=\"1074843\" src=\"https:\/\/dimensionturistica.com\/es\/wp-content\/uploads\/2025\/11\/4NUEVO.jpg\" alt=\"\" class=\"wp-image-1074843\" srcset=\"https:\/\/dimensionturistica.com\/es\/wp-content\/uploads\/2025\/11\/4NUEVO.jpg 500w, https:\/\/dimensionturistica.com\/es\/wp-content\/uploads\/2025\/11\/4NUEVO-300x200.jpg 300w\" sizes=\"(max-width: 500px) 100vw, 500px\" \/><\/figure>\n<\/figure>\n\n\n\n<p>La secretaria de Turismo de Nuevo Le\u00f3n, Maricarmen Mart\u00ednez Villarreal, destac\u00f3 que este acuerdo consolida la relaci\u00f3n de colaboraci\u00f3n entre el estado y Corea del Sur, basada en la innovaci\u00f3n, la hospitalidad y la apertura al intercambio cultural.<\/p>\n\n\n\n<p>\u201cEste acuerdo representa una oportunidad para seguir construyendo puentes entre Corea y Nuevo Le\u00f3n. A trav\u00e9s del turismo, la cultura y la cooperaci\u00f3n, podemos compartir valores, generar desarrollo y acercar a\u00fan m\u00e1s a nuestras comunidades\u201d, se\u00f1al\u00f3 Mart\u00ednez Villarreal.<\/p>\n\n\n\n<figure class=\"wp-block-gallery has-nested-images columns-default is-cropped wp-block-gallery-4 is-layout-flex wp-block-gallery-is-layout-flex\">\n<figure class=\"wp-block-image size-large\"><img decoding=\"async\" width=\"500\" height=\"333\" data-id=\"1074846\" src=\"https:\/\/dimensionturistica.com\/es\/wp-content\/uploads\/2025\/11\/7NUEVOLJPG.jpg\" alt=\"\" class=\"wp-image-1074846\" srcset=\"https:\/\/dimensionturistica.com\/es\/wp-content\/uploads\/2025\/11\/7NUEVOLJPG.jpg 500w, https:\/\/dimensionturistica.com\/es\/wp-content\/uploads\/2025\/11\/7NUEVOLJPG-300x200.jpg 300w\" sizes=\"(max-width: 500px) 100vw, 500px\" \/><\/figure>\n<\/figure>\n\n\n\n<p>La funcionaria agreg\u00f3 que la alianza se enmarca en la estrategia de internacionalizaci\u00f3n y conectividad de Nuevo Le\u00f3n, estado que impulsa un turismo sostenible y competitivo rumbo al Mundial 2026.<\/p>\n\n\n\n<figure class=\"wp-block-gallery has-nested-images columns-default is-cropped wp-block-gallery-5 is-layout-flex wp-block-gallery-is-layout-flex\">\n<figure class=\"wp-block-image size-large\"><img decoding=\"async\" width=\"500\" height=\"333\" data-id=\"1074848\" src=\"https:\/\/dimensionturistica.com\/es\/wp-content\/uploads\/2025\/11\/55NUEVO.jpg\" alt=\"\" class=\"wp-image-1074848\" srcset=\"https:\/\/dimensionturistica.com\/es\/wp-content\/uploads\/2025\/11\/55NUEVO.jpg 500w, https:\/\/dimensionturistica.com\/es\/wp-content\/uploads\/2025\/11\/55NUEVO-300x200.jpg 300w\" sizes=\"(max-width: 500px) 100vw, 500px\" \/><\/figure>\n<\/figure>\n\n\n\n<p>La \u201cNoche del Turismo de Corea\u201d cont\u00f3 con la participaci\u00f3n de m\u00e1s de 160 representantes de ambos pa\u00edses, incluyendo delegaciones diplom\u00e1ticas, empresariales y medios de comunicaci\u00f3n, adem\u00e1s de una presentaci\u00f3n cultural de artistas coreanos de K-pop como muestra del intercambio entre ambas naciones.<\/p>\n","protected":false},"excerpt":{"rendered":"<p>Durante la \u201cNoche del Turismo de Corea\u201d, realizada en el Hotel Presidente InterContinental Mexico City, la Secretar\u00eda de Turismo de Nuevo Le\u00f3n formaliz\u00f3 una alianza estrat\u00e9gica con la Korea Tourism Organization (KTO) a trav\u00e9s de la firma de un Memor\u00e1ndum de Entendimiento (MOU) para fortalecer la cooperaci\u00f3n tur\u00edstica y promover nuevas oportunidades de colaboraci\u00f3n en [&hellip;]<\/p>\n","protected":false},"author":1,"featured_media":0,"comment_status":"open","ping_status":"closed","sticky":false,"template":"","format":"standard","meta":{"om_disable_all_campaigns":false,"jnews-multi-image_gallery":[],"jnews_single_post":[],"jnews_primary_category":[],"jnews_social_meta":[],"footnotes":""},"categories":[39],"tags":[],"class_list":["post-1074840","post","type-post","status-publish","format-standard","hentry","category-viajes"],"_links":{"self":[{"href":"https:\/\/dimensionturistica.com\/es\/wp-json\/wp\/v2\/posts\/1074840","targetHints":{"allow":["GET"]}}],"collection":[{"href":"https:\/\/dimensionturistica.com\/es\/wp-json\/wp\/v2\/posts"}],"about":[{"href":"https:\/\/dimensionturistica.com\/es\/wp-json\/wp\/v2\/types\/post"}],"author":[{"embeddable":true,"href":"https:\/\/dimensionturistica.com\/es\/wp-json\/wp\/v2\/users\/1"}],"replies":[{"embeddable":true,"href":"https:\/\/dimensionturistica.com\/es\/wp-json\/wp\/v2\/comments?post=1074840"}],"version-history":[{"count":1,"href":"https:\/\/dimensionturistica.com\/es\/wp-json\/wp\/v2\/posts\/1074840\/revisions"}],"predecessor-version":[{"id":1074849,"href":"https:\/\/dimensionturistica.com\/es\/wp-json\/wp\/v2\/posts\/1074840\/revisions\/1074849"}],"wp:attachment":[{"href":"https:\/\/dimensionturistica.com\/es\/wp-json\/wp\/v2\/media?parent=1074840"}],"wp:term":[{"taxonomy":"category","embeddable":true,"href":"https:\/\/dimensionturistica.com\/es\/wp-json\/wp\/v2\/categories?post=1074840"},{"taxonomy":"post_tag","embeddable":true,"href":"https:\/\/dimensionturistica.com\/es\/wp-json\/wp\/v2\/tags?post=1074840"}],"curies":[{"name":"wp","href":"https:\/\/api.w.org\/{rel}","templated":true}]}}