{"id":1074789,"date":"2025-11-17T21:11:55","date_gmt":"2025-11-17T21:11:55","guid":{"rendered":"https:\/\/dimensionturistica.com\/es\/?p=1074789"},"modified":"2025-11-17T21:11:55","modified_gmt":"2025-11-17T21:11:55","slug":"espana-implementara-un-servicio-exclusivo-en-sus-puertos-los-cruceros-formaran-colas","status":"publish","type":"post","link":"https:\/\/dimensionturistica.com\/es\/espana-implementara-un-servicio-exclusivo-en-sus-puertos-los-cruceros-formaran-colas\/","title":{"rendered":"Espa\u00f1a implementar\u00e1 un servicio exclusivo en sus puertos: Los cruceros formar\u00e1n colas."},"content":{"rendered":"<h3>Puerto de A Coru\u00f1a: Un Faro de Innovaci\u00f3n en Movilidad Sostenible<\/h3>\n<p>A medida que el mundo se dirige hacia una mayor sostenibilidad, A Coru\u00f1a se erige como un modelo a seguir en la implementaci\u00f3n de soluciones de movilidad el\u00e9ctrica. Este puerto, estrat\u00e9gicamente ubicado en la costa noroeste de Espa\u00f1a, no solo es un antiguo centro comercial, sino que tambi\u00e9n se est\u00e1 reinventando como un innovador en el \u00e1mbito de la movilidad sostenible.<\/p>\n<p>La iniciativa de A Coru\u00f1a destaca la importancia de integrar la movilidad el\u00e9ctrica en el transporte mar\u00edtimo y terrestre. La llegada de una nueva flota de veh\u00edculos el\u00e9ctricos al puerto simboliza un gran paso hacia la reducci\u00f3n de la huella de carbono y el fomento de un futuro m\u00e1s verde. Estas decisiones no solo benefician al medio ambiente, sino que tambi\u00e9n mejoran la experiencia de los visitantes y trabajadores en la zona.<\/p>\n<p>Una de las propuestas m\u00e1s emocionantes es la instalaci\u00f3n de una red de puntos de carga para veh\u00edculos el\u00e9ctricos que servir\u00e1 tanto a turistas como a residentes. Imag\u00ednese paseando por un puerto vibrante y ecol\u00f3gico, donde los autobuses el\u00e9ctricos transportan a los viajeros de un punto a otro, dejando atr\u00e1s el ruido y la contaminaci\u00f3n del tr\u00e1fico convencional. Esta visi\u00f3n se est\u00e1 convirtiendo r\u00e1pidamente en una realidad, elevando la ciudad a otro nivel en t\u00e9rminos de innovaci\u00f3n tecnol\u00f3gica.<\/p>\n<p>Adem\u00e1s, A Coru\u00f1a est\u00e1 apostando por un modelo de turismo que respete y promueva el entorno natural. Al ofrecer rutas y actividades relacionadas con la movilidad el\u00e9ctrica, los visitantes pueden explorar la belleza costera y su rica cultura sin contribuir a la degradaci\u00f3n ambiental. Desde paseos en bicicletas el\u00e9ctricas hasta tours guiados en veh\u00edculos sostenibles, las opciones est\u00e1n dise\u00f1adas para enamorar a los turistas y residentes por igual.<\/p>\n<p>Este cambio en la movilidad tambi\u00e9n tiene un impacto econ\u00f3mico significativo. La inversi\u00f3n en infraestructura verde est\u00e1 creando nuevas oportunidades laborales en el sector de las energ\u00edas renovables y la tecnolog\u00eda. Esto no solo impulsar\u00e1 la econom\u00eda local, sino que tambi\u00e9n posicionar\u00e1 a A Coru\u00f1a como un destino tur\u00edstico de primer nivel, comprometido con la sostenibilidad.<\/p>\n<p>A medida que otras ciudades y puertos buscan seguir su ejemplo, A Coru\u00f1a se sostiene como un faro que muestra el camino hacia un futuro m\u00e1s limpio, eficiente y acogedor. Sin duda, la combinaci\u00f3n de innovaci\u00f3n y sostenibilidad en este lugar encantador ofrece un atractivo irresistible para los viajeros modernos que buscan experiencias aut\u00e9nticas y responsables.<\/p>\n<p>Si est\u00e1s buscando un destino donde la movilidad y la sostenibilidad se entrelazan de manera arm\u00f3nica, A Coru\u00f1a te espera con los brazos abiertos. Descubre sus encantos mientras contribuyes a un mundo m\u00e1s limpio y sostenible.<\/p>\n<p><em> &#8221; Fuentes www.ecoticias.com &#8221; <\/em><\/p>\n","protected":false},"excerpt":{"rendered":"<p>Puerto de A Coru\u00f1a: Un Faro de Innovaci\u00f3n en Movilidad Sostenible A medida que el mundo se dirige hacia una mayor sostenibilidad, A Coru\u00f1a se erige como un modelo a seguir en la implementaci\u00f3n de soluciones de movilidad el\u00e9ctrica. Este puerto, estrat\u00e9gicamente ubicado en la costa noroeste de Espa\u00f1a, no solo es un antiguo centro [&hellip;]<\/p>\n","protected":false},"author":4,"featured_media":1074790,"comment_status":"open","ping_status":"closed","sticky":false,"template":"","format":"standard","meta":{"om_disable_all_campaigns":false,"jnews-multi-image_gallery":[],"jnews_single_post":[],"jnews_primary_category":[],"jnews_social_meta":[],"footnotes":""},"categories":[41],"tags":[543,21327,770,87135,20732,1411,256913,653,544,1298],"class_list":["post-1074789","post","type-post","status-publish","format-standard","has-post-thumbnail","hentry","category-cruceros","tag-cruceros","tag-embarque","tag-espana","tag-filas","tag-muelles","tag-puerto","tag-servicio-unico","tag-transporte","tag-turismo","tag-viajeros"],"_links":{"self":[{"href":"https:\/\/dimensionturistica.com\/es\/wp-json\/wp\/v2\/posts\/1074789","targetHints":{"allow":["GET"]}}],"collection":[{"href":"https:\/\/dimensionturistica.com\/es\/wp-json\/wp\/v2\/posts"}],"about":[{"href":"https:\/\/dimensionturistica.com\/es\/wp-json\/wp\/v2\/types\/post"}],"author":[{"embeddable":true,"href":"https:\/\/dimensionturistica.com\/es\/wp-json\/wp\/v2\/users\/4"}],"replies":[{"embeddable":true,"href":"https:\/\/dimensionturistica.com\/es\/wp-json\/wp\/v2\/comments?post=1074789"}],"version-history":[{"count":1,"href":"https:\/\/dimensionturistica.com\/es\/wp-json\/wp\/v2\/posts\/1074789\/revisions"}],"predecessor-version":[{"id":1074791,"href":"https:\/\/dimensionturistica.com\/es\/wp-json\/wp\/v2\/posts\/1074789\/revisions\/1074791"}],"wp:featuredmedia":[{"embeddable":true,"href":"https:\/\/dimensionturistica.com\/es\/wp-json\/wp\/v2\/media\/1074790"}],"wp:attachment":[{"href":"https:\/\/dimensionturistica.com\/es\/wp-json\/wp\/v2\/media?parent=1074789"}],"wp:term":[{"taxonomy":"category","embeddable":true,"href":"https:\/\/dimensionturistica.com\/es\/wp-json\/wp\/v2\/categories?post=1074789"},{"taxonomy":"post_tag","embeddable":true,"href":"https:\/\/dimensionturistica.com\/es\/wp-json\/wp\/v2\/tags?post=1074789"}],"curies":[{"name":"wp","href":"https:\/\/api.w.org\/{rel}","templated":true}]}}